{"id":630191,"date":"2025-12-30T16:16:13","date_gmt":"2025-12-30T16:16:13","guid":{"rendered":"https:\/\/www.europesays.com\/fr\/630191\/"},"modified":"2025-12-30T16:16:13","modified_gmt":"2025-12-30T16:16:13","slug":"eurostar-annonce-une-reprise-progressive-du-trafic-dans-le-tunnel-sous-la-manche-mais-recommande-aux-passagers-de-reporter-leur-voyage","status":"publish","type":"post","link":"https:\/\/www.europesays.com\/fr\/630191\/","title":{"rendered":"Eurostar annonce une reprise progressive du trafic dans le tunnel sous la Manche, mais recommande aux passagers de reporter leur voyage"},"content":{"rendered":"<p>                      <img loading=\"lazy\" decoding=\"async\" src=\"https:\/\/www.europesays.com\/fr\/wp-content\/uploads\/2025\/12\/0db78e5_upload-1-jkeej78lzsys-000-397n2np.jpg\" alt=\"Un Eurostar \u00e0 la sortie du tunnel sous la Manche, \u00e0 Coquelles (Pas-de-Calais), le 4 avril 2025.\"   width=\"664\" height=\"443\"\/>    Un Eurostar \u00e0 la sortie du tunnel sous la Manche, \u00e0 Coquelles (Pas-de-Calais), le 4 avril 2025.  SAMEER AL-DOUMY\/AFP                            <\/p>\n<p class=\"article__paragraph  \">\u00ab\u00a0Le tunnel sous la Manche ayant partiellement rouvert, nous allons reprendre progressivement nos services\u00a0\u00bb, <a href=\"https:\/\/www.eurostar.com\/fr-fr\/infos-trafic\/perturbations\/49376\" target=\"_blank\" rel=\"noopener\" title=\"Nouvelle fen\u00eatre\">a fait savoir la compagnie sur son site internet mardi 30\u00a0d\u00e9cembre<\/a>, apr\u00e8s la suspension de la circulation de \u00ab\u00a0tous les trains entre Londres, Paris, Amsterdam et Bruxelles\u00a0\u00bb pendant plusieurs heures, \u00e0 la suite d\u2019un double incident technique survenu dans le tunnel sous la Manche qui concerne l\u2019exploitant de ce dernier.<\/p>\n<p class=\"article__paragraph  \">L\u2019exploitant du tunnel Getlink a de son c\u00f4t\u00e9 affirm\u00e9 que le service Le Shuttle, c\u2019est-\u00e0-dire ses trains qui transportent des v\u00e9hicules entre la France et le Royaume-Uni, lui aussi suspendu, \u00ab\u00a0a repris tr\u00e8s progressivement sur une voie un peu avant 15\u00a0heures\u00a0\u00bb, heure fran\u00e7aise. \u00ab\u00a0Il est assur\u00e9 de mani\u00e8re altern\u00e9e dans les deux sens avec des retards cons\u00e9quents\u00a0\u00bb.<\/p>\n<p class=\"article__paragraph  \">\u00ab\u00a0Il y a eu un incident mardi matin li\u00e9 \u00e0 un d\u00e9faut d\u2019alimentation \u00e9lectrique des trains sous le tunnel, n\u00e9cessitant une intervention technique actuellement en cours sur les c\u00e2bles\u00a0\u00bb, avait expliqu\u00e9 la porte-parole de Getlink.<\/p>\n<p>                      Echange gratuit de billet                      <\/p>\n<p class=\"article__paragraph  \">\u00ab\u00a0Le probl\u00e8me d\u2019alimentation \u00e9lectrique a\u00e9rienne persiste, et nous recommandons vivement \u00e0 tous nos passagers de reporter leur voyage \u00e0 une autre date\u00a0\u00bb, ajoute la compagnie de train sur son site. \u00ab\u00a0Veuillez ne pas vous rendre \u00e0 la gare si l\u2019annulation de votre train est confirm\u00e9e. Nous regrettons que les trains qui peuvent circuler soient soumis \u00e0 d\u2019importants retards et \u00e0 d\u2019\u00e9ventuelles annulations de derni\u00e8re minute\u00a0\u00bb, ajoute-t-elle, en demandant aux clients de regarder en temps r\u00e9el les derni\u00e8res informations.<\/p>\n<p class=\"article__paragraph  \">La compagnie avait pr\u00e9venu un peu plus t\u00f4t que la circulation de ses trains via le tunnel sous la Manche entre Londres et le continent \u00e9tait tr\u00e8s perturb\u00e9e et conseillait \u00e0 ses clients de reporter leur voyage, avant d\u2019annoncer l\u2019arr\u00eat total de la circulation pendant plusieurs heures. Eurostar propose aux clients affect\u00e9s d\u2019\u00e9changer gratuitement leur billet, ou d\u2019annuler leur r\u00e9servation contre un remboursement ou un bon d\u2019\u00e9change.<\/p>\n<p class=\"article__paragraph  \">Un nombre record de 19,5\u00a0millions de clients avaient voyag\u00e9 avec Eurostar l\u2019an dernier, soit 850\u00a0000 de plus qu\u2019en\u00a02023. Plusieurs entreprises ont annonc\u00e9 leur intention, ces derniers mois, d\u2019ouvrir des lignes concurrentes \u00e0 l\u2019Eurostar, aujourd\u2019hui seule entreprise \u00e0 transporter des passagers sur la ligne sous la Manche reliant Londres au continent. Le groupe britannique Virgin a obtenu en octobre l\u2019acc\u00e8s au tr\u00e8s convoit\u00e9 d\u00e9p\u00f4t londonien de Temple Mills, jusqu\u2019ici r\u00e9serv\u00e9 \u00e0 l\u2019Eurostar et indispensable pour lancer des liaisons concurrentes entre Londres et le continent.<\/p>\n<p>                                         Lire aussi |  Article r\u00e9serv\u00e9 \u00e0 nos abonn\u00e9s  <a href=\"https:\/\/www.lemonde.fr\/economie\/article\/2025\/06\/10\/eurostar-repond-a-l-arrivee-de-plusieurs-projets-concurrents-par-un-ambitieux-plan-de-croissance_6612005_3234.html\" class=\"js-article-read-also catcher--favoris__link\" data-premium=\"1\" id=\"article-title-3426240\" target=\"_blank\" rel=\"noopener\">Eurostar, qui va bient\u00f4t perdre son monopole pour relier Londres \u00e0 l\u2019Europe, r\u00e9pond par un ambitieux plan de croissance<\/a>    <\/p>\n<p>   Lire plus tard  <\/p>\n<p class=\"author__detail\">  Le Monde avec AFP  <\/p>\n<p>                <a href=\"https:\/\/www.lemonde.fr\/syndication\/\" class=\"reuse__content\" title=\"R\u00e9utiliser ce contenu\" target=\"_blank\" rel=\"noopener\">R\u00e9utiliser ce contenu<\/a>      <\/p>\n","protected":false},"excerpt":{"rendered":"Un Eurostar \u00e0 la sortie du tunnel sous la Manche, \u00e0 Coquelles (Pas-de-Calais), le 4 avril 2025. SAMEER&hellip;\n","protected":false},"author":2,"featured_media":630029,"comment_status":"","ping_status":"","sticky":false,"template":"","format":"standard","meta":{"footnotes":""},"categories":[1888],"tags":[1111,1928,11,1927,1777,674,1011,27,12,1926,626,1925,25],"class_list":{"0":"post-630191","1":"post","2":"type-post","3":"status-publish","4":"format-standard","5":"has-post-thumbnail","7":"category-paris","8":"tag-actu","9":"tag-actu-paris","10":"tag-actualites","11":"tag-actualites-paris","12":"tag-eu","13":"tag-europe","14":"tag-fr","15":"tag-france","16":"tag-news","17":"tag-news-paris","18":"tag-paris","19":"tag-paris-news","20":"tag-republique-francaise"},"share_on_mastodon":{"url":"https:\/\/pubeurope.com\/@fr\/115809418277844713","error":""},"_links":{"self":[{"href":"https:\/\/www.europesays.com\/fr\/wp-json\/wp\/v2\/posts\/630191","targetHints":{"allow":["GET"]}}],"collection":[{"href":"https:\/\/www.europesays.com\/fr\/wp-json\/wp\/v2\/posts"}],"about":[{"href":"https:\/\/www.europesays.com\/fr\/wp-json\/wp\/v2\/types\/post"}],"author":[{"embeddable":true,"href":"https:\/\/www.europesays.com\/fr\/wp-json\/wp\/v2\/users\/2"}],"replies":[{"embeddable":true,"href":"https:\/\/www.europesays.com\/fr\/wp-json\/wp\/v2\/comments?post=630191"}],"version-history":[{"count":0,"href":"https:\/\/www.europesays.com\/fr\/wp-json\/wp\/v2\/posts\/630191\/revisions"}],"wp:featuredmedia":[{"embeddable":true,"href":"https:\/\/www.europesays.com\/fr\/wp-json\/wp\/v2\/media\/630029"}],"wp:attachment":[{"href":"https:\/\/www.europesays.com\/fr\/wp-json\/wp\/v2\/media?parent=630191"}],"wp:term":[{"taxonomy":"category","embeddable":true,"href":"https:\/\/www.europesays.com\/fr\/wp-json\/wp\/v2\/categories?post=630191"},{"taxonomy":"post_tag","embeddable":true,"href":"https:\/\/www.europesays.com\/fr\/wp-json\/wp\/v2\/tags?post=630191"}],"curies":[{"name":"wp","href":"https:\/\/api.w.org\/{rel}","templated":true}]}}