{"id":630194,"date":"2025-12-30T16:18:14","date_gmt":"2025-12-30T16:18:14","guid":{"rendered":"https:\/\/www.europesays.com\/fr\/630194\/"},"modified":"2025-12-30T16:18:14","modified_gmt":"2025-12-30T16:18:14","slug":"du-street-art-a-la-defense-jusquen-juin-2026","status":"publish","type":"post","link":"https:\/\/www.europesays.com\/fr\/630194\/","title":{"rendered":"Du street art \u00e0 La D\u00e9fense jusqu&rsquo;en juin 2026"},"content":{"rendered":"\n<p style=\"font-weight: 400;\">Le plus grand mus\u00e9e \u00e9ph\u00e9m\u00e8re d&rsquo;art urbain en Europe fait vibrer le quartier d&rsquo;affaires parisien depuis juin 2025, et face au succ\u00e8s ph\u00e9nom\u00e9nal, l&rsquo;aventure continue ! <strong>Le Zoo Art Show prolonge son s\u00e9jour \u00e0 La D\u00e9fense jusqu&rsquo;au 28 juin 2026,<\/strong> offrant plusieurs mois suppl\u00e9mentaires pour explorer ce labyrinthe cr\u00e9atif de 4 000 m\u00b2, sans parler des soir\u00e9es.<\/p>\n<p style=\"font-weight: 400;\">Install\u00e9 dans l&rsquo;immeuble d\u00e9saffect\u00e9 de <strong>la Maison de La D\u00e9fense,<\/strong> \u00e0 quelques pas de la Grande Arche, ce projet titanesque r\u00e9unit les \u0153uvres de 500 artistes venus de 26 pays diff\u00e9rents. Une \u00e9quipe de seulement neuf personnes a r\u00e9ussi l&rsquo;exploit de transformer en \u00e0 peine dix semaines ces anciens bureaux aust\u00e8res en une \u0153uvre collective monumentale. Sur quatre niveaux, le parcours plonge les visiteurs dans 40 ans d&rsquo;\u00e9volution du street art, avec des interventions de l\u00e9gendes comme Banksy, JR, JonOne, Kaws, Vhils, Invader ou Futura 2000, mais aussi de figures essentielles de la sc\u00e8ne fran\u00e7aise comme Darco, Chanoir, Seth, Brusk ou Insane 51.<\/p>\n<p style=\"font-weight: 400;\">L&rsquo;immersion est totale. Le cinqui\u00e8me \u00e9tage, baptis\u00e9 <strong>\u00ab\u00a0Vandal Squat\u00a0\u00bb<\/strong>, recr\u00e9e l&rsquo;atmosph\u00e8re des squats underground des ann\u00e9es 80-90, berceau du mouvement graffiti. On descend ensuite dans le \u00ab\u00a0Street Art Maze\u00a0\u00bb, un d\u00e9dale color\u00e9 qui \u00e9voque l&rsquo;\u00e2ge d&rsquo;or des ann\u00e9es 2000 quand le street art a conquis le grand public. L'\u00a0\u00bbUrban Playground\u00a0\u00bb explore les installations multim\u00e9dias contemporaines, tandis que l'\u00a0\u00bbArt Show\u00a0\u00bb du premier niveau pr\u00e9sente une collection d&rsquo;\u0153uvres originales qui ont franchi les portes des institutions mus\u00e9ales, preuve que l&rsquo;art urbain s&rsquo;impose d\u00e9sormais comme un art majeur du XXIe si\u00e8cle.<\/p>\n<p style=\"font-weight: 400;\">Ce mus\u00e9e vivant ne se contente pas d&rsquo;exposer : il vibre au rythme d&rsquo;une programmation bouillonnante.<strong> Live paintings, DJ sets, performances, ateliers cr\u00e9atifs, r\u00e9sidences d&rsquo;artistes et m\u00eame des nocturnes sp\u00e9ciales <\/strong>transforment r\u00e9guli\u00e8rement les lieux en v\u00e9ritable hub de culture urbaine. Le Zoo Art Show propose aussi des visites \u00e0 la lampe torche pour une exp\u00e9rience urbex immersive dans la p\u00e9nombre, r\u00e9v\u00e9lant les \u0153uvres sous un jour totalement in\u00e9dit.<\/p>\n<p style=\"font-weight: 400;\">Accessible en m\u00e9tro ligne 1 ou RER A\/E (station Grande Arche &#8211; La D\u00e9fense), le mus\u00e9e ouvre ses portes les mercredis, week-ends, jours f\u00e9ri\u00e9s et vacances scolaires. Les tarifs d\u00e9marrent \u00e0 9 euros pour les 8-18 ans et 15 euros en plein tarif, avec des r\u00e9ductions pour les \u00e9tudiants et seniors. L&rsquo;entr\u00e9e est m\u00eame d\u00e9sormais disponible via le Pass Culture.\u00a0<\/p>\n","protected":false},"excerpt":{"rendered":"Le plus grand mus\u00e9e \u00e9ph\u00e9m\u00e8re d&rsquo;art urbain en Europe fait vibrer le quartier d&rsquo;affaires parisien depuis juin 2025,&hellip;\n","protected":false},"author":2,"featured_media":630195,"comment_status":"","ping_status":"","sticky":false,"template":"","format":"standard","meta":{"footnotes":""},"categories":[1888],"tags":[11,7190,251,12666,1777,674,1011,27,5150,1877,12,30283,626,7742,25,3686,7189,65499],"class_list":{"0":"post-630194","1":"post","2":"type-post","3":"status-publish","4":"format-standard","5":"has-post-thumbnail","7":"category-paris","8":"tag-actualites","9":"tag-banksy","10":"tag-culture","11":"tag-dj","12":"tag-eu","13":"tag-europe","14":"tag-fr","15":"tag-france","16":"tag-jr","17":"tag-la-defense","18":"tag-news","19":"tag-nocturnes","20":"tag-paris","21":"tag-prolongation","22":"tag-republique-francaise","23":"tag-sortie","24":"tag-street-art","25":"tag-zoo-art-show"},"share_on_mastodon":{"url":"https:\/\/pubeurope.com\/@fr\/115809426100341970","error":""},"_links":{"self":[{"href":"https:\/\/www.europesays.com\/fr\/wp-json\/wp\/v2\/posts\/630194","targetHints":{"allow":["GET"]}}],"collection":[{"href":"https:\/\/www.europesays.com\/fr\/wp-json\/wp\/v2\/posts"}],"about":[{"href":"https:\/\/www.europesays.com\/fr\/wp-json\/wp\/v2\/types\/post"}],"author":[{"embeddable":true,"href":"https:\/\/www.europesays.com\/fr\/wp-json\/wp\/v2\/users\/2"}],"replies":[{"embeddable":true,"href":"https:\/\/www.europesays.com\/fr\/wp-json\/wp\/v2\/comments?post=630194"}],"version-history":[{"count":0,"href":"https:\/\/www.europesays.com\/fr\/wp-json\/wp\/v2\/posts\/630194\/revisions"}],"wp:featuredmedia":[{"embeddable":true,"href":"https:\/\/www.europesays.com\/fr\/wp-json\/wp\/v2\/media\/630195"}],"wp:attachment":[{"href":"https:\/\/www.europesays.com\/fr\/wp-json\/wp\/v2\/media?parent=630194"}],"wp:term":[{"taxonomy":"category","embeddable":true,"href":"https:\/\/www.europesays.com\/fr\/wp-json\/wp\/v2\/categories?post=630194"},{"taxonomy":"post_tag","embeddable":true,"href":"https:\/\/www.europesays.com\/fr\/wp-json\/wp\/v2\/tags?post=630194"}],"curies":[{"name":"wp","href":"https:\/\/api.w.org\/{rel}","templated":true}]}}