{"id":63020,"date":"2025-04-29T23:54:10","date_gmt":"2025-04-29T23:54:10","guid":{"rendered":"https:\/\/www.europesays.com\/fr\/63020\/"},"modified":"2025-04-29T23:54:10","modified_gmt":"2025-04-29T23:54:10","slug":"previsions-du-mercredi-30-avril-2025","status":"publish","type":"post","link":"https:\/\/www.europesays.com\/fr\/63020\/","title":{"rendered":"pr\u00e9visions du mercredi 30 avril 2025"},"content":{"rendered":"<p>Aujourd&rsquo;hui, un grand soleil rayonnera sur Strasbourg. Les temp\u00e9ratures afficheront entre 10\u00b0C et 24\u00b0C. Le matin, on anticipe des valeurs d&rsquo;environ 17\u00b0C. Un vent de nord-est rafra\u00eechira l\u00e9g\u00e8rement l&rsquo;atmosph\u00e8re. Les temp\u00e9ratures vont grimper pendant l&rsquo;apr\u00e8s-midi de plusieurs degr\u00e9s. Les valeurs iront de 22 \u00e0 24\u00b0C. Il fera 17\u00b0C en moyenne le soir. Durant la nuit de mercredi \u00e0 jeudi, le ciel sera d\u00e9pourvu de nuages.<\/p>\n<p>Demain, les Strasbourgeois vont pouvoir profiter d&rsquo;un soleil radieux. L&rsquo;air ambiant va se r\u00e9chauffer avec une augmentation de quelques degr\u00e9s. Les valeurs s&rsquo;\u00e9chelonneront entre 11 et 25\u00b0C. Un vent de sud-est soufflera l\u00e9g\u00e8rement, avec 3 km\/h dans la matin\u00e9e. Les temp\u00e9ratures vont conna\u00eetre une hausse de plusieurs degr\u00e9s pendant l&rsquo;apr\u00e8s-midi. Les valeurs seront de 24\u00b0C au minimum et de 25\u00b0C au plus haut. Demain soir, le thermom\u00e8tre affichera 19\u00b0C en moyenne. Un l\u00e9ger vent d&rsquo;est sera ressenti par les habitants.<\/p>\n<p>Les jours qui suivent s&rsquo;annoncent identiques. Le temps sera ensoleill\u00e9 avec des temp\u00e9ratures avoisinant 20\u00b0C.<\/p>\n<p>Demain, nous c\u00e9l\u00e9brerons le travail en b\u00e9n\u00e9ficiant d&rsquo;un jour f\u00e9ri\u00e9. Pensez \u00e0 votre brin de muguet !<\/p>\n","protected":false},"excerpt":{"rendered":"Aujourd&rsquo;hui, un grand soleil rayonnera sur Strasbourg. Les temp\u00e9ratures afficheront entre 10\u00b0C et 24\u00b0C. Le matin, on anticipe&hellip;\n","protected":false},"author":2,"featured_media":63021,"comment_status":"","ping_status":"","sticky":false,"template":"","format":"standard","meta":{"footnotes":""},"categories":[2820],"tags":[1111,11,2389,2649,1777,674,1011,27,775,12,2119,25,640],"class_list":{"0":"post-63020","1":"post","2":"type-post","3":"status-publish","4":"format-standard","5":"has-post-thumbnail","7":"category-strasbourg","8":"tag-actu","9":"tag-actualites","10":"tag-alsace","11":"tag-bas-rhin","12":"tag-eu","13":"tag-europe","14":"tag-fr","15":"tag-france","16":"tag-grand-est","17":"tag-news","18":"tag-previsions-meteo","19":"tag-republique-francaise","20":"tag-strasbourg"},"share_on_mastodon":{"url":"https:\/\/pubeurope.com\/@fr\/114423953088861786","error":""},"_links":{"self":[{"href":"https:\/\/www.europesays.com\/fr\/wp-json\/wp\/v2\/posts\/63020","targetHints":{"allow":["GET"]}}],"collection":[{"href":"https:\/\/www.europesays.com\/fr\/wp-json\/wp\/v2\/posts"}],"about":[{"href":"https:\/\/www.europesays.com\/fr\/wp-json\/wp\/v2\/types\/post"}],"author":[{"embeddable":true,"href":"https:\/\/www.europesays.com\/fr\/wp-json\/wp\/v2\/users\/2"}],"replies":[{"embeddable":true,"href":"https:\/\/www.europesays.com\/fr\/wp-json\/wp\/v2\/comments?post=63020"}],"version-history":[{"count":0,"href":"https:\/\/www.europesays.com\/fr\/wp-json\/wp\/v2\/posts\/63020\/revisions"}],"wp:featuredmedia":[{"embeddable":true,"href":"https:\/\/www.europesays.com\/fr\/wp-json\/wp\/v2\/media\/63021"}],"wp:attachment":[{"href":"https:\/\/www.europesays.com\/fr\/wp-json\/wp\/v2\/media?parent=63020"}],"wp:term":[{"taxonomy":"category","embeddable":true,"href":"https:\/\/www.europesays.com\/fr\/wp-json\/wp\/v2\/categories?post=63020"},{"taxonomy":"post_tag","embeddable":true,"href":"https:\/\/www.europesays.com\/fr\/wp-json\/wp\/v2\/tags?post=63020"}],"curies":[{"name":"wp","href":"https:\/\/api.w.org\/{rel}","templated":true}]}}