{"id":630203,"date":"2025-12-30T16:23:22","date_gmt":"2025-12-30T16:23:22","guid":{"rendered":"https:\/\/www.europesays.com\/fr\/630203\/"},"modified":"2025-12-30T16:23:22","modified_gmt":"2025-12-30T16:23:22","slug":"eurostar-suspend-tous-ses-trains-vers-londres-a-la-veille-du-reveillon","status":"publish","type":"post","link":"https:\/\/www.europesays.com\/fr\/630203\/","title":{"rendered":"Eurostar suspend tous ses trains vers Londres \u00e0 la veille du r\u00e9veillon"},"content":{"rendered":"<p>La veille du Nouvel An risque de virer au cauchemar pour des milliers de voyageurs. Ce mardi 30 d\u00e9cembre, l\u2019op\u00e9rateur ferroviaire Eurostar a \u00e9t\u00e9 contraint de suspendre l\u2019int\u00e9gralit\u00e9 de ses liaisons entre le continent et la capitale britannique. Une d\u00e9cision radicale prise apr\u00e8s une s\u00e9rie d\u2019avaries techniques ayant paralys\u00e9 le tunnel sous la Manche en pleine p\u00e9riode de f\u00eates.<\/p>\n<p>L\u2019incident trouve son origine dans une double d\u00e9faillance : d\u2019abord un probl\u00e8me d\u2019alimentation \u00e9lectrique au sein de l\u2019infrastructure, puis l\u2019immobilisation d\u2019une navette Le Shuttle exploit\u00e9e par Getlink, le gestionnaire du tunnel. Cette conjonction malheureuse a rendu impossible toute circulation ferroviaire vers ou depuis Londres, bloquant les trains \u00e0 destination de Paris, Bruxelles et Amsterdam.<\/p>\n<p>La compagnie a rapidement enjoint les voyageurs \u00e0 ne pas se pr\u00e9senter en gare, sauf d\u00e9tention pr\u00e9alable d\u2019un titre de transport pour la journ\u00e9e. Les passagers concern\u00e9s se voient proposer un \u00e9change gratuit de leur billet ou un remboursement int\u00e9gral. Les informations d\u00e9taill\u00e9es sont disponibles sur la page d\u00e9di\u00e9e : <a href=\"https:\/\/www.eurostar.com\/fr-fr\/infos-trafic\/perturbations\/49376\" rel=\"noopener\" target=\"_blank\">https:\/\/www.eurostar.com\/fr-fr\/infos-trafic\/perturbations\/49376<\/a><\/p>\n<p>Une p\u00e9riode de pointe qui amplifie les d\u00e9sagr\u00e9ments<\/p>\n<p>Le timing ne pouvait gu\u00e8re \u00eatre plus d\u00e9favorable. La p\u00e9riode entre No\u00ebl et le jour de l\u2019An repr\u00e9sente traditionnellement l\u2019un des pics de fr\u00e9quentation pour les liaisons transmanche, avec des flux importants de touristes et de familles souhaitant passer les f\u00eates de part et d\u2019autre du Channel. Plusieurs trains affichaient d\u00e9j\u00e0 des retards sup\u00e9rieurs \u00e0 quatre heures avant l\u2019annonce de la suspension totale, tandis qu\u2019au moins six liaisons avaient \u00e9t\u00e9 purement annul\u00e9es d\u00e8s la matin\u00e9e.<\/p>\n<p>L\u2019an dernier, pr\u00e8s de 19,5 millions de passagers avaient emprunt\u00e9 le r\u00e9seau Eurostar, un record historique port\u00e9 notamment par l\u2019affluence des Jeux olympiques de Paris. La compagnie ambitionnait m\u00eame d\u2019atteindre les 30 millions de voyageurs annuels \u00e0 l\u2019horizon 2030, un objectif qui suppose une fiabilit\u00e9 sans faille du r\u00e9seau.<\/p>\n","protected":false},"excerpt":{"rendered":"La veille du Nouvel An risque de virer au cauchemar pour des milliers de voyageurs. Ce mardi 30&hellip;\n","protected":false},"author":2,"featured_media":630204,"comment_status":"","ping_status":"","sticky":false,"template":"","format":"standard","meta":{"footnotes":""},"categories":[1588],"tags":[11,1777,674,12,473,1853,1851,1850,1852],"class_list":{"0":"post-630203","1":"post","2":"type-post","3":"status-publish","4":"format-standard","5":"has-post-thumbnail","7":"category-royaume-uni","8":"tag-actualites","9":"tag-eu","10":"tag-europe","11":"tag-news","12":"tag-royaume-uni","13":"tag-royaume-uni-de-grande-bretagne-et-dirlande-du-nord","14":"tag-uk","15":"tag-united-kingdom","16":"tag-united-kingdom-of-great-britain-and-northern-ireland"},"share_on_mastodon":{"url":"https:\/\/pubeurope.com\/@fr\/115809445765758656","error":""},"_links":{"self":[{"href":"https:\/\/www.europesays.com\/fr\/wp-json\/wp\/v2\/posts\/630203","targetHints":{"allow":["GET"]}}],"collection":[{"href":"https:\/\/www.europesays.com\/fr\/wp-json\/wp\/v2\/posts"}],"about":[{"href":"https:\/\/www.europesays.com\/fr\/wp-json\/wp\/v2\/types\/post"}],"author":[{"embeddable":true,"href":"https:\/\/www.europesays.com\/fr\/wp-json\/wp\/v2\/users\/2"}],"replies":[{"embeddable":true,"href":"https:\/\/www.europesays.com\/fr\/wp-json\/wp\/v2\/comments?post=630203"}],"version-history":[{"count":0,"href":"https:\/\/www.europesays.com\/fr\/wp-json\/wp\/v2\/posts\/630203\/revisions"}],"wp:featuredmedia":[{"embeddable":true,"href":"https:\/\/www.europesays.com\/fr\/wp-json\/wp\/v2\/media\/630204"}],"wp:attachment":[{"href":"https:\/\/www.europesays.com\/fr\/wp-json\/wp\/v2\/media?parent=630203"}],"wp:term":[{"taxonomy":"category","embeddable":true,"href":"https:\/\/www.europesays.com\/fr\/wp-json\/wp\/v2\/categories?post=630203"},{"taxonomy":"post_tag","embeddable":true,"href":"https:\/\/www.europesays.com\/fr\/wp-json\/wp\/v2\/tags?post=630203"}],"curies":[{"name":"wp","href":"https:\/\/api.w.org\/{rel}","templated":true}]}}