{"id":630209,"date":"2025-12-30T16:26:11","date_gmt":"2025-12-30T16:26:11","guid":{"rendered":"https:\/\/www.europesays.com\/fr\/630209\/"},"modified":"2025-12-30T16:26:11","modified_gmt":"2025-12-30T16:26:11","slug":"refus-dobtemperer-a-noel-jai-eu-peur-de-tout-perdre-jai-panique-assure-lautomobiliste","status":"publish","type":"post","link":"https:\/\/www.europesays.com\/fr\/630209\/","title":{"rendered":"Refus d\u2019obtemp\u00e9rer \u00e0 No\u00ebl\u00a0: \u00ab\u00a0J\u2019ai eu peur de tout perdre, j\u2019ai paniqu\u00e9\u00a0\u00bb, assure l\u2019automobiliste"},"content":{"rendered":"<p>\n                                                                    l&rsquo;essentiel<br \/>\n                                                                L\u2019automobiliste sans permis qui a failli percuter de plein fouet une gendarme tarn-et-garonnaise \u00e0 No\u00ebl a comparu ce mardi 30\u00a0d\u00e9cembre 2025 devant le tribunal correctionnel de Montauban. Il a \u00e9t\u00e9 condamn\u00e9 \u00e0 18 mois de prison dont 12 de sursis probatoire pendant 2 ans.\n                            <\/p>\n<p>La voix chevrotante, Sean, 25 ans, se confond en excuses. Pourquoi a-t-il refus\u00e9 d\u2019obtemp\u00e9rer aux gendarmes du peloton mobile qui tentaient de le contr\u00f4ler, le 25\u00a0d\u00e9cembre, \u00e0 Bioule\u00a0? \u00ab\u00a0J\u2019ai paniqu\u00e9, je ne sais pas ce qui m\u2019a pris. J\u2019ai bien ralenti avant d\u2019acc\u00e9l\u00e9rer mais je vous assure que je ne l\u2019ai pas vue\u00a0\u00bb, sanglote-t-il, ce mardi 30\u00a0d\u00e9cembre, face au tribunal correctionnel de Montauban.<\/p>\n<p class=\"std-elt__inline\">\n        <strong>\u00c0 lire aussi :<\/strong><br \/>\n        <a href=\"https:\/\/www.ladepeche.fr\/2025\/12\/28\/arrete-apres-avoir-fonce-sur-une-gendarme-le-jour-de-noel-il-encourt-14-ans-demprisonnement-13134434.php\" target=\"_blank\" rel=\"noopener\">Arr\u00eat\u00e9 apr\u00e8s avoir fonc\u00e9 sur une gendarme le jour de No\u00ebl\u00a0: il encourt 14 ans d\u2019emprisonnement<\/a>\n    <\/p>\n<p>\u00ab\u00a0Je sortais de chez ma belle-famille et j\u2019ai voulu souhaiter la No\u00ebl \u00e0 mes proches. Je crois que j\u2019ai eu peur de tout perdre\u00a0\u00bb, poursuit celui qui circulait \u00e0 bord d\u2019une Peugeot 308, dont il n\u2019est pas le propri\u00e9taire, sans permis. Et qui risquait donc, tout au plus, d\u2019\u00eatre reconvoqu\u00e9 ult\u00e9rieurement par la justice. M\u00eame s\u2019il semble empreint de remords, ce discours, la gendarme qui a failli \u00eatre fauch\u00e9e dans la man\u0153uvre a bien du mal \u00e0 l\u2019entendre.<\/p>\n<p>\u00ab\u00a0Je n\u2019aurai plus jamais la m\u00eame appr\u00e9hension\u00a0\u00bb<\/p>\n<p>Droite comme un I, elle d\u00e9bite. \u00ab\u00a0J\u2019ai int\u00e9gr\u00e9 une unit\u00e9 de s\u00e9curit\u00e9 routi\u00e8re, je suis form\u00e9e pour \u00e7a. En une fraction de seconde, j\u2019ai vu arriver un v\u00e9hicule foncer droit sur moi. Mais je n\u2019ai pas sign\u00e9 pour risquer ma vie d\u00e8s que quelqu\u2019un veut se soustraire \u00e0 un contr\u00f4le routier. Cela fait un an que je suis gendarme mais qu\u2019est-ce qu\u2019il me serait arriv\u00e9 si mes coll\u00e8gues n\u2019avaient pas cri\u00e9 mon nom\u00a0?\u00a0\u00bb Son sang-froid est sid\u00e9rant. \u00ab\u00a0Pour moi aussi le 25, c\u2019est la f\u00eate. Mais mon conjoint \u00e9tant en Irak, quand je suis rentr\u00e9e ce soir-l\u00e0, j\u2019\u00e9tais seule. Et \u00e7\u2019a \u00e9t\u00e9 compliqu\u00e9\u2026 D\u00e9sormais, je n\u2019aurai plus jamais la m\u00eame appr\u00e9hension\u00a0\u00bb, observe la jeune militaire.<\/p>\n<p>Son avocate enfonce le clou. \u00ab\u00a0Le 25\u00a0d\u00e9cembre, tout le monde a envie d\u2019\u00eatre en famille. Mais les gendarmes sont pr\u00e9sents sur les routes pour que chacun puisse rentrer en toute s\u00e9curit\u00e9. Ce jour-l\u00e0, elle \u00e9tait parfaitement visible, elle a tout mis en \u0153uvre pour exercer son m\u00e9tier en toute s\u00e9curit\u00e9. Suite \u00e0 ces faits, c\u2019est l\u2019ensemble de sa carri\u00e8re qui sera affect\u00e9e. Les r\u00e9percussions psychologiques sont \u00e0 la fois imm\u00e9diates et \u00e0 venir\u00a0\u00bb, rel\u00e8ve Me Elodie Monnet.<\/p>\n<p>\u00ab\u00a0Ces conducteurs qui consid\u00e8rent que la vie est un jeu vid\u00e9o\u00a0\u00bb<\/p>\n<p>Ce n\u2019est pas la procureure Alice Gardair qui affirmera le contraire. \u00ab\u00a0Un espace de 30 \u00e0 50\u00a0cm. C\u2019est ce qui a fait la diff\u00e9rence entre une victime pr\u00e9sente aujourd\u2019hui et une infirme. Ou une table d\u2019autopsie. C\u2019est uniquement la chance, son professionnalisme et sa r\u00e9activit\u00e9 qui lui permettent d\u2019\u00eatre ici\u00a0\u00bb, analyse la repr\u00e9sentante du minist\u00e8re public. Selon elle, il y en a assez de tous \u00ab\u00a0ces conducteurs qui consid\u00e8rent que la vie est un jeu vid\u00e9o\u00a0\u00bb. \u00ab\u00a0Et quand on voit des gyrophares et un v\u00e9hicule s\u00e9rigraphi\u00e9, on appuie sur l\u2019acc\u00e9l\u00e9rateur et on tente sa chance\u00a0!\u00a0\u00bb<\/p>\n<p>Puis la procureure rappelle que Sean a, \u00e0 plusieurs reprises, ni\u00e9 sa responsabilit\u00e9 dans les faits qui lui sont reproch\u00e9s. \u00ab\u00a0Le refus d\u2019obtemp\u00e9rer s\u2019est produit vers 17\u00a0h\u00a015 et \u00e0 18\u00a0h\u00a014, il se filmait \u00e0 bord d\u2019une grosse cylindr\u00e9e sur une route d\u00e9partementale. Ce n\u2019est pas l\u2019attitude de quelqu\u2019un qui prend conscience qu\u2019il a fait quelque chose de grave\u00a0\u00bb, regrette Alice Gardair qui requiert notamment 18 mois de prison, dont 6 ferme et assortis d\u2019un mandat de d\u00e9p\u00f4t.<\/p>\n<p>En d\u00e9fense, Me Alexia Rossiqu\u00e9 encaisse. \u00ab\u00a0Il faut une peine qui le marque mais pas qui l\u2019emp\u00eache\u00a0\u00bb, insiste l\u2019avocate qui plaide pour un am\u00e9nagement de peine. Elle rappelle ainsi les garanties de son client, son contrat de travail en cours, les difficult\u00e9s rencontr\u00e9es lorsque son fils pr\u00e9matur\u00e9 est n\u00e9. Pour autant, sur son casier, une seule mention dat\u00e9e de 2023\u00a0: conduite sans permis et usage de stup\u00e9fiants. Cette seule infraction entra\u00eene donc l\u2019\u00e9tat de r\u00e9cidive l\u00e9gale retenu par le parquet. Peine encourue\u00a0: jusqu\u2019\u00e0 14 ans d\u2019emprisonnement.<\/p>\n<p>La cour de la pr\u00e9sidente Emmanuelle Yvert n\u2019est pas all\u00e9e jusque-l\u00e0. Sean est condamn\u00e9 \u00e0 18 mois de prison, dont 12 de sursis probatoire pendant 2 ans. La partie ferme pourra \u00eatre am\u00e9nag\u00e9e sous le r\u00e9gime de la d\u00e9tention \u00e9lectronique. Travail, soins, d\u00e9dommagement de la partie civile\u00a0: telles sont ses obligations pendant 2 ans. En outre, le jeune homme devra participer, \u00e0 ses frais, \u00e0 un stage de sensibilisation \u00e0 la s\u00e9curit\u00e9 routi\u00e8re. Enfin, il devra s\u2019acquitter de 1\u00a0500\u00a0\u20ac au titre du pr\u00e9judice moral de la gendarme et 600\u00a0\u20ac pour qu\u2019elle honore ses frais d\u2019avocat.<\/p>\n","protected":false},"excerpt":{"rendered":"l&rsquo;essentiel L\u2019automobiliste sans permis qui a failli percuter de plein fouet une gendarme tarn-et-garonnaise \u00e0 No\u00ebl a comparu&hellip;\n","protected":false},"author":2,"featured_media":630210,"comment_status":"","ping_status":"","sticky":false,"template":"","format":"standard","meta":{"footnotes":""},"categories":[1586],"tags":[11,73923,1777,674,1779,1011,27,329,303,12,25,36586,1778,364],"class_list":{"0":"post-630209","1":"post","2":"type-post","3":"status-publish","4":"format-standard","5":"has-post-thumbnail","7":"category-europe","8":"tag-actualites","9":"tag-bioule","10":"tag-eu","11":"tag-europe","12":"tag-european-union","13":"tag-fr","14":"tag-france","15":"tag-france-monde","16":"tag-justice","17":"tag-news","18":"tag-republique-francaise","19":"tag-tarn-et-garonne","20":"tag-ue","21":"tag-union-europeenne"},"share_on_mastodon":{"url":"https:\/\/pubeurope.com\/@fr\/115809457562734806","error":""},"_links":{"self":[{"href":"https:\/\/www.europesays.com\/fr\/wp-json\/wp\/v2\/posts\/630209","targetHints":{"allow":["GET"]}}],"collection":[{"href":"https:\/\/www.europesays.com\/fr\/wp-json\/wp\/v2\/posts"}],"about":[{"href":"https:\/\/www.europesays.com\/fr\/wp-json\/wp\/v2\/types\/post"}],"author":[{"embeddable":true,"href":"https:\/\/www.europesays.com\/fr\/wp-json\/wp\/v2\/users\/2"}],"replies":[{"embeddable":true,"href":"https:\/\/www.europesays.com\/fr\/wp-json\/wp\/v2\/comments?post=630209"}],"version-history":[{"count":0,"href":"https:\/\/www.europesays.com\/fr\/wp-json\/wp\/v2\/posts\/630209\/revisions"}],"wp:featuredmedia":[{"embeddable":true,"href":"https:\/\/www.europesays.com\/fr\/wp-json\/wp\/v2\/media\/630210"}],"wp:attachment":[{"href":"https:\/\/www.europesays.com\/fr\/wp-json\/wp\/v2\/media?parent=630209"}],"wp:term":[{"taxonomy":"category","embeddable":true,"href":"https:\/\/www.europesays.com\/fr\/wp-json\/wp\/v2\/categories?post=630209"},{"taxonomy":"post_tag","embeddable":true,"href":"https:\/\/www.europesays.com\/fr\/wp-json\/wp\/v2\/tags?post=630209"}],"curies":[{"name":"wp","href":"https:\/\/api.w.org\/{rel}","templated":true}]}}