{"id":630219,"date":"2025-12-30T16:33:10","date_gmt":"2025-12-30T16:33:10","guid":{"rendered":"https:\/\/www.europesays.com\/fr\/630219\/"},"modified":"2025-12-30T16:33:10","modified_gmt":"2025-12-30T16:33:10","slug":"atp-kafelnikov-categorique-sur-novak-djokovic-personne-ne-peut-vaincre-la-nature-a-39-ans-on-est-tout-simplement-trop-vieux-pour-rivaliser-avec-un-joueur-de-22-ans-au-sommet-de-sa-forme-physiqu","status":"publish","type":"post","link":"https:\/\/www.europesays.com\/fr\/630219\/","title":{"rendered":"ATP > Kafelnikov cat\u00e9gorique sur Novak Djokovic : \u00ab\u00a0Personne ne peut vaincre la nature. \u00c0 39 ans, on est tout simplement trop vieux pour rivaliser avec un joueur de 22 ans au sommet de sa forme physique\u00a0\u00bb"},"content":{"rendered":"<p>Invit\u00e9 \u00e0 se prononcer sur la possi\u00adbi\u00adlit\u00e9 de voir Novak Djokovic soulever un 25e troph\u00e9e du Grand Chelem en 2026, lors de sa derni\u00e8re inter\u00adview accord\u00e9e \u00e0 nos confr\u00e8res de <a href=\"https:\/\/www.claytenis.com\/entrevistas\/yevgeny-kafelnikov-alcaraz-ferrero-entrevista\/\" data-wpel-link=\"external\" target=\"_blank\" rel=\"nofollow external noopener\">Clay<\/a>, Ievgueni Kafelnikov s\u2019est montr\u00e9 tr\u00e8s pessimiste.\u00a0<\/p>\n<p><strong>\u00ab\u202fHonn\u00eatement, je doute qu\u2019il y parvienne (\u00e0 remporter un 25e Grand Chelem). C\u2019est sans aucun doute le meilleur joueur de tous les temps, mais riva\u00adliser avec ces jeunes\u2026 Novak n\u2019a m\u00eame plus 35 ans, il en a 39 (en mai). Croyez\u2010moi, le corps et le m\u00e9ta\u00adbo\u00adlisme ne te permettent pas de r\u00e9cu\u00adp\u00e9rer assez vite ni de bouger comme un jeune joueur. Personne ne peut vaincre la nature. Un joueur de 39 ans est tout simple\u00adment trop vieux pour riva\u00adliser avec un joueur de 22 ans au sommet de sa forme physique. Il peut conti\u00adnuer \u00e0 parti\u00adciper \u00e0 des tour\u00adnois au meilleur des trois sets, mais au meilleur des cinq\u2026 c\u2019est prati\u00adque\u00adment impossible.\u202f\u00bb<\/strong><\/p>\n<p class=\"post-published-date\" style=\"color: silver; font-size: 75%; text-align: left;\">Publi\u00e9 le mardi 30 d\u00e9cembre 2025 \u00e0 14:44<\/p>\n","protected":false},"excerpt":{"rendered":"Invit\u00e9 \u00e0 se prononcer sur la possi\u00adbi\u00adlit\u00e9 de voir Novak Djokovic soulever un 25e troph\u00e9e du Grand Chelem&hellip;\n","protected":false},"author":2,"featured_media":244943,"comment_status":"","ping_status":"","sticky":false,"template":"","format":"standard","meta":{"footnotes":""},"categories":[1415],"tags":[105,1011,27,60,1467],"class_list":{"0":"post-630219","1":"post","2":"type-post","3":"status-publish","4":"format-standard","5":"has-post-thumbnail","7":"category-tennis","8":"tag-djokovic","9":"tag-fr","10":"tag-france","11":"tag-sports","12":"tag-tennis"},"share_on_mastodon":{"url":"https:\/\/pubeurope.com\/@fr\/115809484963165038","error":""},"_links":{"self":[{"href":"https:\/\/www.europesays.com\/fr\/wp-json\/wp\/v2\/posts\/630219","targetHints":{"allow":["GET"]}}],"collection":[{"href":"https:\/\/www.europesays.com\/fr\/wp-json\/wp\/v2\/posts"}],"about":[{"href":"https:\/\/www.europesays.com\/fr\/wp-json\/wp\/v2\/types\/post"}],"author":[{"embeddable":true,"href":"https:\/\/www.europesays.com\/fr\/wp-json\/wp\/v2\/users\/2"}],"replies":[{"embeddable":true,"href":"https:\/\/www.europesays.com\/fr\/wp-json\/wp\/v2\/comments?post=630219"}],"version-history":[{"count":0,"href":"https:\/\/www.europesays.com\/fr\/wp-json\/wp\/v2\/posts\/630219\/revisions"}],"wp:featuredmedia":[{"embeddable":true,"href":"https:\/\/www.europesays.com\/fr\/wp-json\/wp\/v2\/media\/244943"}],"wp:attachment":[{"href":"https:\/\/www.europesays.com\/fr\/wp-json\/wp\/v2\/media?parent=630219"}],"wp:term":[{"taxonomy":"category","embeddable":true,"href":"https:\/\/www.europesays.com\/fr\/wp-json\/wp\/v2\/categories?post=630219"},{"taxonomy":"post_tag","embeddable":true,"href":"https:\/\/www.europesays.com\/fr\/wp-json\/wp\/v2\/tags?post=630219"}],"curies":[{"name":"wp","href":"https:\/\/api.w.org\/{rel}","templated":true}]}}