{"id":630222,"date":"2025-12-30T16:38:13","date_gmt":"2025-12-30T16:38:13","guid":{"rendered":"https:\/\/www.europesays.com\/fr\/630222\/"},"modified":"2025-12-30T16:38:13","modified_gmt":"2025-12-30T16:38:13","slug":"le-plan-du-psg-pour-arracher-mastantuono-au-real-madrid","status":"publish","type":"post","link":"https:\/\/www.europesays.com\/fr\/630222\/","title":{"rendered":"le plan du PSG pour arracher Mastantuono au Real Madrid"},"content":{"rendered":"<p><strong>Le Paris Saint-Germain n\u2019a pas oubli\u00e9 le nom de Franco Mastantuono. Malgr\u00e9 le choix du prodige argentin de rejoindre le Real Madrid l\u2019\u00e9t\u00e9 dernier, Paris estime que la porte peut se rouvrir\u2026 et compte sur le faible temps de jeu du milieu offensif pour s\u2019engouffrer dans la br\u00e8che.<\/strong><\/p>\n<p>Selon la presse espagnole (Defensa Central), <a href=\"https:\/\/www.austade.fr\/football\/psg-la-direction-en-attend-toujours-plus-de-luis-enrique\/\" target=\"_blank\" rel=\"noopener\">Luis Enrique<\/a> a r\u00e9clam\u00e9 le dossier et le <a href=\"https:\/\/www.austade.fr\/football\/psg-le-meilleur-club-du-monde-et-ce-nest-pas-que-paris-qui-le-dit\/\" target=\"_blank\" rel=\"noopener\">PSG<\/a> est \u00ab dispos\u00e9 \u00e0 donner une autre chance \u00bb \u00e0 Mastantuono apr\u00e8s le \u00ab plantage \u00bb subi cet \u00e9t\u00e9, lorsque le joueur a pr\u00e9f\u00e9r\u00e9 les Merengue. Les dirigeants parisiens suivent de pr\u00e8s sa situation \u00e0 Madrid, o\u00f9, revenu de blessure (pubalgie), <strong>le gaucher encha\u00eene les convocations mais demeure utilis\u00e9 avec parcimonie par <a href=\"https:\/\/www.austade.fr\/football\/real-madrid-peu-importe-ses-resultats-xabi-alonso-est-deja-mort-dans-le-film\/\" target=\"_blank\" rel=\"noopener\">Xabi Alonso<\/a><\/strong>. Paris y voit une fen\u00eatre d\u2019opportunit\u00e9, convaincu du potentiel entrevu \u00e0 River Plate et de la valeur \u00e0 long terme du joueur de 17 ans.<\/p>\n<p>Le plan parisien face au verrou madril\u00e8ne<\/p>\n<p><strong>C\u00f4t\u00e9 PSG, le plan est clair : patienter et profiter d\u2019une \u00e9ventuelle frustration sportive si le temps de jeu reste limit\u00e9.<\/strong> Luis Enrique consid\u00e8re Mastantuono comme \u00ab tr\u00e8s int\u00e9ressant \u00bb pour son projet et serait pr\u00eat \u00e0 bondir au moindre signe d\u2019ouverture. Le club de la capitale est m\u00eame pr\u00eat \u00e0 \u00ab pardonner \u00bb l\u2019affront de l\u2019\u00e9t\u00e9 dernier, tant le profil est jug\u00e9 strat\u00e9gique pour renforcer la cr\u00e9ativit\u00e9 entre les lignes.<\/p>\n<p>Probl\u00e8me : le Real Madrid ne veut rien savoir. Toujours d\u2019apr\u00e8s les informations relay\u00e9es en Espagne, <strong>la Casa Blanca a ferm\u00e9 la porte \u00e0 toute sortie hivernale, balayant notamment les rumeurs d\u2019un pr\u00eat<\/strong>. En interne, on ne d\u00e9c\u00e8le ni malaise avec le joueur ni volont\u00e9 de l\u2019exposer ailleurs, et on compte g\u00e9rer sa mont\u00e9e en puissance \u00e0 Valdebebas.<\/p>\n<p>Signe suppl\u00e9mentaire de fermet\u00e9 : <strong>si, un jour, une op\u00e9ration devait \u00eatre \u00e9tudi\u00e9e, elle ne se ferait \u00ab avec n\u2019importe quel club sauf le PSG \u00bb selon la presse espagnole<\/strong>, dans une logique de rivalit\u00e9 et de protection d\u2019actifs contre un concurrent direct sur la sc\u00e8ne europ\u00e9enne. Autrement dit, Paris peut insister, mais Madrid tient le manche \u2013 pour l\u2019instant.<\/p>\n","protected":false},"excerpt":{"rendered":"Le Paris Saint-Germain n\u2019a pas oubli\u00e9 le nom de Franco Mastantuono. Malgr\u00e9 le choix du prodige argentin de&hellip;\n","protected":false},"author":2,"featured_media":630223,"comment_status":"","ping_status":"","sticky":false,"template":"","format":"standard","meta":{"footnotes":""},"categories":[1410],"tags":[63,1011,27,73924,1434,12,91,93,4790,60],"class_list":{"0":"post-630222","1":"post","2":"type-post","3":"status-publish","4":"format-standard","5":"has-post-thumbnail","7":"category-football","8":"tag-football","9":"tag-fr","10":"tag-france","11":"tag-franco-mastantuono","12":"tag-mercato","13":"tag-news","14":"tag-paris-saint-germain","15":"tag-psg","16":"tag-real-madrid","17":"tag-sports"},"share_on_mastodon":{"url":"https:\/\/pubeurope.com\/@fr\/115809504741551132","error":""},"_links":{"self":[{"href":"https:\/\/www.europesays.com\/fr\/wp-json\/wp\/v2\/posts\/630222","targetHints":{"allow":["GET"]}}],"collection":[{"href":"https:\/\/www.europesays.com\/fr\/wp-json\/wp\/v2\/posts"}],"about":[{"href":"https:\/\/www.europesays.com\/fr\/wp-json\/wp\/v2\/types\/post"}],"author":[{"embeddable":true,"href":"https:\/\/www.europesays.com\/fr\/wp-json\/wp\/v2\/users\/2"}],"replies":[{"embeddable":true,"href":"https:\/\/www.europesays.com\/fr\/wp-json\/wp\/v2\/comments?post=630222"}],"version-history":[{"count":0,"href":"https:\/\/www.europesays.com\/fr\/wp-json\/wp\/v2\/posts\/630222\/revisions"}],"wp:featuredmedia":[{"embeddable":true,"href":"https:\/\/www.europesays.com\/fr\/wp-json\/wp\/v2\/media\/630223"}],"wp:attachment":[{"href":"https:\/\/www.europesays.com\/fr\/wp-json\/wp\/v2\/media?parent=630222"}],"wp:term":[{"taxonomy":"category","embeddable":true,"href":"https:\/\/www.europesays.com\/fr\/wp-json\/wp\/v2\/categories?post=630222"},{"taxonomy":"post_tag","embeddable":true,"href":"https:\/\/www.europesays.com\/fr\/wp-json\/wp\/v2\/tags?post=630222"}],"curies":[{"name":"wp","href":"https:\/\/api.w.org\/{rel}","templated":true}]}}