{"id":630228,"date":"2025-12-30T16:42:12","date_gmt":"2025-12-30T16:42:12","guid":{"rendered":"https:\/\/www.europesays.com\/fr\/630228\/"},"modified":"2025-12-30T16:42:12","modified_gmt":"2025-12-30T16:42:12","slug":"nouvelle-vie-pour-matthieu-maries-au-premier-regard-six-mois-apres-la-fin-de-son-histoire-avec-laure-un-changement-aussi-pour-leurs-filles","status":"publish","type":"post","link":"https:\/\/www.europesays.com\/fr\/630228\/","title":{"rendered":"Nouvelle vie pour Matthieu (Mari\u00e9s au premier regard) six mois apr\u00e8s la fin de son histoire avec Laure, un changement aussi pour leurs filles"},"content":{"rendered":"<p>                <img loading=\"lazy\" decoding=\"async\" src=\"https:\/\/www.europesays.com\/fr\/wp-content\/uploads\/2025\/04\/144-64f8c016610ee-35x35-1.jpg\" class=\"author-article-picture\" width=\"35\" height=\"35\"\/><\/p>\n<p>                    Par<\/p>\n<p>                                            <a class=\"author-article-bio-link\" href=\"https:\/\/www.purepeople.com\/auteur\/louise-martin_a144\" target=\"_blank\" rel=\"noopener\">Louise Martin<\/a><\/p>\n<p>                    |<\/p>\n<p>                                            R\u00e9dactrice<\/p>\n<p>\n                Koh Lanta, Les Marseillais mais aussi Mari\u00e9s au Premier regards\u2026 Louise Martin est une t\u00e9l\u00e9vore qui essaye, \u00e0 ses heures perdues, de refaire les g\u00e2teaux qu\u2019elle admire devant le Meilleur P\u00e2tissier\u2026 mais elle ne risque pas de gagner le tablier bleu ! Les r\u00e9seaux sociaux n\u2019ont pas de secret pour elle, les derniers scoops, les derni\u00e8res \u00e9missions, elle les conna\u00eet tous.\n            <\/p>\n<p>\n    C&rsquo;est l&rsquo;une des ruptures qui a marqu\u00e9 l&rsquo;\u00e9t\u00e9 2025 ! En juin dernier, Laure et Matthieu de l&rsquo;\u00e9mission \u00ab\u00a0Mari\u00e9s au premier regard\u00a0\u00bb sur M6 se s\u00e9paraient apr\u00e8s quatre ans d&rsquo;amour. Six mois apr\u00e8s cette annonce, Matthieu confirme sa volont\u00e9 d&rsquo;aller de l&rsquo;avant en partageant une grande nouvelle avec ses fans.\n<\/p>\n<p>                            <img loading=\"lazy\" decoding=\"async\" class=\"player-thumbnail\" src=\"https:\/\/www.europesays.com\/fr\/wp-content\/uploads\/2025\/12\/836809fdb9cf4ac9-580x326-2.jpg\" width=\"580\" height=\"326\"\/><\/p>\n<p>                            Nouvelle vie pour Matthieu (Mari\u00e9s au premier regard) six mois apr\u00e8s la fin de son histoire avec Laure, un changement aussi pour leurs filles<\/p>\n<p>La suite apr\u00e8s la publicit\u00e9<\/p>\n<p>L&rsquo;ann\u00e9e 2025 a \u00e9t\u00e9 tr\u00e8s mouvement\u00e9e pour Laure Larrory et Matthieu Vieira. En juin,<a href=\"https:\/\/www.purepeople.com\/article\/maries-au-premier-regard-2021-le-mariage-de-matthieu-et-laure-compromis-a-cause-de-proches_a427493\/1\" target=\"_blank\" rel=\"noopener\"> le couple qui s&rsquo;\u00e9tait dit oui<\/a> dans l&rsquo;\u00e9mission Mari\u00e9s au premier regard <a href=\"https:\/\/www.purepeople.com\/article\/cest-la-rupture-pour-laure-maries-au-premier-regard-et-matthieu-parents-de-lya-et-rose-la-decision-ne-mappartient-pas-entierement_a538796\/1\" target=\"_blank\" rel=\"noopener\">a finalement rompu apr\u00e8s quatre ans d&rsquo;amour<\/a><strong>. <\/strong>Alors qu&rsquo;il appr\u00e9hendait de rechercher un nouveau logement, <a href=\"https:\/\/www.purepeople.com\/article\/je-ne-pensais-pas-que-ca-allait-se-faire-aussi-rapidement-3-mois-apres-lannonce-de-sa-rupture-avec-laure-matthieu-maries-au-premier-regard-va-de-lavant_a541907\/1\" target=\"_blank\" rel=\"noopener\">Matthieu a rapidement trouv\u00e9 un appartement<\/a>, et ce, moins de trois mois apr\u00e8s sa rupture avec Laure. \u00c0 l&rsquo;\u00e9poque, il avait d\u00e9clar\u00e9 : \u00ab\u00a0C&rsquo;est inesp\u00e9r\u00e9. Je ne pensais pas que \u00e7a allait se faire aussi rapidement\u00a0\u00bb. Malheureusement, Matthieu a vite r\u00e9alis\u00e9 que <strong>la surface n&rsquo;\u00e9tait pas suffisante pour lui et ses deux filles<\/strong>, <a href=\"https:\/\/www.purepeople.com\/article\/laure-et-matthieu-maries-au-premier-regard-parents-photos-de-leur-fille-lya-qui-ressemble-a-son-papa_a467836\/1\" target=\"_blank\" rel=\"noopener\">Lya<\/a> (bient\u00f4t 4 ans) et Rose (1 an),<strong> <\/strong>n\u00e9es de son union avec Laure.<\/p>\n<p>Ce lundi 29 d\u00e9cembre, Matthieu Vieira a pris la parole pour f\u00eater de bonnes f\u00eates \u00e0 ses abonn\u00e9s Instagram. Le papa solo se sent chanceux d&rsquo;avoir pu passer No\u00ebl avec ses filles, m\u00eame si la s\u00e9paration est toujours compliqu\u00e9e \u00e0 vivre (il a la garde de ses filles une semaine sur deux) : \u00ab\u00a0On a pass\u00e9 une semaine qui \u00e9tait g\u00e9niale (&#8230;) Le premier soir sans les filles \u00e9tait difficile (&#8230;) Si je pouvais les voir tous les jours, je serai le plus heureux\u00a0\u00bb. Heureusement, <strong>Matthieu Vieira a une bonne nouvelle pour se changer les id\u00e9es !<\/strong><\/p>\n<p>Matthieu a trouv\u00e9 une nouvelle maison<\/p>\n<p>Dans cette m\u00eame story Instagram, Matthieu a partag\u00e9 une bonne nouvelle avec ses abonn\u00e9s : <strong>il s&rsquo;appr\u00eate \u00e0 d\u00e9m\u00e9nager ! <\/strong>Le jeune homme a d\u00e9clar\u00e9 \u00eatre impatient de tourner la page de 2025, et de se consacrer pleinement \u00e0 ses nouveaux projets : \u00ab\u00a0J&rsquo;ai trouv\u00e9 une maison. Les filles vont avoir chacune leur chambre et moi aussi !\u00a0\u00bb. Un changement de taille pour lui, qui dormait dans le bureau, et ses filles, qui partageaient la m\u00eame chambre. Ce n&rsquo;est pas tout, puisque l&rsquo;appartement qu&rsquo;il loue a de gros probl\u00e8mes d&rsquo;\u00e9tanch\u00e9it\u00e9 : \u00ab\u00a0J&rsquo;ai des infiltrations\u00a0\u00bb. Nul doute, pour Matthieu Vieira, \u00ab\u00a0<strong>l&rsquo;ann\u00e9e commence bien<\/strong>\u00ab\u00a0, comme il l&rsquo;a confi\u00e9 aux internautes.<\/p>\n<p>De son c\u00f4t\u00e9, Laure a fait une grande annonce concernant sa nouvelle vie : <a href=\"https:\/\/www.purepeople.com\/article\/jai-pris-une-decision-six-mois-apres-la-fin-de-son-histoire-avec-matthieu-laure-maries-au-premier-regard-souhaite-changer-de-vie_a545922\/1\" target=\"_blank\" rel=\"noopener\"><strong>elle envisage de quitter sa maison pour un logement plus petit<\/strong><\/a>. Ce samedi 27 d\u00e9cembre, l&rsquo;ex de Matthieu a confi\u00e9 : \u00ab\u00a0Je n&rsquo;ai les filles qu&rsquo;une semaine sur deux et la maison me co\u00fbte assez cher\u00a0\u00bb, avant d&rsquo;expliquer son choix : \u00ab\u00a0<strong>Je pr\u00e9f\u00e8re mettre l&rsquo;argent dans des vacances avec les filles<\/strong>, plusieurs fois par an, plut\u00f4t que dans le loyer de la maison qui m&rsquo;est utile une semaine sur deux.\u00a0\u00bb Deux points de vue diff\u00e9rents, donc.<\/p>\n","protected":false},"excerpt":{"rendered":"Par Louise Martin | R\u00e9dactrice Koh Lanta, Les Marseillais mais aussi Mari\u00e9s au Premier regards\u2026 Louise Martin est&hellip;\n","protected":false},"author":2,"featured_media":630229,"comment_status":"","ping_status":"","sticky":false,"template":"","format":"standard","meta":{"footnotes":""},"categories":[1356],"tags":[58,59,1011,27,252,1364],"class_list":{"0":"post-630228","1":"post","2":"type-post","3":"status-publish","4":"format-standard","5":"has-post-thumbnail","7":"category-television","8":"tag-divertissement","9":"tag-entertainment","10":"tag-fr","11":"tag-france","12":"tag-television","13":"tag-tv"},"share_on_mastodon":{"url":"https:\/\/pubeurope.com\/@fr\/115809520920970817","error":""},"_links":{"self":[{"href":"https:\/\/www.europesays.com\/fr\/wp-json\/wp\/v2\/posts\/630228","targetHints":{"allow":["GET"]}}],"collection":[{"href":"https:\/\/www.europesays.com\/fr\/wp-json\/wp\/v2\/posts"}],"about":[{"href":"https:\/\/www.europesays.com\/fr\/wp-json\/wp\/v2\/types\/post"}],"author":[{"embeddable":true,"href":"https:\/\/www.europesays.com\/fr\/wp-json\/wp\/v2\/users\/2"}],"replies":[{"embeddable":true,"href":"https:\/\/www.europesays.com\/fr\/wp-json\/wp\/v2\/comments?post=630228"}],"version-history":[{"count":0,"href":"https:\/\/www.europesays.com\/fr\/wp-json\/wp\/v2\/posts\/630228\/revisions"}],"wp:featuredmedia":[{"embeddable":true,"href":"https:\/\/www.europesays.com\/fr\/wp-json\/wp\/v2\/media\/630229"}],"wp:attachment":[{"href":"https:\/\/www.europesays.com\/fr\/wp-json\/wp\/v2\/media?parent=630228"}],"wp:term":[{"taxonomy":"category","embeddable":true,"href":"https:\/\/www.europesays.com\/fr\/wp-json\/wp\/v2\/categories?post=630228"},{"taxonomy":"post_tag","embeddable":true,"href":"https:\/\/www.europesays.com\/fr\/wp-json\/wp\/v2\/tags?post=630228"}],"curies":[{"name":"wp","href":"https:\/\/api.w.org\/{rel}","templated":true}]}}