{"id":630234,"date":"2025-12-30T16:45:13","date_gmt":"2025-12-30T16:45:13","guid":{"rendered":"https:\/\/www.europesays.com\/fr\/630234\/"},"modified":"2025-12-30T16:45:13","modified_gmt":"2025-12-30T16:45:13","slug":"on-ma-annonce-que-javais-un-cancer-rare-de-la-bouche-voici-les-3-symptomes-que-jai-eus-avant-detre-diagnostiquee","status":"publish","type":"post","link":"https:\/\/www.europesays.com\/fr\/630234\/","title":{"rendered":"\u201cOn m&rsquo;a annonc\u00e9 que j&rsquo;avais un cancer rare de la bouche, voici les 3 sympt\u00f4mes que j&rsquo;ai eus avant d&rsquo;\u00eatre diagnostiqu\u00e9e\u201d"},"content":{"rendered":"<p>Il est rare et tr\u00e8s agressif. Le<br \/>\n<strong>rhabdomyosarcome<\/strong>, un <a href=\"https:\/\/www.mariefrance.fr\/actualite\/societe\/cancer-cheveux-gris-seraient-signe-corps-lutte-maladie-scientifiques-1230509.html\" target=\"_blank\" rel=\"noopener\"><br \/>\ncancer<\/a> rare et agressif des tissus mous de la bouche, que l\u2019on<br \/>\nretrouve surtout chez les enfants et les adolescents. Il repr\u00e9sente<br \/>\n60 \u00e0 70% des cas de cancers sur cette tranche d\u2019\u00e2ge, pr\u00e9cise le<br \/>\nsite <a href=\"https:\/\/www.passeportsante.net\/fr\/Maux\/Problemes\/Fiche.aspx?doc=rhabdomyosarcome-diagnostic-traitement\" target=\"_blank\" rel=\"nofollow noopener\">Passeport<br \/>\nSant\u00e9<\/a>. Les gar\u00e7ons sont davantage concern\u00e9s que les filles<br \/>\npar la maladie. Or, pour Justine, <strong>tout a bascul\u00e9 \u00e0 l\u2019\u00e2ge de<br \/>\n25 ans.<\/strong><\/p>\n<p>Sur son compte TikTok, la jeune femme revient sur son parcours<br \/>\net son combat contre la maladie. Du diagnostique, au processus de<br \/>\nchimioth\u00e9rapie, en passant par la <a href=\"https:\/\/www.mariefrance.fr\/actualite\/jennifer-aniston-devoile-infertilite-685564.html\" target=\"_blank\" rel=\"noopener\"><br \/>\ncong\u00e9lation de son ovaire<\/a> jusqu\u2019aux sympt\u00f4mes li\u00e9s \u00e0 son cancer<br \/>\ndes tissus mous de la bouche. Face cam\u00e9ra, Justine fait de la<br \/>\npr\u00e9vention : \u201c<strong>Ne n\u00e9gligez aucun sympt\u00f4me !<\/strong> Une<br \/>\ndouleur ou une g\u00eane n\u2019est pas normale\u201d.<\/p>\n<p>Rhabdomyosarcome : Justine t\u00e9moigne des 3 sympt\u00f4mes qu\u2019elle a<br \/>\neus avant que les m\u00e9decins ne diagnostiquent un cancer des tissus<br \/>\nmous de la bouche<\/p>\n<p>\u201cA 25 ans, on m\u2019a annonc\u00e9 que j\u2019avais <strong>un cancer rare<br \/>\net agressif dans la bouche<\/strong> qui s\u2019appelle le<br \/>\nrhabdomyosarcome. C\u2019est un cancer du tissu mou et aujourd\u2019hui je<br \/>\nvais vous dire tous les sympt\u00f4mes que j\u2019ai pu avoir avant de<br \/>\nd\u00e9couvrir ce cancer\u201d, d\u00e9bute-t-elle, avant d\u2019expliquer ces 3<br \/>\nsympt\u00f4mes. \u201cLe premier sympt\u00f4me que j\u2019ai eu, c\u2019\u00e9tait <strong>la<br \/>\ndouleur aux dents<\/strong>. C\u2019est une douleur qui est arriv\u00e9e du<br \/>\njour au lendemain et j\u2019avais l\u2019impression que mes dents se<br \/>\nresserraient. C\u2019est pour \u00e7a qu\u2019au d\u00e9but, j\u2019ai pens\u00e9 aux dents de<br \/>\nsagesse parce que c\u2019\u00e9tait une douleur en continu\u201d.<\/p>\n<p>\u201cLe deuxi\u00e8me sympt\u00f4me que j\u2019ai eu \u00e7a a \u00e9t\u00e9 <strong>les<br \/>\nextinctions de voix \u00e0 r\u00e9p\u00e9tition<\/strong>. Il faut savoir que je ne<br \/>\nfume pas, je ne bois pas, je ne vais pas trop en bo\u00eete, du coup, je<br \/>\nne comprenais pas. J\u2019avais vraiment cette impression de devoir<br \/>\n\u00e9conomiser ma voix tout le temps pour ne pas me retrouver sans<br \/>\nvoix\u201d. Enfin, Justine \u00e9voque le troisi\u00e8me sympt\u00f4me, \u201cassez<br \/>\ncommun dans les cancers\u201d.<\/p>\n<blockquote class=\"tiktok-embed\" cite=\"https:\/\/www.tiktok.com\/@justine__ldr\/video\/7585508020772195606\" data-video-id=\"7585508020772195606\" style=\"max-width: 605px;min-width: 325px;\"><p>\n<a target=\"_blank\" href=\"https:\/\/www.tiktok.com\/@justine__ldr\/video\/7585508020772195606\" rel=\"noopener\"><img decoding=\"async\" src=\"https:\/\/www.tiktok.com\/img\/logo.png\" alt=\"TikTok Logo\"\/><\/a>\n<\/p><\/blockquote>\n<p>Justine, 25 ans, atteinte d&rsquo;un cancer<br \/>\ndes tissus mous dans la bouche : ce sympt\u00f4me qu&rsquo;elle a n\u00e9glig\u00e9<br \/>\navant de consulter un m\u00e9decin<\/p>\n<p>\u201cLe troisi\u00e8me sympt\u00f4me, c\u2019est tr\u00e8s impressionnant lorsqu\u2019on<br \/>\nl\u2019a : ce sont <strong>les sueurs nocturnes<\/strong>. J\u2019\u00e9tais<br \/>\nsujette aux sueurs nocturnes pendant 1 semaine (avant le<br \/>\ndiagnostique du cancer dans la bouche, ndlr)\u201d, explique la<br \/>\njeune femme. Justine pr\u00e9cise que ce dernier sympt\u00f4me elle l\u2019a<br \/>\nlongtemps n\u00e9glig\u00e9 : \u201cJe me trouvais des excuses. Je me disais<br \/>\nque mon corps a beaucoup de mal \u00e0 se remettre de l\u2019Asie (son<br \/>\nvoyage, ndlr). Alors que non, ce n\u2019\u00e9tait pas \u00e7a\u201d.<\/p>\n<p><img loading=\"lazy\" decoding=\"async\" aria-describedby=\"caption-attachment-1232305\" itemprop=\"thumbnailUrl\" class=\"size-full wp-image-1232305 img-responsive\" src=\"https:\/\/www.europesays.com\/fr\/wp-content\/uploads\/2025\/12\/justine-cancer-bouche.jpg\" alt=\"Justine, 25 ans : \u201cOn m'a annonc\u00e9 que j'avais un cancer rare de la bouche, voici les 3 sympt\u00f4mes que j'ai eus avant d'\u00eatre diagnostiqu\u00e9e\u201d\" width=\"1500\" height=\"844\"\/> \u00a9 TikTok\/justine__ldr<\/p>\n<p id=\"caption-attachment-1232305\" class=\"wp-caption-text\">Suite \u00e0<br \/>\nl&rsquo;annonce de son cancer des tissus mous dans la bouche, Justine<br \/>\nfait de la pr\u00e9vention sur les r\u00e9seaux sociaux.<\/p>\n<p>\u201cJe pr\u00e9cise \u00e9galement que je n\u2019avais aucun sympt\u00f4me de<br \/>\nfatigue ou d\u2019essoufflements. J\u2019avais toujours autant<br \/>\nd\u2019\u00e9nergie\u201d, confie Justine. Quant \u00e0 ses analyses de sang :<br \/>\n\u201celles \u00e9taient tout \u00e0 fait normales\u201d, pr\u00e9cise-t-elle.<br \/>\n\u201cC\u2019est vraiment cette douleur aux dents qui m\u2019a fait prendre<br \/>\nconscience que <strong>quelque chose n\u2019allait pas chez<br \/>\nmoi<\/strong>\u201d. Aujourd\u2019hui, Justine veut faire de la<br \/>\npr\u00e9vention et exhorte toutes les personnes \u00e0 \u00e9couter leur corps,<br \/>\nque cela paraisse anodin ou non.<\/p>\n<p><script async src=\"\/\/www.tiktok.com\/embed.js\"><\/script><\/p>\n","protected":false},"excerpt":{"rendered":"Il est rare et tr\u00e8s agressif. Le rhabdomyosarcome, un cancer rare et agressif des tissus mous de la&hellip;\n","protected":false},"author":2,"featured_media":630235,"comment_status":"","ping_status":"","sticky":false,"template":"","format":"standard","meta":{"footnotes":""},"categories":[10],"tags":[21303,1011,27,72,71],"class_list":{"0":"post-630234","1":"post","2":"type-post","3":"status-publish","4":"format-standard","5":"has-post-thumbnail","7":"category-sante","8":"tag-buzz_nonli","9":"tag-fr","10":"tag-france","11":"tag-health","12":"tag-sante"},"share_on_mastodon":{"url":"https:\/\/pubeurope.com\/@fr\/115809532326589753","error":""},"_links":{"self":[{"href":"https:\/\/www.europesays.com\/fr\/wp-json\/wp\/v2\/posts\/630234","targetHints":{"allow":["GET"]}}],"collection":[{"href":"https:\/\/www.europesays.com\/fr\/wp-json\/wp\/v2\/posts"}],"about":[{"href":"https:\/\/www.europesays.com\/fr\/wp-json\/wp\/v2\/types\/post"}],"author":[{"embeddable":true,"href":"https:\/\/www.europesays.com\/fr\/wp-json\/wp\/v2\/users\/2"}],"replies":[{"embeddable":true,"href":"https:\/\/www.europesays.com\/fr\/wp-json\/wp\/v2\/comments?post=630234"}],"version-history":[{"count":0,"href":"https:\/\/www.europesays.com\/fr\/wp-json\/wp\/v2\/posts\/630234\/revisions"}],"wp:featuredmedia":[{"embeddable":true,"href":"https:\/\/www.europesays.com\/fr\/wp-json\/wp\/v2\/media\/630235"}],"wp:attachment":[{"href":"https:\/\/www.europesays.com\/fr\/wp-json\/wp\/v2\/media?parent=630234"}],"wp:term":[{"taxonomy":"category","embeddable":true,"href":"https:\/\/www.europesays.com\/fr\/wp-json\/wp\/v2\/categories?post=630234"},{"taxonomy":"post_tag","embeddable":true,"href":"https:\/\/www.europesays.com\/fr\/wp-json\/wp\/v2\/tags?post=630234"}],"curies":[{"name":"wp","href":"https:\/\/api.w.org\/{rel}","templated":true}]}}