{"id":630238,"date":"2025-12-30T16:47:11","date_gmt":"2025-12-30T16:47:11","guid":{"rendered":"https:\/\/www.europesays.com\/fr\/630238\/"},"modified":"2025-12-30T16:47:11","modified_gmt":"2025-12-30T16:47:11","slug":"influenceuse-du-deuil-une-americaine-perd-sa-fille-un-an-apres-le-deces-dune-autre-enfant-et-subit-une-vague-de-critiques","status":"publish","type":"post","link":"https:\/\/www.europesays.com\/fr\/630238\/","title":{"rendered":"\u00ab\u00a0Influenceuse du deuil\u00a0\u00bb\u00a0: une Am\u00e9ricaine perd sa fille un an apr\u00e8s le d\u00e9c\u00e8s d\u2019une autre enfant et subit une vague de critiques"},"content":{"rendered":"<p class=\"paragraph text_align_left lp-f-body-02\">\u00ab Le matin de No\u00ebl, notre adorable Molly et sa grande s\u0153ur Abi ont \u00e9t\u00e9 r\u00e9unies \u00bb, a \u00e9crit Melissa Mae Carlton sur <a href=\"https:\/\/www.instagram.com\/p\/DSutMJaFIP9\/?img_index=1\" target=\"_self\" rel=\"noopener\">Instagram<\/a>. Cette <a href=\"https:\/\/www.leparisien.fr\/faits-divers\/une-influenceuse-americaine-en-parentalite-ecope-de-30-ans-de-prison-pour-avoir-maltraite-de-ses-enfants-21-02-2024-XA6WGR55CVGPTB2CXF3QQ7JUKI.php\" target=\"_self\" rel=\"noopener\">influenceuse am\u00e9ricaine<\/a> a annonc\u00e9 sur le r\u00e9seau social le 27 d\u00e9cembre la mort de sa fille Molly, le matin du 25 d\u00e9cembre. Un peu plus d\u2019un an auparavant, en avril 2024, c\u2019est une autre de ses filles, Abi, qui est d\u00e9c\u00e9d\u00e9e.<\/p>\n<p class=\"\">\u00ab Sa s\u0153ur manquait profond\u00e9ment \u00e0 Molly. Elle me demandait souvent Maman, quand est-ce que J\u00e9sus revient pour qu\u2019Abi puisse descendre ? Nous sommes d\u00e9vast\u00e9s. Incr\u00e9dules. D\u00e9sempar\u00e9s et sous le choc. Nous sommes \u00e9puis\u00e9s et boulevers\u00e9s apr\u00e8s une journ\u00e9e marqu\u00e9e par le traumatisme et le chagrin \u00bb, a poursuivi <a href=\"https:\/\/www.leparisien.fr\/essonne-91\/grigny-les-dames-des-cites-ces-meres-de-famille-formees-pour-prevenir-la-violence-dans-les-quartiers-19-12-2024-TOHMXJGD6BEELHMXG5FZFVHSRE.php\" target=\"_self\" rel=\"noopener\">la m\u00e8re de famille<\/a>, suivie par plus de 140 000 personnes sur Instagram.<\/p>\n<p>Une maladie g\u00e9n\u00e9tique ?<\/p>\n<p class=\"\">Melissa Mae Carlton et son mari Tom pensaient que Molly, victime d\u2019un <a href=\"https:\/\/www.leparisien.fr\/faits-divers\/ce-nest-pas-humain-de-vivre-sans-elle-le-combat-des-parents-demma-morte-a-12-ans-apres-une-course-dorientation-29-09-2025-SWEHRFI55JCGNLRAFK4W6VU7FA.php\" target=\"_self\" rel=\"noopener\">arr\u00eat cardiaque<\/a>, avait des chances d\u2019\u00eatre sauv\u00e9e : les secours sont arriv\u00e9s rapidement sur place et ont emmen\u00e9 la fillette \u00e0 l\u2019h\u00f4pital, situ\u00e9 \u00e0 seulement quinze minutes de leur domicile.<\/p>\n<p class=\"\">La m\u00e8re de famille a indiqu\u00e9 qu\u2019une maladie pourrait \u00eatre \u00e0 l\u2019origine de l\u2019arr\u00eat cardiaque de Molly. \u00ab Les m\u00e9decins pensent que Molly souffrait d\u2019une maladie cardiaque g\u00e9n\u00e9tique et soup\u00e7onnent qu\u2019Abi en souffrait \u00e9galement \u00bb, a expliqu\u00e9 Melissa Mae Carlton. Lors du d\u00e9c\u00e8s d\u2019Abi, une septic\u00e9mie avait \u00e9t\u00e9 \u00e9voqu\u00e9e pour justifier sa mort. Mais Melissa Mae Carlon a admis qu\u2019elle n\u2019avait \u00ab jamais \u00e9t\u00e9 satisfaite \u00bb des r\u00e9ponses qu\u2019elle avait obtenues des m\u00e9decins \u00e0 ce moment-l\u00e0. <\/p>\n<p class=\"lp-card-podcast-highlighting__title  lp-f-subtitle-05\">[2\/2] Vengeance et colis pi\u00e9g\u00e9\u00a0: le myst\u00e9rieux attentat de La\u00a0Baule<\/p>\n<p><a class=\"lp-card-podcast-highlighting__call-to-action\" data-page-type=\"HP\" data-block-name=\"podcast-highlight\">\u00c9couter<\/a><\/p>\n<p class=\"\">Les parents d\u2019Abi et Molly ont annonc\u00e9 avoir l\u2019intention de \u00ab proc\u00e9der \u00e0 des investigations g\u00e9n\u00e9tiques plus approfondies \u00bb<b> <\/b>prochainement.<\/p>\n<p>\u00ab J\u2019ai peur de ce que l\u2019avenir nous r\u00e9serve \u00bb<\/p>\n<p class=\"\">Melissa Mae Carlon esp\u00e8re que les nouvelles informations qu\u2019elle va r\u00e9colter pourront lui permettre de prot\u00e9ger son fils Harry, si cette malformation est bel et bien h\u00e9r\u00e9ditaire.<\/p>\n<p class=\"\">\u00ab J\u2019ai peur de ce que l\u2019avenir nous r\u00e9serve. J\u2019ai le c\u0153ur bris\u00e9 pour nos enfants. Hier soir, en larmes, Harry m\u2019a racont\u00e9 que lundi, au moment d\u2019embarquer pour l\u2019Arizona, Molly s\u2019est pench\u00e9e vers lui et lui a dit qu\u2019elle voulait \u00eatre avec Abi. Entre deux sanglots, il a dit : Elle a eu ce qu\u2019elle voulait. Je vous en prie, gardez notre famille dans vos pri\u00e8res tandis que nous essayons d\u2019avancer, un petit pas apr\u00e8s l\u2019autre \u00bb a-t-elle racont\u00e9.<\/p>\n<p>\u00ab La police devrait passer les voir \u00bb<\/p>\n<p class=\"\">L\u2019annonce de la mort de Molly a attir\u00e9 la curiosit\u00e9 de nombreux internautes, et a fait na\u00eetre de la suspicion chez certains, notamment sur TikTok. \u00ab Perdre deux enfants, c\u2019est louche \u00bb, \u00ab Je me pose des questions \u00bb, \u00ab Il y a quelque chose de pas net dans cette histoire \u00bb ou encore \u00ab La police devrait passer les voir \u00bb.<\/p>\n<p class=\"\">Selon un utilisateur \u00ab la m\u00e8re a lanc\u00e9 une carri\u00e8re d\u2019influenceuse du deuil, ce qui donne une autre dimension \u00e0 cette affaire \u00bb. Les appels \u00e0 enqu\u00eater sur la famille de Molly et d\u2019Abi se multiplient, sans aucun \u00e9l\u00e9ment concret n\u00e9anmoins. \u00c0 l\u2019inverse, plusieurs internautes ont estim\u00e9 que ces accusations pourraient ajouter \u00e0 la peine de la famille endeuill\u00e9e, qui esp\u00e9rait trouver du soutien sur les r\u00e9seaux sociaux.<\/p>\n<p><script async src=\"\/\/www.instagram.com\/embed.js\"><\/script><\/p>\n","protected":false},"excerpt":{"rendered":"\u00ab Le matin de No\u00ebl, notre adorable Molly et sa grande s\u0153ur Abi ont \u00e9t\u00e9 r\u00e9unies \u00bb, a&hellip;\n","protected":false},"author":2,"featured_media":630239,"comment_status":"","ping_status":"","sticky":false,"template":"","format":"standard","meta":{"footnotes":""},"categories":[8],"tags":[58,59,118,1011,27,14],"class_list":{"0":"post-630238","1":"post","2":"type-post","3":"status-publish","4":"format-standard","5":"has-post-thumbnail","7":"category-divertissement","8":"tag-divertissement","9":"tag-entertainment","10":"tag-faits-divers","11":"tag-fr","12":"tag-france","13":"tag-international"},"share_on_mastodon":{"url":"https:\/\/pubeurope.com\/@fr\/115809540195292924","error":""},"_links":{"self":[{"href":"https:\/\/www.europesays.com\/fr\/wp-json\/wp\/v2\/posts\/630238","targetHints":{"allow":["GET"]}}],"collection":[{"href":"https:\/\/www.europesays.com\/fr\/wp-json\/wp\/v2\/posts"}],"about":[{"href":"https:\/\/www.europesays.com\/fr\/wp-json\/wp\/v2\/types\/post"}],"author":[{"embeddable":true,"href":"https:\/\/www.europesays.com\/fr\/wp-json\/wp\/v2\/users\/2"}],"replies":[{"embeddable":true,"href":"https:\/\/www.europesays.com\/fr\/wp-json\/wp\/v2\/comments?post=630238"}],"version-history":[{"count":0,"href":"https:\/\/www.europesays.com\/fr\/wp-json\/wp\/v2\/posts\/630238\/revisions"}],"wp:featuredmedia":[{"embeddable":true,"href":"https:\/\/www.europesays.com\/fr\/wp-json\/wp\/v2\/media\/630239"}],"wp:attachment":[{"href":"https:\/\/www.europesays.com\/fr\/wp-json\/wp\/v2\/media?parent=630238"}],"wp:term":[{"taxonomy":"category","embeddable":true,"href":"https:\/\/www.europesays.com\/fr\/wp-json\/wp\/v2\/categories?post=630238"},{"taxonomy":"post_tag","embeddable":true,"href":"https:\/\/www.europesays.com\/fr\/wp-json\/wp\/v2\/tags?post=630238"}],"curies":[{"name":"wp","href":"https:\/\/api.w.org\/{rel}","templated":true}]}}