{"id":630242,"date":"2025-12-30T16:49:11","date_gmt":"2025-12-30T16:49:11","guid":{"rendered":"https:\/\/www.europesays.com\/fr\/630242\/"},"modified":"2025-12-30T16:49:11","modified_gmt":"2025-12-30T16:49:11","slug":"ces-tendances-a-adopter-durgence-si-vous-ne-voulez-pas-que-la-votre-paraisse-deja-datee","status":"publish","type":"post","link":"https:\/\/www.europesays.com\/fr\/630242\/","title":{"rendered":"ces tendances \u00e0 adopter d&rsquo;urgence si vous ne voulez pas que la v\u00f4tre paraisse d\u00e9j\u00e0 dat\u00e9e"},"content":{"rendered":"<p>En 2026, la salle de bain n\u00a0\u00bbest plus seulement le lieu o\u00f9 l&rsquo;on<br \/>\nse pr\u00e9pare le matin. Elle devient une pi\u00e8ce \u00e0 part enti\u00e8re, d\u00e9di\u00e9e<br \/>\nau repos, avec des mati\u00e8res chaleureuses, une lumi\u00e8re \u00e9tudi\u00e9e et<br \/>\ndes \u00e9quipements intelligents. Ce nouvel \u00e9quilibre entre confort,<br \/>\nesth\u00e9tique et conscience \u00e9cologique touche aussi bien les grandes<br \/>\nsuites parentales que les petites salles d&rsquo;eau en ville.<\/p>\n<p>Inspirations spa, minimalisme textur\u00e9, esprit Japandi,<br \/>\nindustriel adouci ou r\u00e9tro ann\u00e9es 70, les <strong>tendances salle<br \/>\nde bain 2026<\/strong> ont pourtant un socle commun. On voit revenir<br \/>\nles mat\u00e9riaux naturels et min\u00e9raux, les teintes terreuses ou<br \/>\nv\u00e9g\u00e9tales et le souci de limiter la consommation d&rsquo;eau. Les<br \/>\nd\u00e9corations charg\u00e9es ou trop froides laissent la place \u00e0 des d\u00e9cors<br \/>\napaisants, personnalisables par petites touches. Reste \u00e0 choisir le<br \/>\nstyle qui vous ressemble.<\/p>\n<p>Salle de bain 2026 : les styles incontournables<\/p>\n<p>Premier grand courant, la <strong>salle de bain esprit<br \/>\nspa<\/strong> transforme le quotidien. Les mati\u00e8res organiques<br \/>\ndominent : bois clair, lin, pierre brute et c\u00e9ramique aux formes<br \/>\ndouces cr\u00e9ent un cocon tr\u00e8s naturel. Les \u00e9quipements suivent avec<br \/>\nbaignoire baln\u00e9o, douche \u00e0 jets ou \u00e0 pluie tropicale, parfois<br \/>\ncompl\u00e9t\u00e9es par un banc int\u00e9gr\u00e9. L&rsquo;\u00e9clairage modulable, g\u00e9r\u00e9 par des<br \/>\nLED et des variateurs, permet de passer d&rsquo;une lumi\u00e8re fonctionnelle<br \/>\n\u00e0 une ambiance intime propice \u00e0 la d\u00e9tente.<\/p>\n<p>Le minimalisme ne dispara\u00eet pas en 2026, il change de visage.<br \/>\nFini le blanc clinique, place \u00e0 un <strong>minimalisme<br \/>\ntextur\u00e9<\/strong> qui joue avec pierre naturelle, marbre, gr\u00e8s<br \/>\nc\u00e9rame \u00e0 reliefs ou b\u00e9ton cir\u00e9 pour rester sobre mais chaleureux.<br \/>\nDans une petite salle de bain, un meuble vasque suspendu, des<br \/>\ncouleurs claires, une paroi de douche discr\u00e8te et un grand miroir<br \/>\nsuffisent d\u00e9j\u00e0 \u00e0 agrandir la pi\u00e8ce. Proche de cet esprit, le<br \/>\n<strong>style Japandi<\/strong> marie bois clair, teintes neutres,<br \/>\nrangements int\u00e9gr\u00e9s et quelques plantes pour une atmosph\u00e8re zen et<br \/>\nfonctionnelle.<\/p>\n<p>Mat\u00e9riaux et couleurs tendance pour une salle de bain 2026<\/p>\n<p>Autre pilier des tendances salle de bain 2026, le style<br \/>\nindustriel se r\u00e9invente. Les effets b\u00e9ton restent, mais s&rsquo;associent<br \/>\n\u00e0 des bois fonc\u00e9s comme le noyer et \u00e0 une lumi\u00e8re plus chaude pour<br \/>\nadoucir le d\u00e9cor. La palette quitte le gris froid pour des teintes<br \/>\nsable, argile ou vert for\u00eat, tandis que le noir mat recule au<br \/>\nprofit du chrome brillant et de l&rsquo;acier inoxydable. En parall\u00e8le,<br \/>\ndes surfaces min\u00e9rales et composites imitant la pierre offrent un<br \/>\nrendu textur\u00e9, antid\u00e9rapant et au toucher min\u00e9ral tr\u00e8s<br \/>\nr\u00e9aliste.<\/p>\n<p>Les couleurs prolongent cette recherche d&rsquo;apaisement. Repeindre<br \/>\nles murs en teintes sable, lin ou vert sauge reste l&rsquo;un des moyens<br \/>\nles plus simples pour actualiser une salle de bain. Pour celles et<br \/>\nceux qui aiment les ambiances enveloppantes, un mur bleu nuit, vert<br \/>\nfor\u00eat ou prune fonc\u00e9 fonctionne bien, \u00e0 condition de l&rsquo;\u00e9quilibrer<br \/>\npar un sol clair et une bonne lumi\u00e8re. Les roses poudr\u00e9s, verts<br \/>\nd&rsquo;eau ou jaunes paille signent des d\u00e9cors r\u00e9tro chic, tandis que<br \/>\npeintures pi\u00e8ces humides et stickers imitation pierre, terrazzo ou<br \/>\nzellige modernisent une cr\u00e9dence ou l&rsquo;int\u00e9rieur de la douche, comme<br \/>\nle rappelle Maison et Travaux.<\/p>\n<p>Am\u00e9nagement et salle de bain 2026 plus<br \/>\n\u00e9colo<\/p>\n<p>Ces courants se traduisent aussi dans l&rsquo;agencement. La douche \u00e0<br \/>\nl&rsquo;italienne ou ouverte, aux parois en verre clair ou cannel\u00e9,<br \/>\ndevient un incontournable et s&rsquo;accompagne souvent d&rsquo;un receveur<br \/>\nextra-plat pour une circulation fluide. Quand le budget le permet,<br \/>\nmicrociment ou b\u00e9ton cir\u00e9 assurent la continuit\u00e9 sol et murs et<br \/>\nrenforcent l&rsquo;effet spa. Meuble vasque suspendu, rangements int\u00e9gr\u00e9s<br \/>\net miroir XXL compl\u00e8tent ce vocabulaire de 2026.<\/p>\n<p>La dimension \u00e9colo progresse elle aussi, avec colonnes de douche<br \/>\n\u00e0 capteurs, mitigeurs limitant le d\u00e9bit et certaines baignoires \u00e0<br \/>\ndouble zone qui permettent d&rsquo;\u00e9conomiser jusqu&rsquo;\u00e0 50 % d&rsquo;eau. Pour<br \/>\nactualiser la pi\u00e8ce sans gros travaux, quelques gestes cibl\u00e9s<br \/>\nsuffisent :<\/p>\n<ul>\n<li>Repeindre un mur.<\/li>\n<li>Changer le miroir.<\/li>\n<li>Ajouter des plantes.<\/li>\n<\/ul>\n","protected":false},"excerpt":{"rendered":"En 2026, la salle de bain n\u00a0\u00bbest plus seulement le lieu o\u00f9 l&rsquo;on se pr\u00e9pare le matin. Elle&hellip;\n","protected":false},"author":2,"featured_media":630243,"comment_status":"","ping_status":"","sticky":false,"template":"","format":"standard","meta":{"footnotes":""},"categories":[6],"tags":[5734,13041,18731,27245,35,9122,33049,73926,1805,1442,33,34,1011,27,4743,16285,73925,5261,746,8878,21187,18830,15161,71364,4568],"class_list":{"0":"post-630242","1":"post","2":"type-post","3":"status-publish","4":"format-standard","5":"has-post-thumbnail","7":"category-economie","8":"tag-5734","9":"tag-a","10":"tag-adopter","11":"tag-bain","12":"tag-business","13":"tag-ces","14":"tag-durgence","15":"tag-datee","16":"tag-de","17":"tag-deja","18":"tag-economie","19":"tag-economy","20":"tag-fr","21":"tag-france","22":"tag-la","23":"tag-ne","24":"tag-paraisse","25":"tag-pas","26":"tag-que","27":"tag-salle","28":"tag-si","29":"tag-tendances","30":"tag-votre","31":"tag-voulez","32":"tag-vous"},"share_on_mastodon":{"url":"https:\/\/pubeurope.com\/@fr\/115809548248294568","error":""},"_links":{"self":[{"href":"https:\/\/www.europesays.com\/fr\/wp-json\/wp\/v2\/posts\/630242","targetHints":{"allow":["GET"]}}],"collection":[{"href":"https:\/\/www.europesays.com\/fr\/wp-json\/wp\/v2\/posts"}],"about":[{"href":"https:\/\/www.europesays.com\/fr\/wp-json\/wp\/v2\/types\/post"}],"author":[{"embeddable":true,"href":"https:\/\/www.europesays.com\/fr\/wp-json\/wp\/v2\/users\/2"}],"replies":[{"embeddable":true,"href":"https:\/\/www.europesays.com\/fr\/wp-json\/wp\/v2\/comments?post=630242"}],"version-history":[{"count":0,"href":"https:\/\/www.europesays.com\/fr\/wp-json\/wp\/v2\/posts\/630242\/revisions"}],"wp:featuredmedia":[{"embeddable":true,"href":"https:\/\/www.europesays.com\/fr\/wp-json\/wp\/v2\/media\/630243"}],"wp:attachment":[{"href":"https:\/\/www.europesays.com\/fr\/wp-json\/wp\/v2\/media?parent=630242"}],"wp:term":[{"taxonomy":"category","embeddable":true,"href":"https:\/\/www.europesays.com\/fr\/wp-json\/wp\/v2\/categories?post=630242"},{"taxonomy":"post_tag","embeddable":true,"href":"https:\/\/www.europesays.com\/fr\/wp-json\/wp\/v2\/tags?post=630242"}],"curies":[{"name":"wp","href":"https:\/\/api.w.org\/{rel}","templated":true}]}}