{"id":630250,"date":"2025-12-30T16:55:24","date_gmt":"2025-12-30T16:55:24","guid":{"rendered":"https:\/\/www.europesays.com\/fr\/630250\/"},"modified":"2025-12-30T16:55:24","modified_gmt":"2025-12-30T16:55:24","slug":"spectacle-amor-a-mort-a-saint-etienne-espace-culturel-a-camus-le-chambon-feugerolles-billets-reservations-dates","status":"publish","type":"post","link":"https:\/\/www.europesays.com\/fr\/630250\/","title":{"rendered":"Spectacle Amor A Mort \u00e0 Saint-\u00c9tienne, Espace Culturel A.camus Le Chambon-Feugerolles : billets, r\u00e9servations, dates"},"content":{"rendered":"<p class=\"fw-bold font-size-16 my-1\"> Le 28\/03\/2026<\/p>\n<p class=\"fw-bold font-size-16 my-1\"> <a class=\"mr-2\" href=\"https:\/\/www.jds.fr\/saint-etienne\/le-chambon-feugerolles\/centres-de-loisirs-et-de-culture\/espace-culturel-a-camus-16409_L\" target=\"_blank\" rel=\"noopener\">Espace Culturel A.camus<\/a> | <a href=\"https:\/\/www.jds.fr\/saint-etienne\/le-chambon-feugerolles-20961_V\" target=\"_blank\" rel=\"noopener\">Le Chambon-Feugerolles<\/a><\/p>\n<p class=\"fw-bold font-size-16 my-1\"> NC <\/p>\n<p><a class=\"btn btn-lg shadow-lg btn-primary rounded-pill fnac_link\" data-fnac=\"haut\" href=\"https:\/\/ticketmaster.evyy.net\/c\/3318096\/2038754\/23891?u=https%3A%2F%2Fwww.ticketmaster.fr%2Ffr%2Fmanifestation%2Famor-a-mort-billet%2Fidmanif%2F628232%2Fidtier%2F18864121&amp;utm_medium=affiliate\" target=\"_blank\" rel=\"nofollow noopener\"> Acheter des billets<\/a><\/p>\n<p>Amor \u00e0 mort, c&rsquo;est une com\u00e9die noire \u00e0 l&rsquo;humour acide et irr\u00e9sistible, o\u00f9 l&rsquo;amour devient le th\u00e9\u00e2tre de toutes les folies. \u00c0 travers une s\u00e9rie de sayn\u00e8tes d\u00e9jant\u00e9es, le spectacle explore avec mordant ce moment pr\u00e9cis o\u00f9 la passion vacille, o\u00f9 la raison c\u00e8de et o\u00f9 l&rsquo;absurde prend le pouvoir.<\/p>\n<p><a data-lightbox=\"article\" data-title=\"Amor A Mort DR\" class=\"image detail fullwidth  position-relative d-block\" href=\"https:\/\/www.jds.fr\/medias\/image\/amor-a-mort-810481-920-0-F.webp\" title=\"Amor A Mort DR\" target=\"_blank\" rel=\"noopener\"><br \/>\n<img decoding=\"async\" loading=\"lazy\" src=\"https:\/\/www.europesays.com\/fr\/wp-content\/uploads\/2025\/12\/amor-a-mort-810481-1200-0.webp.webp\"   width=\"685\" alt=\"Amor A Mort\" class=\"border\"\/><br \/>\nDR<br \/>\nAmor A Mort<br \/>\n<\/a><\/p>\n<p>Entre rires grin\u00e7ants et \u00e9motions piquantes, ces histoires d&rsquo;amour finissent mal\u2026 mais toujours avec style. Port\u00e9e par une mise en sc\u00e8ne percutante et un univers musical original, cette pi\u00e8ce r\u00e9v\u00e8le avec f\u00e9rocit\u00e9\u00a0\u2014 et beaucoup d&rsquo;autod\u00e9rision\u00a0\u2014 les travers de nos c\u0153urs bless\u00e9s.<\/p>\n<p>Un bijou d&rsquo;humour noir qui ose tout. Laissez-vous glisser dans les zones troubles de l&rsquo;amour\u00a0\u2014 l\u00e0 o\u00f9 la passion d\u00e9rape et o\u00f9 l&rsquo;humour flirte avec le macabre.<\/p>\n<p>Dans la m\u00eame rubrique<\/p>\n<ul class=\"mt-3 list-unstyled list-articles-v2\" id=\"liste-dates-695403f269c01\">\n<li class=\"col-12 pt-4\" data-view-id-type=\"1\" data-view-id=\"552668\" data-view-bc=\"0\"><a class=\"d-block titre text-black mb-1 mb-md-2\" href=\"https:\/\/www.jds.fr\/saint-etienne\/spectacles\/humour\/d-jal-en-pleine-conscience-tournee-552668_A\" target=\"_blank\" rel=\"noopener\">D&rsquo;Jal &#8211; en Pleine Conscience &#8211; Tourn\u00e9e<\/a>Le 09\/01\/2026<a href=\"https:\/\/www.jds.fr\/saint-etienne\/salle-de-concert-spectacle\/zenith-de-saint-etienne-15879_L\" class=\"lieu font-size-14 text-gray-700 d-block lh-sm my-1\" target=\"_blank\" rel=\"noopener\"> Zenith de Saint-Etienne &#8211; Saint-\u00c9tienne<\/a>D&rsquo;Jal &#8211; en Pleine Conscience &#8211; Tourn\u00e9e, un spectacle \u00e0 voir \u00e0 Saint-\u00c9tienne (Zenith de Saint-Etienne ), le 9 janvier 2026. Toutes les informations pratiques (tarifs, [\u2026]<a class=\"image\" href=\"https:\/\/www.jds.fr\/saint-etienne\/spectacles\/humour\/d-jal-en-pleine-conscience-tournee-552668_A\" target=\"_blank\" rel=\"noopener\"><img decoding=\"async\" loading=\"lazy\" src=\"https:\/\/www.europesays.com\/fr\/wp-content\/uploads\/2025\/12\/1767113716_912_.jpeg\" width=\"180\" height=\"180\" alt=\"D'Jal - en Pleine Conscience - Tourn\u00e9e\"\/><\/a><\/li>\n<li class=\"col-12 pt-4\" data-view-id-type=\"1\" data-view-id=\"1167049\" data-view-bc=\"0\"><a class=\"d-block titre text-black mb-1 mb-md-2\" href=\"https:\/\/www.jds.fr\/saint-etienne\/spectacles\/humour\/umut-koker-paradoxe-tournee-1167049_A\" target=\"_blank\" rel=\"noopener\">Umut K\u00f6ker &#8211; Paradoxe, Tourn\u00e9e<\/a>Le 31\/01\/2026<a href=\"https:\/\/www.jds.fr\/saint-etienne\/le-chambon-feugerolles\/centres-de-loisirs-et-de-culture\/espace-culturel-a-camus-16409_L\" class=\"lieu font-size-14 text-gray-700 d-block lh-sm my-1\" target=\"_blank\" rel=\"noopener\"> Espace Culturel A.camus &#8211; Le Chambon-Feugerolles<\/a>Umut K\u00f6ker &#8211; Paradoxe, Tourn\u00e9e, un spectacle \u00e0 voir \u00e0 Saint-\u00c9tienne (Espace Culturel A.camus Le Chambon-Feugerolles), le 31 janvier 2026. Toutes les informations pratiques [\u2026]<a class=\"image\" href=\"https:\/\/www.jds.fr\/saint-etienne\/spectacles\/humour\/umut-koker-paradoxe-tournee-1167049_A\" target=\"_blank\" rel=\"noopener\"><img decoding=\"async\" loading=\"lazy\" src=\"https:\/\/www.europesays.com\/fr\/wp-content\/uploads\/2025\/12\/1767113717_966_.jpeg\" width=\"180\" height=\"180\" alt=\"Umut K\u00f6ker - Paradoxe, Tourn\u00e9e\"\/><\/a><\/li>\n<li class=\"li_gp_div\">\n<\/li>\n<li class=\"col-12 pt-4\" data-view-id-type=\"1\" data-view-id=\"1167039\" data-view-bc=\"0\"><a class=\"d-block titre text-black mb-1 mb-md-2\" href=\"https:\/\/www.jds.fr\/saint-etienne\/spectacles\/humour\/marine-leonardi-mauvaise-graine-tournee-1167039_A\" target=\"_blank\" rel=\"noopener\">Marine Leonardi &#8211; Mauvaise Graine &#8211; Tourn\u00e9e<\/a>Le 11\/02\/2026<a href=\"https:\/\/www.jds.fr\/saint-etienne\/firminy\/salle-de-concert-spectacle\/le-firmament-16748_L\" class=\"lieu font-size-14 text-gray-700 d-block lh-sm my-1\" target=\"_blank\" rel=\"noopener\"> Le Firmament &#8211; Firminy<\/a>Marine Leonardi &#8211; Mauvaise Graine &#8211; Tourn\u00e9e, un spectacle \u00e0 voir \u00e0 Saint-\u00c9tienne (Le Firmament Firminy), le 11 f\u00e9vrier 2026. Toutes les informations pratiques (tarifs, [\u2026]<a class=\"image\" href=\"https:\/\/www.jds.fr\/saint-etienne\/spectacles\/humour\/marine-leonardi-mauvaise-graine-tournee-1167039_A\" target=\"_blank\" rel=\"noopener\"><img decoding=\"async\" loading=\"lazy\" src=\"https:\/\/www.europesays.com\/fr\/wp-content\/uploads\/2025\/12\/1767113717_170_.jpeg\" width=\"180\" height=\"180\" alt=\"Marine Leonardi - Mauvaise Graine - Tourn\u00e9e\"\/><\/a><\/li>\n<li class=\"col-12 pt-4\" data-view-id-type=\"1\" data-view-id=\"1167046\" data-view-bc=\"0\"><a class=\"d-block titre text-black mb-1 mb-md-2\" href=\"https:\/\/www.jds.fr\/saint-etienne\/spectacles\/humour\/tom-baldetti-tome-1-tournee-1167046_A\" target=\"_blank\" rel=\"noopener\">Tom Baldetti &#8211; Tome 1 &#8211; Tourn\u00e9e<\/a>Le 12\/02\/2026<a href=\"https:\/\/www.jds.fr\/saint-etienne\/firminy\/salle-de-concert-spectacle\/le-firmament-16748_L\" class=\"lieu font-size-14 text-gray-700 d-block lh-sm my-1\" target=\"_blank\" rel=\"noopener\"> Le Firmament &#8211; Firminy<\/a>Tom Baldetti &#8211; Tome 1 &#8211; Tourn\u00e9e, un spectacle \u00e0 voir \u00e0 Saint-\u00c9tienne (Le Firmament Firminy), le 12 f\u00e9vrier 2026. Toutes les informations pratiques (tarifs, billetterie, plan [\u2026]<a class=\"image\" href=\"https:\/\/www.jds.fr\/saint-etienne\/spectacles\/humour\/tom-baldetti-tome-1-tournee-1167046_A\" target=\"_blank\" rel=\"noopener\"><img decoding=\"async\" loading=\"lazy\" src=\"https:\/\/www.europesays.com\/fr\/wp-content\/uploads\/2025\/12\/1767113718_771_.jpeg\" width=\"180\" height=\"180\" alt=\"Tom Baldetti - Tome 1 - Tourn\u00e9e\"\/><\/a><\/li>\n<li class=\"col-12 pt-4\" data-view-id-type=\"1\" data-view-id=\"1259771\" data-view-bc=\"0\"><a class=\"d-block titre text-black mb-1 mb-md-2\" href=\"https:\/\/www.jds.fr\/saint-etienne\/spectacles\/humour\/sandrine-sarroche-saison-2-tournee-1259771_A\" target=\"_blank\" rel=\"noopener\">Sandrine Sarroche &#8211; Saison 2 &#8211; Tourn\u00e9e<\/a>Le 12\/02\/2026<a href=\"https:\/\/www.jds.fr\/saint-etienne\/salle-de-concert-spectacle\/centre-de-congres-16169_L\" class=\"lieu font-size-14 text-gray-700 d-block lh-sm my-1\" target=\"_blank\" rel=\"noopener\"> Centre de Congr\u00e8s &#8211; Saint-\u00c9tienne<\/a>\n<p>Sandrine Sarroche pr\u00e9sente son nouveau spectacle\u00a0\u00ab\u00a0Saison 2\u00a0\u00bb au Centre de Congr\u00e8s de Saint-\u00c9tienne le jeudi 12 f\u00e9vrier 2026 \u00e0 20h30. L&rsquo;humoriste fran\u00e7aise revient avec [\u2026]<a class=\"image\" href=\"https:\/\/www.jds.fr\/saint-etienne\/spectacles\/humour\/sandrine-sarroche-saison-2-tournee-1259771_A\" target=\"_blank\" rel=\"noopener\"><img decoding=\"async\" loading=\"lazy\" src=\"https:\/\/www.europesays.com\/fr\/wp-content\/uploads\/2025\/12\/1767113718_663_.jpeg\" width=\"180\" height=\"180\" alt=\"Sandrine Sarroche - Saison 2 - Tourn\u00e9e\"\/><\/a><\/li>\n<li class=\"li_gp_div li_gp_div_infeed\"\/>\n<li class=\"col-12 pt-4\" data-view-id-type=\"1\" data-view-id=\"1167035\" data-view-bc=\"0\"><a class=\"d-block titre text-black mb-1 mb-md-2\" href=\"https:\/\/www.jds.fr\/saint-etienne\/spectacles\/humour\/la-troupe-du-jamel-comedy-club-tournee-1167035_A\" target=\"_blank\" rel=\"noopener\">La Troupe du Jamel Comedy Club (tourn\u00e9e)<\/a>Le 13\/02\/2026<a href=\"https:\/\/www.jds.fr\/saint-etienne\/firminy\/salle-de-concert-spectacle\/le-firmament-16748_L\" class=\"lieu font-size-14 text-gray-700 d-block lh-sm my-1\" target=\"_blank\" rel=\"noopener\"> Le Firmament &#8211; Firminy<\/a>La Troupe du Jamel Comedy Club (tourn\u00e9e), un spectacle \u00e0 voir \u00e0 Saint-\u00c9tienne (Le Firmament Firminy), le 13 f\u00e9vrier 2026. Toutes les informations pratiques (tarifs, [\u2026]<a class=\"image\" href=\"https:\/\/www.jds.fr\/saint-etienne\/spectacles\/humour\/la-troupe-du-jamel-comedy-club-tournee-1167035_A\" target=\"_blank\" rel=\"noopener\"><img decoding=\"async\" loading=\"lazy\" src=\"https:\/\/www.europesays.com\/fr\/wp-content\/uploads\/2025\/12\/1767113719_351_.jpeg\" width=\"180\" height=\"180\" alt=\"La Troupe du Jamel Comedy Club (tourn\u00e9e)\"\/><\/a><\/li>\n<li class=\"col-12 pt-4\" data-view-id-type=\"1\" data-view-id=\"1167038\" data-view-bc=\"0\"><a class=\"d-block titre text-black mb-1 mb-md-2\" href=\"https:\/\/www.jds.fr\/saint-etienne\/spectacles\/humour\/blandine-lehout-dans-la-vie-de-ta-mere-tournee-1167038_A\" target=\"_blank\" rel=\"noopener\">Blandine Lehout dans la Vie de Ta M\u00e8re &#8211; Tourn\u00e9e<\/a>Le 13\/02\/2026<a href=\"https:\/\/www.jds.fr\/saint-etienne\/le-chambon-feugerolles\/salle-de-concert-spectacle\/la-forge-16609_L\" class=\"lieu font-size-14 text-gray-700 d-block lh-sm my-1\" target=\"_blank\" rel=\"noopener\"> La Forge &#8211; Le Chambon-Feugerolles<\/a>Blandine Lehout dans la Vie de Ta M\u00e8re &#8211; Tourn\u00e9e, un spectacle \u00e0 voir \u00e0 Saint-\u00c9tienne (La Forge Le Chambon-Feugerolles), le 13 f\u00e9vrier 2026. Toutes les informations pratiques [\u2026]<a class=\"image\" href=\"https:\/\/www.jds.fr\/saint-etienne\/spectacles\/humour\/blandine-lehout-dans-la-vie-de-ta-mere-tournee-1167038_A\" target=\"_blank\" rel=\"noopener\"><img decoding=\"async\" loading=\"lazy\" src=\"https:\/\/www.europesays.com\/fr\/wp-content\/uploads\/2025\/12\/1767113719_989_.jpeg\" width=\"180\" height=\"180\" alt=\"Blandine Lehout dans la Vie de Ta M\u00e8re - Tourn\u00e9e\"\/><\/a><\/li>\n<li class=\"col-12 pt-4\" data-view-id-type=\"1\" data-view-id=\"1167096\" data-view-bc=\"0\"><a class=\"d-block titre text-black mb-1 mb-md-2\" href=\"https:\/\/www.jds.fr\/saint-etienne\/spectacles\/humour\/caroline-estremo-normalement-1167096_A\" target=\"_blank\" rel=\"noopener\">Caroline Estremo &#8211; Normalement<\/a>Le 14\/02\/2026<a href=\"https:\/\/www.jds.fr\/saint-etienne\/salle-de-concert-spectacle\/centre-de-congres-16169_L\" class=\"lieu font-size-14 text-gray-700 d-block lh-sm my-1\" target=\"_blank\" rel=\"noopener\"> Centre de Congr\u00e8s &#8211; Saint-\u00c9tienne<\/a>Caroline Estremo &#8211; Normalement, un spectacle \u00e0 voir \u00e0 Saint-\u00c9tienne (Centre de Congr\u00e8s ), le 14 f\u00e9vrier 2026. Toutes les informations pratiques (tarifs, billetterie, plan de [\u2026]<a class=\"image\" href=\"https:\/\/www.jds.fr\/saint-etienne\/spectacles\/humour\/caroline-estremo-normalement-1167096_A\" target=\"_blank\" rel=\"noopener\"><img decoding=\"async\" loading=\"lazy\" src=\"https:\/\/www.europesays.com\/fr\/wp-content\/uploads\/2025\/12\/1767113719_612_.jpeg\" width=\"180\" height=\"180\" alt=\"Caroline Estremo - Normalement\"\/><\/a><\/li>\n<li class=\"col-12 pt-4\" data-view-id-type=\"1\" data-view-id=\"1167091\" data-view-bc=\"0\"><a class=\"d-block titre text-black mb-1 mb-md-2\" href=\"https:\/\/www.jds.fr\/saint-etienne\/spectacles\/humour\/julien-santini-tournee-1167091_A\" target=\"_blank\" rel=\"noopener\">Julien Santini &#8211; Tourn\u00e9e<\/a>Le 17\/02\/2026<a href=\"https:\/\/www.jds.fr\/saint-etienne\/salle-de-concert-spectacle\/centre-de-congres-16169_L\" class=\"lieu font-size-14 text-gray-700 d-block lh-sm my-1\" target=\"_blank\" rel=\"noopener\"> Centre de Congr\u00e8s &#8211; Saint-\u00c9tienne<\/a>Julien Santini &#8211; Tourn\u00e9e, un spectacle \u00e0 voir \u00e0 Saint-\u00c9tienne (Centre de Congr\u00e8s ), le 17 f\u00e9vrier 2026. Toutes les informations pratiques (tarifs, billetterie, plan de salle) [\u2026]<a class=\"image\" href=\"https:\/\/www.jds.fr\/saint-etienne\/spectacles\/humour\/julien-santini-tournee-1167091_A\" target=\"_blank\" rel=\"noopener\"><img decoding=\"async\" loading=\"lazy\" src=\"https:\/\/www.europesays.com\/fr\/wp-content\/uploads\/2025\/12\/1767113720_883_.jpeg\" width=\"180\" height=\"180\" alt=\"Julien Santini - Tourn\u00e9e\"\/><\/a><\/li>\n<li class=\"li_gp_div li_gp_div_infeed\"\/>\n<li class=\"col-12 pt-4\" data-view-id-type=\"1\" data-view-id=\"1084408\" data-view-bc=\"0\"><a class=\"d-block titre text-black mb-1 mb-md-2\" href=\"https:\/\/www.jds.fr\/saint-etienne\/spectacles\/humour\/adel-fugazi-pause-tournee-1084408_A\" target=\"_blank\" rel=\"noopener\">Adel Fugazi &#8211; Pause (tourn\u00e9e)<\/a>Le 17\/02\/2026<a href=\"https:\/\/www.jds.fr\/saint-etienne\/le-chambon-feugerolles\/centres-de-loisirs-et-de-culture\/espace-culturel-a-camus-16409_L\" class=\"lieu font-size-14 text-gray-700 d-block lh-sm my-1\" target=\"_blank\" rel=\"noopener\"> Espace Culturel A.camus &#8211; Le Chambon-Feugerolles<\/a>Adel Fugazi &#8211; Pause (tourn\u00e9e), un spectacle \u00e0 voir \u00e0 Saint-\u00c9tienne (Espace Culturel A.camus Le Chambon-Feugerolles), le 17 f\u00e9vrier 2026. Toutes les informations pratiques [\u2026]<a class=\"image\" href=\"https:\/\/www.jds.fr\/saint-etienne\/spectacles\/humour\/adel-fugazi-pause-tournee-1084408_A\" target=\"_blank\" rel=\"noopener\"><img decoding=\"async\" loading=\"lazy\" src=\"https:\/\/www.europesays.com\/fr\/wp-content\/uploads\/2025\/12\/1767113720_505_.jpeg\" width=\"180\" height=\"180\" alt=\"Adel Fugazi - Pause (tourn\u00e9e)\"\/><\/a><\/li>\n<li class=\"col-12 pt-4\" data-view-id-type=\"1\" data-view-id=\"1167097\" data-view-bc=\"0\"><a class=\"d-block titre text-black mb-1 mb-md-2\" href=\"https:\/\/www.jds.fr\/saint-etienne\/spectacles\/humour\/matthieu-nina-en-bas-de-l-echelle-tournee-1167097_A\" target=\"_blank\" rel=\"noopener\">Matthieu Nina &#8211; en Bas de l&rsquo;Echelle &#8211; Tourn\u00e9e<\/a>Le 18\/02\/2026<a href=\"https:\/\/www.jds.fr\/saint-etienne\/le-chambon-feugerolles\/centres-de-loisirs-et-de-culture\/espace-culturel-a-camus-16409_L\" class=\"lieu font-size-14 text-gray-700 d-block lh-sm my-1\" target=\"_blank\" rel=\"noopener\"> Espace Culturel A.camus &#8211; Le Chambon-Feugerolles<\/a>Matthieu Nina &#8211; en Bas de l&rsquo;Echelle &#8211; Tourn\u00e9e, un spectacle \u00e0 voir \u00e0 Saint-\u00c9tienne (Espace Culturel A.camus Le Chambon-Feugerolles), le 18 f\u00e9vrier 2026. Toutes les [\u2026]<a class=\"image\" href=\"https:\/\/www.jds.fr\/saint-etienne\/spectacles\/humour\/matthieu-nina-en-bas-de-l-echelle-tournee-1167097_A\" target=\"_blank\" rel=\"noopener\"><img decoding=\"async\" loading=\"lazy\" src=\"https:\/\/www.europesays.com\/fr\/wp-content\/uploads\/2025\/12\/1767113721_148_.jpeg\" width=\"180\" height=\"180\" alt=\"Matthieu Nina - en Bas de l'Echelle - Tourn\u00e9e\"\/><\/a><\/li>\n<li class=\"col-12 pt-4\" data-view-id-type=\"1\" data-view-id=\"1167089\" data-view-bc=\"0\"><a class=\"d-block titre text-black mb-1 mb-md-2\" href=\"https:\/\/www.jds.fr\/saint-etienne\/spectacles\/humour\/anne-roumanoff-l-experience-de-la-vie-tournee-1167089_A\" target=\"_blank\" rel=\"noopener\">Anne Roumanoff &#8211; l&rsquo;Exp\u00e9rience de la Vie &#8211; Tourn\u00e9e<\/a>Le 19\/02\/2026<a href=\"https:\/\/www.jds.fr\/saint-etienne\/salle-de-concert-spectacle\/centre-de-congres-16169_L\" class=\"lieu font-size-14 text-gray-700 d-block lh-sm my-1\" target=\"_blank\" rel=\"noopener\"> Centre de Congr\u00e8s &#8211; Saint-\u00c9tienne<\/a>Anne Roumanoff &#8211; l&rsquo;Exp\u00e9rience de la Vie &#8211; Tourn\u00e9e, un spectacle \u00e0 voir \u00e0 Saint-\u00c9tienne (Centre de Congr\u00e8s ), le 19 f\u00e9vrier 2026. Toutes les informations pratiques (tarifs, [\u2026]<a class=\"image\" href=\"https:\/\/www.jds.fr\/saint-etienne\/spectacles\/humour\/anne-roumanoff-l-experience-de-la-vie-tournee-1167089_A\" target=\"_blank\" rel=\"noopener\"><img decoding=\"async\" loading=\"lazy\" src=\"https:\/\/www.europesays.com\/fr\/wp-content\/uploads\/2025\/12\/1767113721_256_.jpeg\" width=\"180\" height=\"180\" alt=\"Anne Roumanoff - l'Exp\u00e9rience de la Vie - Tourn\u00e9e\"\/><\/a><\/li>\n<li class=\"col-12 pt-4\" data-view-id-type=\"1\" data-view-id=\"1167102\" data-view-bc=\"0\"><a class=\"d-block titre text-black mb-1 mb-md-2\" href=\"https:\/\/www.jds.fr\/saint-etienne\/spectacles\/humour\/emy-1167102_A\" target=\"_blank\" rel=\"noopener\">Emy<\/a>Le 19\/02\/2026<a href=\"https:\/\/www.jds.fr\/saint-etienne\/le-chambon-feugerolles\/centres-de-loisirs-et-de-culture\/espace-culturel-a-camus-16409_L\" class=\"lieu font-size-14 text-gray-700 d-block lh-sm my-1\" target=\"_blank\" rel=\"noopener\"> Espace Culturel A.camus &#8211; Le Chambon-Feugerolles<\/a>Emy, un spectacle \u00e0 voir \u00e0 Saint-\u00c9tienne (Espace Culturel A.camus Le Chambon-Feugerolles), le 19 f\u00e9vrier 2026. Toutes les informations pratiques (tarifs, billetterie, plan de [\u2026]<a class=\"image\" href=\"https:\/\/www.jds.fr\/saint-etienne\/spectacles\/humour\/emy-1167102_A\" target=\"_blank\" rel=\"noopener\"><img decoding=\"async\" loading=\"lazy\" src=\"https:\/\/www.europesays.com\/fr\/wp-content\/uploads\/2025\/12\/1767113722_171_.jpeg\" width=\"180\" height=\"180\" alt=\"Emy\"\/><\/a><\/li>\n<li class=\"li_gp_div li_gp_div_infeed\"\/>\n<li class=\"col-12 pt-4\" data-view-id-type=\"1\" data-view-id=\"1092069\" data-view-bc=\"0\"><a class=\"d-block titre text-black mb-1 mb-md-2\" href=\"https:\/\/www.jds.fr\/saint-etienne\/spectacles\/humour\/geremy-credeville-enchanteur-tournee-1092069_A\" target=\"_blank\" rel=\"noopener\">G\u00e9r\u00e9my Cr\u00e9deville &#8211; Enchanteur (tourn\u00e9e)<\/a>Le 13\/03\/2026<a href=\"https:\/\/www.jds.fr\/saint-etienne\/le-chambon-feugerolles\/salle-de-concert-spectacle\/la-forge-16609_L\" class=\"lieu font-size-14 text-gray-700 d-block lh-sm my-1\" target=\"_blank\" rel=\"noopener\"> La Forge &#8211; Le Chambon-Feugerolles<\/a>G\u00e9r\u00e9my Cr\u00e9deville &#8211; Enchanteur (tourn\u00e9e), un spectacle \u00e0 voir \u00e0 Saint-\u00c9tienne (La Forge Le Chambon-Feugerolles), le 13 mars 2026. Toutes les informations pratiques (tarifs, [\u2026]<a class=\"image\" href=\"https:\/\/www.jds.fr\/saint-etienne\/spectacles\/humour\/geremy-credeville-enchanteur-tournee-1092069_A\" target=\"_blank\" rel=\"noopener\"><img decoding=\"async\" loading=\"lazy\" src=\"https:\/\/www.europesays.com\/fr\/wp-content\/uploads\/2025\/12\/1767113722_554_.jpeg\" width=\"180\" height=\"180\" alt=\"G\u00e9r\u00e9my Cr\u00e9deville - Enchanteur (tourn\u00e9e)\"\/><\/a><\/li>\n<li class=\"col-12 pt-4\" data-view-id-type=\"1\" data-view-id=\"1090832\" data-view-bc=\"0\"><a class=\"d-block titre text-black mb-1 mb-md-2\" href=\"https:\/\/www.jds.fr\/saint-etienne\/spectacles\/humour\/berengere-krief-sexe-tournee-1090832_A\" target=\"_blank\" rel=\"noopener\">B\u00e9reng\u00e8re Krief &#8211; Sexe (tourn\u00e9e)<\/a>Le 22\/05\/2026<a href=\"https:\/\/www.jds.fr\/saint-etienne\/le-chambon-feugerolles\/salle-de-concert-spectacle\/la-forge-16609_L\" class=\"lieu font-size-14 text-gray-700 d-block lh-sm my-1\" target=\"_blank\" rel=\"noopener\"> La Forge &#8211; Le Chambon-Feugerolles<\/a>B\u00e9reng\u00e8re Krief &#8211; Sexe (tourn\u00e9e), un spectacle \u00e0 voir \u00e0 Saint-\u00c9tienne (La Forge Le Chambon-Feugerolles), le 22 mai 2026. Toutes les informations pratiques (tarifs, [\u2026]<a class=\"image\" href=\"https:\/\/www.jds.fr\/saint-etienne\/spectacles\/humour\/berengere-krief-sexe-tournee-1090832_A\" target=\"_blank\" rel=\"noopener\"><img decoding=\"async\" loading=\"lazy\" src=\"https:\/\/www.europesays.com\/fr\/wp-content\/uploads\/2025\/12\/1767113723_891_.jpeg\" width=\"180\" height=\"180\" alt=\"B\u00e9reng\u00e8re Krief - Sexe (tourn\u00e9e)\"\/><\/a><\/li>\n<li class=\"col-12 pt-4\" data-view-id-type=\"1\" data-view-id=\"1109973\" data-view-bc=\"0\"><a class=\"d-block titre text-black mb-1 mb-md-2\" href=\"https:\/\/www.jds.fr\/saint-etienne\/spectacles\/humour\/djamil-le-shlag-exode-s-tournee-1109973_A\" target=\"_blank\" rel=\"noopener\">Djamil le Shlag &#8211; Exode(s) &#8211; Tourn\u00e9e<\/a>Le 05\/06\/2026<a href=\"https:\/\/www.jds.fr\/saint-etienne\/le-chambon-feugerolles\/salle-de-concert-spectacle\/la-forge-16609_L\" class=\"lieu font-size-14 text-gray-700 d-block lh-sm my-1\" target=\"_blank\" rel=\"noopener\"> La Forge &#8211; Le Chambon-Feugerolles<\/a>Djamil le Shlag &#8211; Exode(s) &#8211; Tourn\u00e9e, un spectacle \u00e0 voir \u00e0 Saint-\u00c9tienne (La Forge Le Chambon-Feugerolles), le 5 juin 2026. Toutes les informations pratiques (tarifs, [\u2026]<a class=\"image\" href=\"https:\/\/www.jds.fr\/saint-etienne\/spectacles\/humour\/djamil-le-shlag-exode-s-tournee-1109973_A\" target=\"_blank\" rel=\"noopener\"><img decoding=\"async\" loading=\"lazy\" src=\"https:\/\/www.europesays.com\/fr\/wp-content\/uploads\/2025\/12\/1767113723_870_.jpeg\" width=\"180\" height=\"180\" alt=\"Djamil le Shlag - Exode(s) - Tourn\u00e9e\"\/><\/a><\/li>\n<li class=\"col-12 pt-4\" data-view-id-type=\"1\" data-view-id=\"1227957\" data-view-bc=\"0\"><a class=\"d-block titre text-black mb-1 mb-md-2\" href=\"https:\/\/www.jds.fr\/saint-etienne\/spectacles\/humour\/arnaud-tsamere-nouveau-spectacle-tournee-1227957_A\" target=\"_blank\" rel=\"noopener\">Arnaud Tsam\u00e8re &#8211; Nouveau Spectacle &#8211; Tourn\u00e9e<\/a>Le 09\/10\/2026<a href=\"https:\/\/www.jds.fr\/saint-etienne\/le-chambon-feugerolles\/salle-de-concert-spectacle\/la-forge-16609_L\" class=\"lieu font-size-14 text-gray-700 d-block lh-sm my-1\" target=\"_blank\" rel=\"noopener\"> La Forge &#8211; Le Chambon-Feugerolles<\/a>\n<p>L&rsquo;humoriste Arnaud Tsam\u00e8re pr\u00e9sente son nouveau spectacle \u00e0 La Forge au Chambon-Feugerolles le vendredi 9 octobre 2026 \u00e0 20h30. Cette repr\u00e9sentation unique dans la Loire [\u2026]<a class=\"image\" href=\"https:\/\/www.jds.fr\/saint-etienne\/spectacles\/humour\/arnaud-tsamere-nouveau-spectacle-tournee-1227957_A\" target=\"_blank\" rel=\"noopener\"><img decoding=\"async\" loading=\"lazy\" src=\"https:\/\/www.europesays.com\/fr\/wp-content\/uploads\/2025\/12\/1767113724_503_.jpeg\" width=\"180\" height=\"180\" alt=\"Arnaud Tsam\u00e8re - Nouveau Spectacle - Tourn\u00e9e\"\/><\/a><\/li>\n<li class=\"li_gp_div li_gp_div_infeed\"\/>\n<li class=\"col-12 pt-4\" data-view-id-type=\"1\" data-view-id=\"1229428\" data-view-bc=\"0\"><a class=\"d-block titre text-black mb-1 mb-md-2\" href=\"https:\/\/www.jds.fr\/saint-etienne\/spectacles\/humour\/rodrigue-1229428_A\" target=\"_blank\" rel=\"noopener\">Rodrigue<\/a>Le 07\/11\/2026<a href=\"https:\/\/www.jds.fr\/saint-etienne\/le-chambon-feugerolles\/centres-de-loisirs-et-de-culture\/espace-culturel-a-camus-16409_L\" class=\"lieu font-size-14 text-gray-700 d-block lh-sm my-1\" target=\"_blank\" rel=\"noopener\"> Espace Culturel A.camus &#8211; Le Chambon-Feugerolles<\/a>Arcomik Festival et la Ville du Chambon-Feugerolles pr\u00e9sentent\u00a0: Rodrigue<a class=\"image\" href=\"https:\/\/www.jds.fr\/saint-etienne\/spectacles\/humour\/rodrigue-1229428_A\" target=\"_blank\" rel=\"noopener\"><img decoding=\"async\" loading=\"lazy\" src=\"https:\/\/www.europesays.com\/fr\/wp-content\/uploads\/2025\/12\/rodrigue-756539-180-180.webp.webp\" width=\"180\" height=\"180\" alt=\"Rodrigue\" class=\"border\"\/><\/a><\/li>\n<\/ul>\n<p class=\"mt-0 mb-3 h2\">Newsletter JDS Saint-\u00c9tienne<\/p>\n<p class=\"font-size-18 fw-normal lh-sm\">Pr\u00eat pour un week-end de folie\u00a0? Chaque jeudi tous les bons plans sorties<\/p>\n","protected":false},"excerpt":{"rendered":"Le 28\/03\/2026 Espace Culturel A.camus | Le Chambon-Feugerolles NC Acheter des billets Amor \u00e0 mort, c&rsquo;est une com\u00e9die&hellip;\n","protected":false},"author":2,"featured_media":630251,"comment_status":"","ping_status":"","sticky":false,"template":"","format":"standard","meta":{"footnotes":""},"categories":[9653],"tags":[1111,11,2430,1777,674,1011,27,12,25,4001],"class_list":{"0":"post-630250","1":"post","2":"type-post","3":"status-publish","4":"format-standard","5":"has-post-thumbnail","7":"category-saint-etienne","8":"tag-actu","9":"tag-actualites","10":"tag-auvergne-rhone-alpes","11":"tag-eu","12":"tag-europe","13":"tag-fr","14":"tag-france","15":"tag-news","16":"tag-republique-francaise","17":"tag-saint-etienne"},"share_on_mastodon":{"url":"https:\/\/pubeurope.com\/@fr\/115809572292881635","error":""},"_links":{"self":[{"href":"https:\/\/www.europesays.com\/fr\/wp-json\/wp\/v2\/posts\/630250","targetHints":{"allow":["GET"]}}],"collection":[{"href":"https:\/\/www.europesays.com\/fr\/wp-json\/wp\/v2\/posts"}],"about":[{"href":"https:\/\/www.europesays.com\/fr\/wp-json\/wp\/v2\/types\/post"}],"author":[{"embeddable":true,"href":"https:\/\/www.europesays.com\/fr\/wp-json\/wp\/v2\/users\/2"}],"replies":[{"embeddable":true,"href":"https:\/\/www.europesays.com\/fr\/wp-json\/wp\/v2\/comments?post=630250"}],"version-history":[{"count":0,"href":"https:\/\/www.europesays.com\/fr\/wp-json\/wp\/v2\/posts\/630250\/revisions"}],"wp:featuredmedia":[{"embeddable":true,"href":"https:\/\/www.europesays.com\/fr\/wp-json\/wp\/v2\/media\/630251"}],"wp:attachment":[{"href":"https:\/\/www.europesays.com\/fr\/wp-json\/wp\/v2\/media?parent=630250"}],"wp:term":[{"taxonomy":"category","embeddable":true,"href":"https:\/\/www.europesays.com\/fr\/wp-json\/wp\/v2\/categories?post=630250"},{"taxonomy":"post_tag","embeddable":true,"href":"https:\/\/www.europesays.com\/fr\/wp-json\/wp\/v2\/tags?post=630250"}],"curies":[{"name":"wp","href":"https:\/\/api.w.org\/{rel}","templated":true}]}}