{"id":630252,"date":"2025-12-30T16:56:11","date_gmt":"2025-12-30T16:56:11","guid":{"rendered":"https:\/\/www.europesays.com\/fr\/630252\/"},"modified":"2025-12-30T16:56:11","modified_gmt":"2025-12-30T16:56:11","slug":"frouard-recyclage-des-sapins-de-noel","status":"publish","type":"post","link":"https:\/\/www.europesays.com\/fr\/630252\/","title":{"rendered":"Frouard. Recyclage des sapins de No\u00ebl"},"content":{"rendered":"<p>Comme les ann\u00e9es pr\u00e9c\u00e9dentes, la Ville organise une op\u00e9ration de recyclage des sapins de No\u00ebl. Il est possible de les d\u00e9poser, d\u00e8s maintenant, jusqu\u2019au 30\u00a0janvier\u00a02026, sur les sites suivants\u00a0: parvis de l\u2019Ermitage, parking Munch (rue de Nancy), rue du B\u00e9arn, et rue Georges-Clemenceau (en face du square Lucien Pierson). Ne pas d\u00e9poser de sacs \u00e0 sapin, poubelles\u2026 Pour rappel, la loi interdit de laisser son sapin sur la voie publique ou en for\u00eat, sous peine d\u2019une amende allant de 35 \u00e0 150\u00a0\u20ac.<\/p>\n","protected":false},"excerpt":{"rendered":"Comme les ann\u00e9es pr\u00e9c\u00e9dentes, la Ville organise une op\u00e9ration de recyclage des sapins de No\u00ebl. Il est possible&hellip;\n","protected":false},"author":2,"featured_media":630253,"comment_status":"","ping_status":"","sticky":false,"template":"","format":"standard","meta":{"footnotes":""},"categories":[9635],"tags":[1111,11,9661,1704,436,1777,674,1011,27,9660,775,1702,12,25],"class_list":{"0":"post-630252","1":"post","2":"type-post","3":"status-publish","4":"format-standard","5":"has-post-thumbnail","7":"category-nancy","8":"tag-actu","9":"tag-actualites","10":"tag-cc-du-bassin-de-pompey-54b1","11":"tag-edition-nancy-et-agglomeration","12":"tag-environnement","13":"tag-eu","14":"tag-europe","15":"tag-fr","16":"tag-france","17":"tag-frouard","18":"tag-grand-est","19":"tag-nancy","20":"tag-news","21":"tag-republique-francaise"},"share_on_mastodon":{"url":"","error":""},"_links":{"self":[{"href":"https:\/\/www.europesays.com\/fr\/wp-json\/wp\/v2\/posts\/630252","targetHints":{"allow":["GET"]}}],"collection":[{"href":"https:\/\/www.europesays.com\/fr\/wp-json\/wp\/v2\/posts"}],"about":[{"href":"https:\/\/www.europesays.com\/fr\/wp-json\/wp\/v2\/types\/post"}],"author":[{"embeddable":true,"href":"https:\/\/www.europesays.com\/fr\/wp-json\/wp\/v2\/users\/2"}],"replies":[{"embeddable":true,"href":"https:\/\/www.europesays.com\/fr\/wp-json\/wp\/v2\/comments?post=630252"}],"version-history":[{"count":0,"href":"https:\/\/www.europesays.com\/fr\/wp-json\/wp\/v2\/posts\/630252\/revisions"}],"wp:featuredmedia":[{"embeddable":true,"href":"https:\/\/www.europesays.com\/fr\/wp-json\/wp\/v2\/media\/630253"}],"wp:attachment":[{"href":"https:\/\/www.europesays.com\/fr\/wp-json\/wp\/v2\/media?parent=630252"}],"wp:term":[{"taxonomy":"category","embeddable":true,"href":"https:\/\/www.europesays.com\/fr\/wp-json\/wp\/v2\/categories?post=630252"},{"taxonomy":"post_tag","embeddable":true,"href":"https:\/\/www.europesays.com\/fr\/wp-json\/wp\/v2\/tags?post=630252"}],"curies":[{"name":"wp","href":"https:\/\/api.w.org\/{rel}","templated":true}]}}