{"id":630254,"date":"2025-12-30T16:57:12","date_gmt":"2025-12-30T16:57:12","guid":{"rendered":"https:\/\/www.europesays.com\/fr\/630254\/"},"modified":"2025-12-30T16:57:12","modified_gmt":"2025-12-30T16:57:12","slug":"amiens-sc-as-nancy-qui-est-larbitre-du-match","status":"publish","type":"post","link":"https:\/\/www.europesays.com\/fr\/630254\/","title":{"rendered":"Amiens SC &#8211; AS Nancy : qui est l\u2019arbitre du match ?"},"content":{"rendered":"<p>Remis sur de bons rails fin 2025 avec un succ\u00e8s arrach\u00e9 \u00e0 Pau et une qualification en Coupe de France, l\u2019Amiens SC va tenter de surfer sur la bonne vague \u00e0 l\u2019occasion de la r\u00e9ception de l\u2019AS Nancy, samedi pour le compte de la 18e journ\u00e9e de Ligue 2. Un match pour lequel le corps arbitral a \u00e9t\u00e9 d\u00e9sign\u00e9.<\/p>\n<p id=\"block-d44e5a61-4d5b-4e49-b056-8a87114250e6\">D\u00e9sign\u00e9 pour la rencontre Amiens SC \u2013 AS Nancy, Aur\u00e9lien Petit a d\u00e9j\u00e0 crois\u00e9 \u00e0 10 reprises pour un bilan <strong>d\u2019une victoire, trois nuls et six d\u00e9faites<\/strong>. Ce sera n\u00e9anmoins la premi\u00e8re fois cette saison puisqu\u2019il faut remonter \u00e0 d\u00e9cembre 2024 et une d\u00e9faite \u00e0 domicile contre le Stade Lavallois (1-3). Pour trouver trace du seul succ\u00e8s ami\u00e9nois, il faut revenir \u00e0 septembre 2014 et une victoire contre l\u2019US Colomiers (0-2), avec un doubl\u00e9 d\u2019Oumar Pouye.<\/p>\n<p id=\"block-d44e5a61-4d5b-4e49-b056-8a87114250e6\">Du c\u00f4t\u00e9 de l\u2019AS Nancy, le bilan avec Monsieur Petit est assez partag\u00e9 puisque compos\u00e9 de <strong>2 victoires, 2 nuls et 3 d\u00e9faites<\/strong>. Cependant, il n\u2019a plus eu l\u2019occasion d\u2019arbitrer le club lorrain depuis pr\u00e8s de quatre ans et une victoire \u00e0 Dunkerque (2-0).<\/p>\n<p>AMIENS SC \u2013 AS NANCY<\/p>\n<p id=\"block-c4dd1cca-1b93-4a3d-92fd-8d67b7dcf0e5\">18e journ\u00e9e de Ligue 2<\/p>\n<p id=\"block-08f2f343-7d61-49d8-b33d-c871a3961200\">Samedi 3 janvier, 20 heures<\/p>\n<p>Stade de la Licorne, Amiens<\/p>\n<p id=\"block-19028da7-4576-418c-a152-b4612805edd8\">Arbitre principal\u00a0:\u00a0Aur\u00e9lien PETIT<br \/>Arbitres assistants\u00a0:\u00a0Vianney ROZAND et Yohann LARHANT<br \/>4e arbitre\u00a0: Maxime JAMET<\/p>\n<p id=\"block-e2a13d99-1585-47bc-8736-2dfb0f9383cd\">Cr\u00e9dits photo :\u00a0Emilian Baldow\/<a href=\"http:\/\/iconsport.photo\" target=\"_blank\" rel=\"noopener\">Icon Sport<\/a><\/p>\n<p> <a href=\"https:\/\/agences.swisslife-direct.fr\/assurance\/agence-cabinet-callet-quillie-id0048465\" target=\"_blank\" rel=\" noreferrer noopener\"><img decoding=\"async\" data-lazyloaded=\"1\" loading=\"lazy\" src=\"https:\/\/le11hdf.fr\/wp-content\/uploads\/2025\/04\/Billeboard-Swiss-Life.svg\" alt=\"Billeboard Swiss Life\" style=\"width:100%;height:100%\"\/><\/a><\/p>\n","protected":false},"excerpt":{"rendered":"Remis sur de bons rails fin 2025 avec un succ\u00e8s arrach\u00e9 \u00e0 Pau et une qualification en Coupe&hellip;\n","protected":false},"author":2,"featured_media":630255,"comment_status":"","ping_status":"","sticky":false,"template":"","format":"standard","meta":{"footnotes":""},"categories":[9635],"tags":[1111,11,1777,674,1011,27,775,1702,12,25],"class_list":{"0":"post-630254","1":"post","2":"type-post","3":"status-publish","4":"format-standard","5":"has-post-thumbnail","7":"category-nancy","8":"tag-actu","9":"tag-actualites","10":"tag-eu","11":"tag-europe","12":"tag-fr","13":"tag-france","14":"tag-grand-est","15":"tag-nancy","16":"tag-news","17":"tag-republique-francaise"},"share_on_mastodon":{"url":"https:\/\/pubeurope.com\/@fr\/115809579692687603","error":""},"_links":{"self":[{"href":"https:\/\/www.europesays.com\/fr\/wp-json\/wp\/v2\/posts\/630254","targetHints":{"allow":["GET"]}}],"collection":[{"href":"https:\/\/www.europesays.com\/fr\/wp-json\/wp\/v2\/posts"}],"about":[{"href":"https:\/\/www.europesays.com\/fr\/wp-json\/wp\/v2\/types\/post"}],"author":[{"embeddable":true,"href":"https:\/\/www.europesays.com\/fr\/wp-json\/wp\/v2\/users\/2"}],"replies":[{"embeddable":true,"href":"https:\/\/www.europesays.com\/fr\/wp-json\/wp\/v2\/comments?post=630254"}],"version-history":[{"count":0,"href":"https:\/\/www.europesays.com\/fr\/wp-json\/wp\/v2\/posts\/630254\/revisions"}],"wp:featuredmedia":[{"embeddable":true,"href":"https:\/\/www.europesays.com\/fr\/wp-json\/wp\/v2\/media\/630255"}],"wp:attachment":[{"href":"https:\/\/www.europesays.com\/fr\/wp-json\/wp\/v2\/media?parent=630254"}],"wp:term":[{"taxonomy":"category","embeddable":true,"href":"https:\/\/www.europesays.com\/fr\/wp-json\/wp\/v2\/categories?post=630254"},{"taxonomy":"post_tag","embeddable":true,"href":"https:\/\/www.europesays.com\/fr\/wp-json\/wp\/v2\/tags?post=630254"}],"curies":[{"name":"wp","href":"https:\/\/api.w.org\/{rel}","templated":true}]}}