{"id":630258,"date":"2025-12-30T16:59:10","date_gmt":"2025-12-30T16:59:10","guid":{"rendered":"https:\/\/www.europesays.com\/fr\/630258\/"},"modified":"2025-12-30T16:59:10","modified_gmt":"2025-12-30T16:59:10","slug":"siffles-a-la-mi-temps-les-toulonnais-ont-ete-applaudis-a-la-fin-du-match","status":"publish","type":"post","link":"https:\/\/www.europesays.com\/fr\/630258\/","title":{"rendered":"Siffl\u00e9s \u00e0 la mi-temps, les Toulonnais ont \u00e9t\u00e9 applaudis \u00e0 la fin du match"},"content":{"rendered":"<p data-start=\"266\" data-end=\"601\">Toulon aura attendu l\u2019heure de jeu pour respirer. Men\u00e9s par la lanterne rouge \u00e0 la pause, chahut\u00e9s et siffl\u00e9s par leur propre public, les Varois ont renvers\u00e9 Perpignan dans le dernier quart d\u2019heure pour d\u00e9crocher une victoire bonifi\u00e9e pr\u00e9cieuse.<\/p>\n<p data-start=\"266\" data-end=\"601\">Un succ\u00e8s arrach\u00e9 dans la douleur, mais capital : le RCT boucle l\u2019ann\u00e9e <strong data-start=\"584\" data-end=\"600\">3e du Top 14<\/strong>.<\/p>\n<p data-start=\"603\" data-end=\"650\"><strong>Mayol retient son souffle, Toulon bafouille<\/strong><\/p>\n<p data-start=\"652\" data-end=\"915\">\u00c0 la pause, l\u2019ambiance est lourde : Perpignan m\u00e8ne 7\u201310, et Toulon g\u00e2che tout ce qu\u2019il entreprend. Possession, domination territoriale, m\u00eal\u00e9e strong\u2026 mais des fautes \u00e0 r\u00e9p\u00e9tition, un manque de r\u00e9alisme criant, et les sang-et-or qui punissent sur un contre \u00e9clair.<\/p>\n<p data-start=\"917\" data-end=\"1103\"><strong>Pierre Mignoni r\u00e9sume l\u2019impuissance du premier acte :<\/strong><\/p>\n<p data-start=\"917\" data-end=\"1103\">\u00ab On a manqu\u00e9 d\u2019efficacit\u00e9 et on s\u2019est un peu pr\u00e9cipit\u00e9 pr\u00e8s des lignes. \u00c7a ne nous a pas permis de nous rendre le match facile \u00bb.<\/p>\n<p data-start=\"1105\" data-end=\"1566\"><strong>Pour autant, pas de panique dans les vestiaires. Comme l\u2019explique Gabin Villi\u00e8re, auteur d\u2019un retour tr\u00e8s attendu :<\/strong><\/p>\n<p data-start=\"1105\" data-end=\"1566\">\u00ab Il n\u2019y avait pas forc\u00e9ment d\u2019inqui\u00e9tude \u00e0 la mi-temps. On savait o\u00f9 on allait. On s\u2019est simplement pos\u00e9 des questions sur nos derni\u00e8res passes et le fait de vouloir peut-\u00eatre un peu trop forcer le jeu. Il fallait qu\u2019on parvienne \u00e0 mettre de la vitesse sans s\u2019emballer, sans pr\u00e9cipitation. En seconde p\u00e9riode, on a \u00e9t\u00e9 un peu plus pr\u00e9cis. \u00bb<\/p>\n<p data-start=\"1568\" data-end=\"1596\">La suite lui donnera raison.<\/p>\n<p data-start=\"1598\" data-end=\"1659\"><strong>Un banc d\u00e9cisif : Alainu\u2019uese fracasse, Villi\u00e8re enflamme<\/strong><\/p>\n<p data-start=\"1661\" data-end=\"1954\">Le changement vient du pack. Deux mauls monstrueux, deux conclusions identiques : Brian Alainu\u2019uese (45e, 75e). Entre les deux, Villi\u00e8re surgit pour un essai au ras, fa\u00e7on bulldog \u2014 le symbole parfait de son retour apr\u00e8s cinq mois d\u2019arr\u00eat. Mayol s\u2019enflamme. Le doute dispara\u00eet. Le bonus tombe.<\/p>\n<p data-start=\"1956\" data-end=\"1978\">Enfin, Toulon respire.<\/p>\n<p data-start=\"1980\" data-end=\"2033\"><strong>3e place, bilan historique \u2014 mais Mignoni temp\u00e8re<\/strong><\/p>\n<p data-start=\"2035\" data-end=\"2413\"><strong>Le coach refuse l\u2019autosatisfaction malgr\u00e9 la mont\u00e9e au classement :<\/strong><\/p>\n<p data-start=\"2035\" data-end=\"2413\">\u00ab On est troisi\u00e8me du classement ce soir. Je crois que le club n\u2019a pas eu un tel nombre de points sur une phase aller depuis 2015. Ce n\u2019est pas parfait, mais on est l\u00e0. C\u2019est \u00e9vident qu\u2019on peut mieux faire, mais \u00e0 force de r\u00e2ler et de toujours trouver ce qui ne va pas, on oublie un peu ce qui va. \u00bb<\/p>\n<p data-start=\"2415\" data-end=\"2571\">Les supporters l\u2019ont compris : sifflets \u00e0 la pause, applaudissements \u00e0 la fin.<\/p>\n<p data-start=\"2415\" data-end=\"2571\">Le contenu n\u2019a pas tout rassur\u00e9 \u2014 mais le r\u00e9sultat, lui, est incontestable.<\/p>\n<p data-start=\"2573\" data-end=\"2710\">Toulon termine l\u2019ann\u00e9e avec cinq points, du caract\u00e8re, et un message clair au championnat : mieux vaut ne jamais laisser Mayol esp\u00e9rer.<\/p>\n","protected":false},"excerpt":{"rendered":"Toulon aura attendu l\u2019heure de jeu pour respirer. Men\u00e9s par la lanterne rouge \u00e0 la pause, chahut\u00e9s et&hellip;\n","protected":false},"author":2,"featured_media":630259,"comment_status":"","ping_status":"","sticky":false,"template":"","format":"standard","meta":{"footnotes":""},"categories":[9619],"tags":[1111,11,1777,674,1011,27,12,882,25,2310],"class_list":{"0":"post-630258","1":"post","2":"type-post","3":"status-publish","4":"format-standard","5":"has-post-thumbnail","7":"category-toulon","8":"tag-actu","9":"tag-actualites","10":"tag-eu","11":"tag-europe","12":"tag-fr","13":"tag-france","14":"tag-news","15":"tag-provence-alpes-cote-dazur","16":"tag-republique-francaise","17":"tag-toulon"},"share_on_mastodon":{"url":"https:\/\/pubeurope.com\/@fr\/115809587282443491","error":""},"_links":{"self":[{"href":"https:\/\/www.europesays.com\/fr\/wp-json\/wp\/v2\/posts\/630258","targetHints":{"allow":["GET"]}}],"collection":[{"href":"https:\/\/www.europesays.com\/fr\/wp-json\/wp\/v2\/posts"}],"about":[{"href":"https:\/\/www.europesays.com\/fr\/wp-json\/wp\/v2\/types\/post"}],"author":[{"embeddable":true,"href":"https:\/\/www.europesays.com\/fr\/wp-json\/wp\/v2\/users\/2"}],"replies":[{"embeddable":true,"href":"https:\/\/www.europesays.com\/fr\/wp-json\/wp\/v2\/comments?post=630258"}],"version-history":[{"count":0,"href":"https:\/\/www.europesays.com\/fr\/wp-json\/wp\/v2\/posts\/630258\/revisions"}],"wp:featuredmedia":[{"embeddable":true,"href":"https:\/\/www.europesays.com\/fr\/wp-json\/wp\/v2\/media\/630259"}],"wp:attachment":[{"href":"https:\/\/www.europesays.com\/fr\/wp-json\/wp\/v2\/media?parent=630258"}],"wp:term":[{"taxonomy":"category","embeddable":true,"href":"https:\/\/www.europesays.com\/fr\/wp-json\/wp\/v2\/categories?post=630258"},{"taxonomy":"post_tag","embeddable":true,"href":"https:\/\/www.europesays.com\/fr\/wp-json\/wp\/v2\/tags?post=630258"}],"curies":[{"name":"wp","href":"https:\/\/api.w.org\/{rel}","templated":true}]}}