{"id":630282,"date":"2025-12-30T17:13:08","date_gmt":"2025-12-30T17:13:08","guid":{"rendered":"https:\/\/www.europesays.com\/fr\/630282\/"},"modified":"2025-12-30T17:13:08","modified_gmt":"2025-12-30T17:13:08","slug":"pres-de-70-voitures-rassemblees-pour-faire-la-course-lors-de-runs-sauvages-samedi-soir-pres-de","status":"publish","type":"post","link":"https:\/\/www.europesays.com\/fr\/630282\/","title":{"rendered":"Pr\u00e8s de 70\u00a0voitures rassembl\u00e9es pour faire la course lors de runs sauvages, samedi soir pr\u00e8s de"},"content":{"rendered":"<p>Les fonctionnaires de police estiment \u00e0 environ 70\u00a0le nombre de v\u00e9hicules rassembl\u00e9s samedi 27\u00a0d\u00e9cembre, vers 22\u00a0h, aux abords du centre commercial Atlantis pr\u00e8s de Nantes. Gyrophares, sir\u00e8nes\u2026 Les policiers sont arriv\u00e9s bruyamment pour les faire partir. Le sc\u00e9nario se r\u00e9p\u00e8te tr\u00e8s r\u00e9guli\u00e8rement les week-ends dans les environs de Nantes. Quand ils sont chass\u00e9s de Saint-Herblain, les organisateurs se dirigent parfois vers le sud de l\u2019agglom\u00e9ration nantaise, <a href=\"https:\/\/nantes.maville.com\/actu\/actudet_-run-sauvage-pres-de-nantes-un-ado-grievement-blesse-six-mois-de-sursis-requis-pour-le-chauffeur-_8-6724921_actu.Htm\" target=\"_self\" rel=\"noopener\">comme \u00e0 Saint-Jean-de-Boiseau o\u00f9 un pick-up avait percut\u00e9 sept pi\u00e9tons en faisant des drifts le 17\u00a0janvier dernier<\/a>.<\/p>\n<p>Une p\u00e9tition lanc\u00e9e pour un lieu d\u00e9di\u00e9 aux rod\u00e9os<\/p>\n<p>Retour donc dans la zone d\u2019Atlantis \u00e0 Saint-Herblain ce week-end. La plupart des v\u00e9hicules sont partis \u00e0 l\u2019arriv\u00e9e des policiers, mais les fonctionnaires sont parvenus \u00e0 interpeller un automobiliste, coinc\u00e9 dans une impasse dans sa fuite. \u00a0D\u2019autres ont essay\u00e9 d\u2019emp\u00eacher le contr\u00f4le\u00a0, rapporte une source polici\u00e8re. Mais l\u2019interpellation du jeune homme de 18\u00a0ans a tout de m\u00eame eu lieu.<\/p>\n<p>Le ph\u00e9nom\u00e8ne agace les autorit\u00e9s. <a href=\"https:\/\/nantes.maville.com\/actu\/actudet_-au-sud-de-nantes-les-gendarmes-interrompent-un-nouveau-rassemblement-sauvage-de-voitures-_8-7086470_actu.Htm\" target=\"_self\" rel=\"noopener\">Le pr\u00e9fet de Loire-Atlantique a pris un arr\u00eat\u00e9 pour les interdire<\/a>, apr\u00e8s diff\u00e9rents incidents survenus ces derniers mois. De leur c\u00f4t\u00e9, les organisateurs r\u00e9clament la mise \u00e0 disposition de quelques centaines de m\u00e8tres de bitume par la mairie de Nantes pour organiser ce qu\u2019ils appellent des \u00a0rassos\u00a0 (diminutifs de\u00a0rassemblements). Ils ont m\u00eame lanc\u00e9 une p\u00e9tition.<\/p>\n<p>\u00a0<\/p>\n","protected":false},"excerpt":{"rendered":"Les fonctionnaires de police estiment \u00e0 environ 70\u00a0le nombre de v\u00e9hicules rassembl\u00e9s samedi 27\u00a0d\u00e9cembre, vers 22\u00a0h, aux abords&hellip;\n","protected":false},"author":2,"featured_media":630283,"comment_status":"","ping_status":"","sticky":false,"template":"","format":"standard","meta":{"footnotes":""},"categories":[2818],"tags":[8642,1111,11,11354,6466,1777,674,4560,1011,27,4933,7826,766,12,2636,3762,19517,25,73927,3272,3982,34701,3467,3888],"class_list":{"0":"post-630282","1":"post","2":"type-post","3":"status-publish","4":"format-standard","5":"has-post-thumbnail","7":"category-nantes","8":"tag-8642","9":"tag-actu","10":"tag-actualites","11":"tag-arrete","12":"tag-course","13":"tag-eu","14":"tag-europe","15":"tag-faire","16":"tag-fr","17":"tag-france","18":"tag-homme","19":"tag-lors","20":"tag-nantes","21":"tag-news","22":"tag-pays-de-la-loire","23":"tag-pres","24":"tag-rassemblees","25":"tag-republique-francaise","26":"tag-runs","27":"tag-saint-nazaire","28":"tag-samedi","29":"tag-sauvages","30":"tag-soir","31":"tag-voitures"},"share_on_mastodon":{"url":"https:\/\/pubeurope.com\/@fr\/115809642471061121","error":""},"_links":{"self":[{"href":"https:\/\/www.europesays.com\/fr\/wp-json\/wp\/v2\/posts\/630282","targetHints":{"allow":["GET"]}}],"collection":[{"href":"https:\/\/www.europesays.com\/fr\/wp-json\/wp\/v2\/posts"}],"about":[{"href":"https:\/\/www.europesays.com\/fr\/wp-json\/wp\/v2\/types\/post"}],"author":[{"embeddable":true,"href":"https:\/\/www.europesays.com\/fr\/wp-json\/wp\/v2\/users\/2"}],"replies":[{"embeddable":true,"href":"https:\/\/www.europesays.com\/fr\/wp-json\/wp\/v2\/comments?post=630282"}],"version-history":[{"count":0,"href":"https:\/\/www.europesays.com\/fr\/wp-json\/wp\/v2\/posts\/630282\/revisions"}],"wp:featuredmedia":[{"embeddable":true,"href":"https:\/\/www.europesays.com\/fr\/wp-json\/wp\/v2\/media\/630283"}],"wp:attachment":[{"href":"https:\/\/www.europesays.com\/fr\/wp-json\/wp\/v2\/media?parent=630282"}],"wp:term":[{"taxonomy":"category","embeddable":true,"href":"https:\/\/www.europesays.com\/fr\/wp-json\/wp\/v2\/categories?post=630282"},{"taxonomy":"post_tag","embeddable":true,"href":"https:\/\/www.europesays.com\/fr\/wp-json\/wp\/v2\/tags?post=630282"}],"curies":[{"name":"wp","href":"https:\/\/api.w.org\/{rel}","templated":true}]}}