{"id":630288,"date":"2025-12-30T17:16:12","date_gmt":"2025-12-30T17:16:12","guid":{"rendered":"https:\/\/www.europesays.com\/fr\/630288\/"},"modified":"2025-12-30T17:16:12","modified_gmt":"2025-12-30T17:16:12","slug":"en-images-lannee-2025-vue-par-laurent-theillet","status":"publish","type":"post","link":"https:\/\/www.europesays.com\/fr\/630288\/","title":{"rendered":"EN IMAGES. L\u2019ann\u00e9e 2025, vue par Laurent Theillet"},"content":{"rendered":"<p>                    <a href=\"https:\/\/www.sudouest.fr\/societe\/en-images-les-meilleures-photos-de-2025-l-annee-vue-par-les-photographes-de-sud-ouest-27191329.php\" title=\"EN IMAGES. Les meilleures photos de 2025\u00a0: l\u2019ann\u00e9e vue par les photographes de Sud Ouest\" target=\"_blank\" rel=\"noopener\"><\/p>\n<p>\n                            EN IMAGES. Les meilleures photos de 2025\u00a0: l\u2019ann\u00e9e vue par les photographes de Sud Ouest\n                        <\/p>\n<p>                    <\/a><\/p>\n<p>\n                        Quels sont les clich\u00e9s qui ont marqu\u00e9 l\u2019ann\u00e9e 2025\u00a0? Nos photographes ont s\u00e9lectionn\u00e9 les images les plus fortes de la r\u00e9gion captur\u00e9es par leurs objectifs. Des \u00e9v\u00e9nements sportifs aux sc\u00e8nes de vie quotidiennes, en passant par les faits marquants et des paysages somptueux&#8230; Cette s\u00e9lection de photos est un concentr\u00e9 de 2025\n                    <\/p>\n","protected":false},"excerpt":{"rendered":"EN IMAGES. Les meilleures photos de 2025\u00a0: l\u2019ann\u00e9e vue par les photographes de Sud Ouest Quels sont les&hellip;\n","protected":false},"author":2,"featured_media":630289,"comment_status":"","ping_status":"","sticky":false,"template":"","format":"standard","meta":{"footnotes":""},"categories":[2817],"tags":[1111,11,1997,1777,674,1011,27,12,2219,25],"class_list":{"0":"post-630288","1":"post","2":"type-post","3":"status-publish","4":"format-standard","5":"has-post-thumbnail","7":"category-bordeaux","8":"tag-actu","9":"tag-actualites","10":"tag-bordeaux","11":"tag-eu","12":"tag-europe","13":"tag-fr","14":"tag-france","15":"tag-news","16":"tag-nouvelle-aquitaine","17":"tag-republique-francaise"},"share_on_mastodon":{"url":"https:\/\/pubeurope.com\/@fr\/115809654553628577","error":""},"_links":{"self":[{"href":"https:\/\/www.europesays.com\/fr\/wp-json\/wp\/v2\/posts\/630288","targetHints":{"allow":["GET"]}}],"collection":[{"href":"https:\/\/www.europesays.com\/fr\/wp-json\/wp\/v2\/posts"}],"about":[{"href":"https:\/\/www.europesays.com\/fr\/wp-json\/wp\/v2\/types\/post"}],"author":[{"embeddable":true,"href":"https:\/\/www.europesays.com\/fr\/wp-json\/wp\/v2\/users\/2"}],"replies":[{"embeddable":true,"href":"https:\/\/www.europesays.com\/fr\/wp-json\/wp\/v2\/comments?post=630288"}],"version-history":[{"count":0,"href":"https:\/\/www.europesays.com\/fr\/wp-json\/wp\/v2\/posts\/630288\/revisions"}],"wp:featuredmedia":[{"embeddable":true,"href":"https:\/\/www.europesays.com\/fr\/wp-json\/wp\/v2\/media\/630289"}],"wp:attachment":[{"href":"https:\/\/www.europesays.com\/fr\/wp-json\/wp\/v2\/media?parent=630288"}],"wp:term":[{"taxonomy":"category","embeddable":true,"href":"https:\/\/www.europesays.com\/fr\/wp-json\/wp\/v2\/categories?post=630288"},{"taxonomy":"post_tag","embeddable":true,"href":"https:\/\/www.europesays.com\/fr\/wp-json\/wp\/v2\/tags?post=630288"}],"curies":[{"name":"wp","href":"https:\/\/api.w.org\/{rel}","templated":true}]}}