{"id":630300,"date":"2025-12-30T17:23:09","date_gmt":"2025-12-30T17:23:09","guid":{"rendered":"https:\/\/www.europesays.com\/fr\/630300\/"},"modified":"2025-12-30T17:23:09","modified_gmt":"2025-12-30T17:23:09","slug":"insecurite-a-lyon-la-prefete-demande-plus-de-cameras-au-maire-gregory-doucet","status":"publish","type":"post","link":"https:\/\/www.europesays.com\/fr\/630300\/","title":{"rendered":"Ins\u00e9curit\u00e9 \u00e0 Lyon. La pr\u00e9f\u00e8te demande plus de cam\u00e9ras au maire Gr\u00e9gory Doucet"},"content":{"rendered":"<p>                    Par<br \/>\n        <strong><br \/>\n            <a href=\"https:\/\/actu.fr\/auteur\/anthony-soudani\" title=\"Consulter tous les articles de Anthony Soudani\" target=\"_blank\" rel=\"noopener\">Anthony Soudani<\/a><br \/>\n                    <\/strong><\/p>\n<p>        Publi\u00e9 le<\/p>\n<p>            30 d\u00e9c. 2025 \u00e0 16h15        <\/p>\n<p>C\u2019est un sujet qui revient r\u00e9guli\u00e8rement. Les 571 cam\u00e9ras de vid\u00e9osurveillance fixes sont-elles suffisamment nombreuses \u00e0 Lyon ? En mai, le maire \u00e9cologiste Gr\u00e9gory Doucet a annonc\u00e9 <a href=\"https:\/\/actu.fr\/auvergne-rhone-alpes\/lyon_69123\/lyon-gregory-doucet-annonce-60-nouvelles-cameras-on-en-sait-plus-sur-leur-emplacement_62700797.html\" target=\"_blank\" rel=\"noopener\">l\u2019installation de 60 cam\u00e9ras d\u2019ici 2026<\/a>. Elles s\u2019ajoutent aux 30 cam\u00e9ras nomades d\u00e9j\u00e0 acquises au cours du mandat, portant le total \u00e0 90 cam\u00e9ras suppl\u00e9mentaires depuis 2020. Si elle salue l\u2019initiative, la <a href=\"https:\/\/actu.fr\/auvergne-rhone-alpes\/lyon_69123\/narcotrafic-a-lyon-on-met-un-coup-de-pied-dans-la-foumiliere-la-prefete-devoile-son-bilan_63633680.html\" target=\"_blank\" rel=\"noopener\">pr\u00e9f\u00e8te du Rh\u00f4ne, Fabienne Buccio<\/a>, en <strong>r\u00e9clame davantage<\/strong> ce mardi 30 d\u00e9cembre dans un entretien accord\u00e9 \u00e0 actu Lyon.\u00a0<\/p>\n<p>\u00ab\u00a0Nous avons besoin de plus de cam\u00e9ras \u00e0 Lyon\u00a0\u00bb<\/p>\n<p class=\" wall-content\">La repr\u00e9sentante de l\u2019Etat prend l\u2019exemple de Villeurbanne : \u00ab\u00a0Chaque fois que nous avons demand\u00e9 des cam\u00e9ras, nous les avons obtenues, et cela a \u00e9t\u00e9 d\u00e9terminant. Elles permettent de rep\u00e9rer rapidement les tentatives de r\u00e9installation des points de deal et d\u2019apporter des preuves \u00e0 l\u2019autorit\u00e9 judiciaire dans les enqu\u00eates sur le narcotrafic.\u00a0\u00bb<\/p>\n<p class=\" wall-content\">Fabienne Buccio assure qu\u2019\u00e0 Lyon, \u00ab\u00a0nous avons besoin de plus de cam\u00e9ras\u00a0\u00bb, mais pas seulement. La pr\u00e9f\u00e8te redemande quelque chose qu\u2019elle n\u2019aura pas obtenu au cours du mandat de <a href=\"https:\/\/actu.fr\/auvergne-rhone-alpes\/lyon_69123\/municipales-2026-a-lyon-gregory-doucet-pour-demenager-le-marche-de-noel-a-bellecour_63617908.html\" target=\"_blank\" rel=\"noopener\">Gr\u00e9gory Doucet<\/a> : <strong>le d\u00e9port actif<\/strong>, c\u2019est-\u00e0-dire la possibilit\u00e9 pour les forces de l\u2019ordre de piloter directement les cam\u00e9ras. \u00ab\u00a0Aujourd\u2019hui, ce n\u2019est pas le cas, et cela limite l\u2019efficacit\u00e9 lors d\u2019\u00e9v\u00e9nements graves\u00a0\u00bb, assure-t-elle.<\/p>\n<p>\u00ab\u00a0Un plan des besoins existe, il a \u00e9t\u00e9 transmis \u00e0 la mairie\u00a0\u00bb<\/p>\n<p class=\" wall-content\">Si la pr\u00e9f\u00e8te rel\u00e8ve que \u00ab\u00a0les cam\u00e9ras promises par le maire sont un premier pas\u00a0\u00bb, elle affirme que c\u2019est \u00ab\u00a0insuffisant\u00a0\u00bb, tout en ajoutant : \u00ab\u00a0Un plan des besoins existe. Il a \u00e9t\u00e9 transmis \u00e0 la mairie.\u00a0\u00bb<\/p>\n<p class=\" wall-content\">Le maire de Lyon, Gr\u00e9gory Doucet, d\u00e9fend pour sa part un d\u00e9ploiement \u00ab\u00a0raisonn\u00e9\u00a0\u00bb des cam\u00e9ras, tout en soulignant que \u00ab\u00a0la s\u00e9curit\u00e9 est une pr\u00e9occupation majeure\u00a0\u00bb pour lui.\u00a0<\/p>\n<p>Aulas veut doubler le nombre de cam\u00e9ras \u00e0 Lyon<\/p>\n<p class=\" wall-content\">De leur c\u00f4t\u00e9, les principaux candidats aux municipales 2026 ont d\u00e9j\u00e0 tous fait leur proposition en mati\u00e8re de vid\u00e9osurveillance \u00e0 Lyon.<\/p>\n<p class=\" wall-content\">\u00c0 droite, Pierre Oliver (LR), maire du 2e arrondissement, promettait <a href=\"https:\/\/actu.fr\/auvergne-rhone-alpes\/lyon_69123\/lyon-cout-efficacite-securite-ce-que-cache-la-promesse-de-2-000-cameras-de-pierre-oliver_62678501.html\" target=\"_blank\" rel=\"noopener\">2\u2009000 nouvelles cam\u00e9ras<\/a> dans la ville s\u2019il \u00e9tait \u00e9lu aux municipales 2026. Depuis, il s\u2019est ralli\u00e9 \u00e0 Jean-Michel Aulas qui annonce, lui, vouloir doubler le nombre de cam\u00e9ras \u00e0 Lyon.<\/p>\n<p>Votre r\u00e9gion, votre actu !<\/p>\n<p>Recevez chaque jour les infos qui comptent pour vous.<\/p>\n<p>\t<a href=\"https:\/\/actu.fr\/newsletter\" class=\"ac-btn ac-btn--corner ac-btn--medium ac-btn--blue800\" target=\"_blank\" rel=\"noopener\">S&rsquo;incrire<\/a><\/p>\n<p class=\" wall-content\">Ana\u00efs Belouassa-Cherifi, candidate de La France insoumise \u00e0 la mairie en 2026, souhaite, elle, <a href=\"https:\/\/actu.fr\/auvergne-rhone-alpes\/lyon_69123\/lyon-anais-belouassa-cherifi-lfi-veut-supprimer-les-cameras-et-desarmer-la-police-municipale_63376962.html\" target=\"_blank\" rel=\"noopener\">arr\u00eater le d\u00e9ploiement de nouvelles cam\u00e9ras<\/a> et seulement conserver le parc existant.<\/p>\n<p class=\" wall-content\">\u00c0 l\u2019inverse, le candidat de \u00ab l\u2019union des droites \u00bb soutenu par le RN, <a href=\"https:\/\/actu.fr\/auvergne-rhone-alpes\/lyon_69123\/municipales-2026-a-lyon-alexandre-dupalais-udr-rn-propose-la-gratuite-du-stationnement_63216429.html\" target=\"_blank\" rel=\"noopener\">Alexandre Dupalais<\/a>, propose un plan massif pour la s\u00e9curit\u00e9 comprenant <strong>5 000 cam\u00e9ras<\/strong>, ainsi qu\u2019un nouveau centre de supervision pour la vid\u00e9oprotection \u00e0 la Guilloti\u00e8re.<\/p>\n<p class=\" wall-content\">Personnalisez votre actualit\u00e9 en ajoutant vos villes et m\u00e9dias en favori avec <a href=\"https:\/\/moncompte.actu.fr\" title=\"D\u00e9couvez Mon Actu\" rel=\"nofollow noopener\" data-trk=\"{&quot;cta&quot;:{&quot;action&quot;:&quot;https:\\\/\\\/moncompte.actu.fr&quot;,&quot;category&quot;:&quot;mon compte&quot;,&quot;from&quot;:&quot;article footer&quot;,&quot;name&quot;:&quot;Mon actu&quot;,&quot;type&quot;:&quot;cta&quot;}}\" target=\"_blank\">Mon Actu<\/a>.<\/p>\n","protected":false},"excerpt":{"rendered":"Par Anthony Soudani Publi\u00e9 le 30 d\u00e9c. 2025 \u00e0 16h15 C\u2019est un sujet qui revient r\u00e9guli\u00e8rement. Les 571&hellip;\n","protected":false},"author":2,"featured_media":630301,"comment_status":"","ping_status":"","sticky":false,"template":"","format":"standard","meta":{"footnotes":""},"categories":[1889],"tags":[1111,11,2430,1777,674,1011,27,5226,2825,2428,12,9450,25,104],"class_list":{"0":"post-630300","1":"post","2":"type-post","3":"status-publish","4":"format-standard","5":"has-post-thumbnail","7":"category-lyon","8":"tag-actu","9":"tag-actualites","10":"tag-auvergne-rhone-alpes","11":"tag-eu","12":"tag-europe","13":"tag-fr","14":"tag-france","15":"tag-gregory-doucet","16":"tag-insecurite","17":"tag-lyon","18":"tag-news","19":"tag-prefecture-du-rhone","20":"tag-republique-francaise","21":"tag-societe"},"share_on_mastodon":{"url":"https:\/\/pubeurope.com\/@fr\/115809681690223908","error":""},"_links":{"self":[{"href":"https:\/\/www.europesays.com\/fr\/wp-json\/wp\/v2\/posts\/630300","targetHints":{"allow":["GET"]}}],"collection":[{"href":"https:\/\/www.europesays.com\/fr\/wp-json\/wp\/v2\/posts"}],"about":[{"href":"https:\/\/www.europesays.com\/fr\/wp-json\/wp\/v2\/types\/post"}],"author":[{"embeddable":true,"href":"https:\/\/www.europesays.com\/fr\/wp-json\/wp\/v2\/users\/2"}],"replies":[{"embeddable":true,"href":"https:\/\/www.europesays.com\/fr\/wp-json\/wp\/v2\/comments?post=630300"}],"version-history":[{"count":0,"href":"https:\/\/www.europesays.com\/fr\/wp-json\/wp\/v2\/posts\/630300\/revisions"}],"wp:featuredmedia":[{"embeddable":true,"href":"https:\/\/www.europesays.com\/fr\/wp-json\/wp\/v2\/media\/630301"}],"wp:attachment":[{"href":"https:\/\/www.europesays.com\/fr\/wp-json\/wp\/v2\/media?parent=630300"}],"wp:term":[{"taxonomy":"category","embeddable":true,"href":"https:\/\/www.europesays.com\/fr\/wp-json\/wp\/v2\/categories?post=630300"},{"taxonomy":"post_tag","embeddable":true,"href":"https:\/\/www.europesays.com\/fr\/wp-json\/wp\/v2\/tags?post=630300"}],"curies":[{"name":"wp","href":"https:\/\/api.w.org\/{rel}","templated":true}]}}