{"id":630306,"date":"2025-12-30T17:27:10","date_gmt":"2025-12-30T17:27:10","guid":{"rendered":"https:\/\/www.europesays.com\/fr\/630306\/"},"modified":"2025-12-30T17:27:10","modified_gmt":"2025-12-30T17:27:10","slug":"le-trafic-entre-paris-et-londres-reprend-mais-lincident-laisse-a-quai-des-voyageurs-desempares","status":"publish","type":"post","link":"https:\/\/www.europesays.com\/fr\/630306\/","title":{"rendered":"le trafic entre Paris et Londres reprend, mais l&rsquo;incident laisse \u00e0 quai des voyageurs d\u00e9sempar\u00e9s"},"content":{"rendered":"<p>                    Par<br \/>\n        <strong><br \/>\n            <a href=\"https:\/\/actu.fr\/auteur\/julie-bossart-actu-fr\" title=\"Consulter tous les articles de Julie Bossart\" target=\"_blank\" rel=\"noopener\">Julie Bossart<\/a><br \/>\n                    <\/strong><\/p>\n<p>        Publi\u00e9 le<\/p>\n<p>            30 d\u00e9c. 2025 \u00e0 17h57        <\/p>\n<p>Le bout du tunnel\u2009? Presque. Ce mardi 30\u00a0d\u00e9cembre 2025, aux alentours de 17\u00a0heures et apr\u00e8s <a href=\"https:\/\/actu.fr\/ile-de-france\/paris_75056\/apres-un-probleme-majeur-sur-l-eurostar-tous-les-trains-entre-paris-gare-du-nord-et-londres-suspendus_63634959.html\" target=\"_blank\" rel=\"noopener\">des heures d\u2019interruption<\/a> due \u00e0 un double <a href=\"https:\/\/actu.fr\/ile-de-france\/paris_75056\/eurostar-retards-suppressions-la-circulation-des-trains-paris-londres-lourdement-perturbee-ce-mardi_63634702.html\" target=\"_blank\" rel=\"noopener\">incident technique dans le tunnel sous la Manche<\/a>, la reprise progressive du trafic entre Londres et <a href=\"https:\/\/actu.fr\/paris\/dernieres-actus\" target=\"_blank\" rel=\"noopener\">Paris<\/a>, notamment, a \u00e9t\u00e9 annonc\u00e9e par Eurostar.<br \/>\u00ab\u2009Le probl\u00e8me d\u2019alimentation \u00e9lectrique par cat\u00e9naire persiste, et nous conseillons vivement \u00e0 tous nos passagers de reporter leur voyage\u2009\u00bb, a toutefois indiqu\u00e9 l\u2019entreprise ferroviaire sur son site. \u00ab\u2009Veuillez ne pas vous rendre en gare si l\u2019annulation de votre train est confirm\u00e9e\u2009\u00bb a ajout\u00e9 l\u2019entreprise, pr\u00e9venant aussi \u00ab\u2009que les trains qui circulent sont susceptibles de subir d\u2019importants retards et des annulations de derni\u00e8re minute\u2009\u00bb.<\/p>\n<p>\u00ab C\u2019est un vrai bazar \u00bb<\/p>\n<p class=\" wall-content\">L\u2019exploitant du tunnel sous la Manche, Getlink, a de son c\u00f4t\u00e9 indiqu\u00e9 que le service Le Shuttle, c\u2019est-\u00e0-dire ses trains qui transportent des v\u00e9hicules entre la France et le Royaume-Uni, lui aussi suspendu, \u00ab\u2009a repris tr\u00e8s progressivement sur une voie vers 14\u00a0heures. Il est assur\u00e9 de mani\u00e8re altern\u00e9e dans les deux sens avec des retards cons\u00e9quents.\u2009\u00bb<br \/>Getlink assure que des navettes suppl\u00e9mentaires seront ajout\u00e9es et que ses \u00e9quipes \u00ab\u2009poursuivent en parall\u00e8le les travaux de r\u00e9paration de l\u2019alimentation \u00e9lectrique\u2009\u00bb.<\/p>\n<p class=\" wall-content\">Sans gravit\u00e9, semble-t-il, l\u2019incident a perturb\u00e9 les plans de nombreux passagers au beau milieu des f\u00eates de fin d\u2019ann\u00e9e.<\/p>\n<p class=\" wall-content\">\u00c0 <a href=\"https:\/\/actu.fr\/tag\/gare-du-nord\" target=\"_blank\" rel=\"noopener\">Paris Gare du Nord<\/a>, l\u2019annulation de tous les trains en direction de la capitale britannique a fait grossir la foule mass\u00e9e en bas du hall passagers pr\u00e9vu pour les trains allant au Royaume-Uni. Le tunnel \u00ab\u2009est ferm\u00e9\u2009\u00bb, expliquait alors dans la langue de Shakespeare un agent de la s\u00fbret\u00e9 ferroviaire aux passagers anglais venus se renseigner, avant d\u2019indiquer\u2009: \u00ab\u2009Vous avez le bureau Eurostar juste l\u00e0.\u2009\u00bb<\/p>\n<p class=\" wall-content\">\u00ab\u2009Nous devions prendre un vol demain \u00e0 9\u00a0heures de Londres \u00e0 Sydney. Maintenant, nous essayons de tout reprogrammer. C\u2019est un vrai bazar, un effet domino\u2009\u00bb, a expliqu\u00e9 \u00e0 l\u2019AFP une fonctionnaire australienne.<\/p>\n<p class=\" wall-content\">De l\u2019autre c\u00f4t\u00e9 du channel, \u00e0 la gare de Saint-Pancras, les passagers ont \u00e0 la mi-journ\u00e9e accueilli l\u2019annonce de la suspension du trafic avec d\u00e9pit, mais dans le calme. Certains voyageurs ont quitt\u00e9 la gare, r\u00e9sign\u00e9s, avec leurs valises, d\u2019autres pianotaient sur leur t\u00e9l\u00e9phone pour trouver un nouveau billet ou r\u00e9server un h\u00f4tel.<\/p>\n<p>Votre r\u00e9gion, votre actu !<\/p>\n<p>Recevez chaque jour les infos qui comptent pour vous.<\/p>\n<p>\t<a href=\"https:\/\/actu.fr\/newsletter\" class=\"ac-btn ac-btn--corner ac-btn--medium ac-btn--blue800\" target=\"_blank\" rel=\"noopener\">S&rsquo;incrire<\/a><br \/>\nL\u2019incident \u00ab\u2009a compl\u00e8tement g\u00e2ch\u00e9 nos vacances\u2009\u00bb<\/p>\n<p class=\" wall-content\">\u00ab\u2009D\u2019abord, nous avons re\u00e7u un message nous informant d\u2019un retard. Ensuite, on nous a conseill\u00e9 de reporter notre r\u00e9servation. Nous ne trouvons pas de billets pour demain\u2009\u00bb, se d\u00e9sole Jodie, 37\u00a0ans, qui voyage avec son mari et sa fille de quatre ans. La famille, qui devait passer le r\u00e9veillon \u00e0 Paris, cherche d\u2019autres solutions. Mais l\u2019incident \u00ab\u2009a compl\u00e8tement g\u00e2ch\u00e9 nos vacances\u2009\u00bb, affirme-t-elle.<\/p>\n<p class=\" wall-content\">Jessica, charg\u00e9e de coordination commerciale de 21\u00a0ans, est \u00ab\u2009d\u00e9\u00e7ue\u2009\u00bb, mais prend les choses avec philosophie. \u00ab\u2009Nous devions f\u00eater le <a href=\"https:\/\/actu.fr\/ile-de-france\/paris_75056\/paris-le-concert-du-nouvel-an-sur-les-champs-elysees-annule-pour-des-raisons-de-securite_63522117.html\" target=\"_blank\" rel=\"noopener\">Nouvel An \u00e0 Paris<\/a>. Nous allons voir si nous pouvons trouver un autre billet. Sinon, nous resterons \u00e0 Londres.\u2009\u00bb<\/p>\n<p class=\" wall-content\">Pris\u00e9 des passagers qui voyagent entre Londres et le continent, Eurostar a transport\u00e9 un nombre record de 19,5 millions de clients l\u2019an dernier, soit 850\u2009000 de plus qu\u2019en 2023. Plusieurs soci\u00e9t\u00e9s ont annonc\u00e9 leur intention ces derniers mois d\u2019ouvrir des lignes concurrentes \u00e0 l\u2019entreprise, qui est aujourd\u2019hui seule \u00e0 effectuer du transport de passagers sur la ligne sous la Manche. Lundi, par exemple, le groupe italien Trenitalia France a <a href=\"https:\/\/actu.fr\/ile-de-france\/paris_75056\/trenitalia-s-allie-a-un-fonds-americain-et-veut-faire-de-paris-le-hub-de-sa-conquete-du-rail-transfrontalier_63630645.html\" target=\"_blank\" rel=\"noopener\">confirm\u00e9 son ambition<\/a> de lancer des trains sous la Manche \u00e0 partir de fin 2029.<\/p>\n<p class=\" wall-content\">Personnalisez votre actualit\u00e9 en ajoutant vos villes et m\u00e9dias en favori avec <a href=\"https:\/\/moncompte.actu.fr\" title=\"D\u00e9couvez Mon Actu\" rel=\"nofollow noopener\" data-trk=\"{&quot;cta&quot;:{&quot;action&quot;:&quot;https:\\\/\\\/moncompte.actu.fr&quot;,&quot;category&quot;:&quot;mon compte&quot;,&quot;from&quot;:&quot;article footer&quot;,&quot;name&quot;:&quot;Mon actu&quot;,&quot;type&quot;:&quot;cta&quot;}}\" target=\"_blank\">Mon Actu<\/a>.<\/p>\n","protected":false},"excerpt":{"rendered":"Par Julie Bossart Publi\u00e9 le 30 d\u00e9c. 2025 \u00e0 17h57 Le bout du tunnel\u2009? Presque. Ce mardi 30\u00a0d\u00e9cembre&hellip;\n","protected":false},"author":2,"featured_media":630307,"comment_status":"","ping_status":"","sticky":false,"template":"","format":"standard","meta":{"footnotes":""},"categories":[1888],"tags":[1111,1928,11,1927,1777,674,1011,27,14904,803,12,1926,626,1925,25,104,64330],"class_list":{"0":"post-630306","1":"post","2":"type-post","3":"status-publish","4":"format-standard","5":"has-post-thumbnail","7":"category-paris","8":"tag-actu","9":"tag-actu-paris","10":"tag-actualites","11":"tag-actualites-paris","12":"tag-eu","13":"tag-europe","14":"tag-fr","15":"tag-france","16":"tag-gare-du-nord","17":"tag-info-trafic","18":"tag-news","19":"tag-news-paris","20":"tag-paris","21":"tag-paris-news","22":"tag-republique-francaise","23":"tag-societe","24":"tag-transmanche"},"share_on_mastodon":{"url":"https:\/\/pubeurope.com\/@fr\/115809697727209061","error":""},"_links":{"self":[{"href":"https:\/\/www.europesays.com\/fr\/wp-json\/wp\/v2\/posts\/630306","targetHints":{"allow":["GET"]}}],"collection":[{"href":"https:\/\/www.europesays.com\/fr\/wp-json\/wp\/v2\/posts"}],"about":[{"href":"https:\/\/www.europesays.com\/fr\/wp-json\/wp\/v2\/types\/post"}],"author":[{"embeddable":true,"href":"https:\/\/www.europesays.com\/fr\/wp-json\/wp\/v2\/users\/2"}],"replies":[{"embeddable":true,"href":"https:\/\/www.europesays.com\/fr\/wp-json\/wp\/v2\/comments?post=630306"}],"version-history":[{"count":0,"href":"https:\/\/www.europesays.com\/fr\/wp-json\/wp\/v2\/posts\/630306\/revisions"}],"wp:featuredmedia":[{"embeddable":true,"href":"https:\/\/www.europesays.com\/fr\/wp-json\/wp\/v2\/media\/630307"}],"wp:attachment":[{"href":"https:\/\/www.europesays.com\/fr\/wp-json\/wp\/v2\/media?parent=630306"}],"wp:term":[{"taxonomy":"category","embeddable":true,"href":"https:\/\/www.europesays.com\/fr\/wp-json\/wp\/v2\/categories?post=630306"},{"taxonomy":"post_tag","embeddable":true,"href":"https:\/\/www.europesays.com\/fr\/wp-json\/wp\/v2\/tags?post=630306"}],"curies":[{"name":"wp","href":"https:\/\/api.w.org\/{rel}","templated":true}]}}