{"id":630308,"date":"2025-12-30T17:28:11","date_gmt":"2025-12-30T17:28:11","guid":{"rendered":"https:\/\/www.europesays.com\/fr\/630308\/"},"modified":"2025-12-30T17:28:11","modified_gmt":"2025-12-30T17:28:11","slug":"paris-un-homme-interpelle-apres-avoir-agresse-au-marteau-deux-personnes-dans-le-metro","status":"publish","type":"post","link":"https:\/\/www.europesays.com\/fr\/630308\/","title":{"rendered":"Paris : Un homme interpell\u00e9 apr\u00e8s avoir agress\u00e9 au marteau deux personnes dans le m\u00e9tro"},"content":{"rendered":"<p class=\"mb-4 text-lg md:leading-8 break-words\"><strong>violences &#8211; Le jeune homme de 26 ans, alcoolis\u00e9 lors de son arrestation, a frapp\u00e9 une passag\u00e8re en voulant la voler, lundi, sur la ligne 3 du m\u00e9tro. Deux personnes ont \u00e9t\u00e9 bless\u00e9es et l\u2019agresseur interpell\u00e9<\/strong><\/p>\n<p class=\"mb-4 text-lg md:leading-8 break-words\">Triste fin d\u2019ann\u00e9e dans le<a href=\"https:\/\/www.20minutes.fr\/dossier\/metro?at_medium=RSS%20feed&amp;at_campaign=ynews&amp;utm_source=yahoo&amp;utm_medium=rss&amp;utm_campaign=news_feed&amp;utm_content=in_article_link\" rel=\"nofollow noopener\" target=\"_blank\" data-ylk=\"slk:m\u00e9tro parisien;elm:context_link;itc:0;sec:content-canvas\" class=\"link \"> m\u00e9tro parisien<\/a>. Trois jours seulement apr\u00e8s l\u2019attaque au couteau qui a fait trois bless\u00e9es dans le m\u00e9tro <a href=\"https:\/\/www.20minutes.fr\/paris\/?at_medium=RSS%20feed&amp;at_campaign=ynews&amp;utm_source=yahoo&amp;utm_medium=rss&amp;utm_campaign=news_feed&amp;utm_content=in_article_link\" rel=\"nofollow noopener\" target=\"_blank\" data-ylk=\"slk:parisien;elm:context_link;itc:0;sec:content-canvas\" class=\"link \">parisien<\/a>, c\u2019est avec un marteau qu\u2019un homme a agress\u00e9, et bless\u00e9, deux personnes dans la ligne 3 ce lundi apr\u00e8s-midi indiquent nos confr\u00e8res <a href=\"https:\/\/www.francebleu.fr\/infos\/faits-divers-justice\/paris-une-attaque-au-marteau-dans-le-metro-fait-deux-blesses-legers-un-suspect-interpelle-5501259?at_medium=RSS%20feed&amp;at_campaign=ynews&amp;utm_source=yahoo&amp;utm_medium=rss&amp;utm_campaign=news_feed&amp;utm_content=in_article_link\" rel=\"nofollow noopener\" target=\"_blank\" data-ylk=\"slk:d\u2019ICI \u00cele-de-France;elm:context_link;itc:0;sec:content-canvas\" class=\"link \">d\u2019ICI \u00cele-de-France<\/a>.<\/p>\n<p class=\"mb-4 text-lg md:leading-8 break-words\">Aux alentours de 13 heures, l\u2019individu, \u00e2g\u00e9 de 26 ans, s\u2019en est pris \u00e0 un adolescent de 17 ans dont le d\u00e9tail des blessures n\u2019a pas \u00e9t\u00e9 pr\u00e9cis\u00e9. Mais c\u2019est quelques minutes plus tard, au niveau de la station Temple que la seconde <a href=\"https:\/\/www.20minutes.fr\/dossier\/agression?at_medium=RSS%20feed&amp;at_campaign=ynews&amp;utm_source=yahoo&amp;utm_medium=rss&amp;utm_campaign=news_feed&amp;utm_content=in_article_link\" rel=\"nofollow noopener\" target=\"_blank\" data-ylk=\"slk:agression;elm:context_link;itc:0;sec:content-canvas\" class=\"link \">agression<\/a>, plus violente encore, a eu lieu.<\/p>\n<p>L\u2019individu alcoolis\u00e9 blesse deux voyageurs<\/p>\n<p class=\"mb-4 text-lg md:leading-8 break-words\">Arm\u00e9 d\u2019un marteau, l\u2019homme a frapp\u00e9 au visage une voyageuse apr\u00e8s avoir exig\u00e9 qu\u2019elle \u00ab\u00a0lui remette tous ses effets\u00a0\u00bb personnels indique le parquet. Pour ces blessures situ\u00e9es au niveau de l\u2019arcade sourcili\u00e8re, une incapacit\u00e9 de travail de huit jours a \u00e9t\u00e9 reconnue, rapporte le m\u00e9dia.<\/p>\n<p class=\"mb-4 text-lg md:leading-8 break-words\">Lorsque des policiers ont tent\u00e9 d\u2019interpeller l\u2019agresseur, celui-ci \u00ab\u00a0est sorti de la rame et a jet\u00e9 la t\u00eate d\u2019un marteau au sol\u00a0\u00bb. Selon le parquet, l\u2019individu \u00e9tait <a href=\"https:\/\/www.20minutes.fr\/dossier\/alcool?at_medium=RSS%20feed&amp;at_campaign=ynews&amp;utm_source=yahoo&amp;utm_medium=rss&amp;utm_campaign=news_feed&amp;utm_content=in_article_link\" rel=\"nofollow noopener\" target=\"_blank\" data-ylk=\"slk:alcoolis\u00e9;elm:context_link;itc:0;sec:content-canvas\" class=\"link \">alcoolis\u00e9<\/a> au moment de son arrestation et a \u00e9t\u00e9 contr\u00f4l\u00e9 \u00e0 0,40 Mg d\u2019alcool par litre d\u2019air expir\u00e9, pr\u00e9cise le parquet.<\/p>\n<p class=\"mb-4 text-lg md:leading-8 break-words\">Le 26 d\u00e9cembre dernier, une autre agression a eu lieu, sur la m\u00eame ligne 3 du m\u00e9tro parisien. Trois femmes ont \u00e9t\u00e9 l\u00e9g\u00e8rement bless\u00e9es \u00e0 l\u2019arme blanche par un individu plac\u00e9 en <a href=\"https:\/\/www.20minutes.fr\/dossier\/garde_a_vue?at_medium=RSS%20feed&amp;at_campaign=ynews&amp;utm_source=yahoo&amp;utm_medium=rss&amp;utm_campaign=news_feed&amp;utm_content=in_article_link\" rel=\"nofollow noopener\" target=\"_blank\" data-ylk=\"slk:garde \u00e0 vue;elm:context_link;itc:0;sec:content-canvas\" class=\"link \">garde \u00e0 vue<\/a>. Cette derni\u00e8re a \u00e9t\u00e9 lev\u00e9e pour des raisons psychiatriques.<\/p>\n<p class=\"mb-4 text-lg md:leading-8 break-words\">D\u2019abord pr\u00e9sent\u00e9 comme un ressortissant malien ayant fait l\u2019obje(&#8230;)<\/p>\n<p class=\"mb-4 text-lg md:leading-8 break-words\"><a href=\"https:\/\/www.20minutes.fr\/faits_divers\/4193734-20251230-paris-homme-interpelle-apres-avoir-agresse-marteau-deux-personnes-metro?at_medium=RSS%20feed&amp;at_campaign=ynews&amp;utm_source=yahoo&amp;utm_medium=rss&amp;utm_campaign=news_feed&amp;utm_content=read_more_link&quot;\" rel=\"nofollow noopener\" target=\"_blank\" data-ylk=\"slk:Lire la suite sur 20minutes;elm:context_link;itc:0;sec:content-canvas\" class=\"link \">Lire la suite sur 20minutes<\/a><\/p>\n<p>\u00c0 lire aussi :<br \/><a href=\"https:\/\/www.20minutes.fr\/faits_divers\/faits-divers-paris\/4193306-20251226-paris-trois-femmes-blessees-arme-blanche-metro?at_medium=RSS%20feed&amp;at_campaign=ynews&amp;utm_source=yahoo&amp;utm_medium=rss&amp;utm_campaign=news_feed&amp;utm_content=related_content_link\" rel=\"nofollow noopener\" target=\"_blank\" data-ylk=\"slk:Paris\u00a0: Trois femmes bless\u00e9es \u00e0 l\u2019arme blanche dans le m\u00e9tro, un homme interpell\u00e9;elm:context_link;itc:0;sec:content-canvas\" class=\"link \">Paris\u00a0: Trois femmes bless\u00e9es \u00e0 l\u2019arme blanche dans le m\u00e9tro, un homme interpell\u00e9<\/a><br \/><a href=\"https:\/\/www.20minutes.fr\/faits_divers\/4193534-20251229-paris-homme-agresse-couteau-trois-femmes-metro-naturalise-francais?at_medium=RSS%20feed&amp;at_campaign=ynews&amp;utm_source=yahoo&amp;utm_medium=rss&amp;utm_campaign=news_feed&amp;utm_content=related_content_link\" rel=\"nofollow noopener\" target=\"_blank\" data-ylk=\"slk:Paris\u00a0: L\u2019homme qui avait agress\u00e9 au couteau trois femmes dans le m\u00e9tro avait \u00e9t\u00e9 naturalis\u00e9 fran\u00e7ais;elm:context_link;itc:0;sec:content-canvas\" class=\"link \">Paris\u00a0: L\u2019homme qui avait agress\u00e9 au couteau trois femmes dans le m\u00e9tro avait \u00e9t\u00e9 naturalis\u00e9 fran\u00e7ais<\/a><\/p>\n","protected":false},"excerpt":{"rendered":"violences &#8211; Le jeune homme de 26 ans, alcoolis\u00e9 lors de son arrestation, a frapp\u00e9 une passag\u00e8re en&hellip;\n","protected":false},"author":2,"featured_media":630309,"comment_status":"","ping_status":"","sticky":false,"template":"","format":"standard","meta":{"footnotes":""},"categories":[1888],"tags":[1111,1928,11,1927,1777,674,1011,27,73931,73932,14074,12057,12,1926,626,1925,25],"class_list":{"0":"post-630308","1":"post","2":"type-post","3":"status-publish","4":"format-standard","5":"has-post-thumbnail","7":"category-paris","8":"tag-actu","9":"tag-actu-paris","10":"tag-actualites","11":"tag-actualites-paris","12":"tag-eu","13":"tag-europe","14":"tag-fr","15":"tag-france","16":"tag-incapacite-de-travail","17":"tag-ligne-3","18":"tag-marteau","19":"tag-metro-parisien","20":"tag-news","21":"tag-news-paris","22":"tag-paris","23":"tag-paris-news","24":"tag-republique-francaise"},"share_on_mastodon":{"url":"https:\/\/pubeurope.com\/@fr\/115809701278575691","error":""},"_links":{"self":[{"href":"https:\/\/www.europesays.com\/fr\/wp-json\/wp\/v2\/posts\/630308","targetHints":{"allow":["GET"]}}],"collection":[{"href":"https:\/\/www.europesays.com\/fr\/wp-json\/wp\/v2\/posts"}],"about":[{"href":"https:\/\/www.europesays.com\/fr\/wp-json\/wp\/v2\/types\/post"}],"author":[{"embeddable":true,"href":"https:\/\/www.europesays.com\/fr\/wp-json\/wp\/v2\/users\/2"}],"replies":[{"embeddable":true,"href":"https:\/\/www.europesays.com\/fr\/wp-json\/wp\/v2\/comments?post=630308"}],"version-history":[{"count":0,"href":"https:\/\/www.europesays.com\/fr\/wp-json\/wp\/v2\/posts\/630308\/revisions"}],"wp:featuredmedia":[{"embeddable":true,"href":"https:\/\/www.europesays.com\/fr\/wp-json\/wp\/v2\/media\/630309"}],"wp:attachment":[{"href":"https:\/\/www.europesays.com\/fr\/wp-json\/wp\/v2\/media?parent=630308"}],"wp:term":[{"taxonomy":"category","embeddable":true,"href":"https:\/\/www.europesays.com\/fr\/wp-json\/wp\/v2\/categories?post=630308"},{"taxonomy":"post_tag","embeddable":true,"href":"https:\/\/www.europesays.com\/fr\/wp-json\/wp\/v2\/tags?post=630308"}],"curies":[{"name":"wp","href":"https:\/\/api.w.org\/{rel}","templated":true}]}}