{"id":630312,"date":"2025-12-30T17:30:17","date_gmt":"2025-12-30T17:30:17","guid":{"rendered":"https:\/\/www.europesays.com\/fr\/630312\/"},"modified":"2025-12-30T17:30:17","modified_gmt":"2025-12-30T17:30:17","slug":"sur-les-champs-elysees-un-dispositif-de-securite-et-de-circulation-renforce","status":"publish","type":"post","link":"https:\/\/www.europesays.com\/fr\/630312\/","title":{"rendered":"sur les Champs-\u00c9lys\u00e9es, un dispositif de s\u00e9curit\u00e9 et de circulation renforc\u00e9"},"content":{"rendered":"<p>                    Par<br \/>\n        <strong><br \/>\n            <a href=\"https:\/\/actu.fr\/auteur\/redaction-paris\" title=\"Consulter tous les articles de R\u00e9daction Paris\" target=\"_blank\" rel=\"noopener\">R\u00e9daction Paris<\/a><br \/>\n                    <\/strong><\/p>\n<p>        Publi\u00e9 le<\/p>\n<p>            30 d\u00e9c. 2025 \u00e0 17h04        <\/p>\n<p>Pr\u00e9vention et s\u00e9curisation seront les ma\u00eetres mots de ce Nouvel An sur les <a href=\"https:\/\/actu.fr\/tag\/champs-elysees\" target=\"_blank\" rel=\"noopener\">Champs-\u00c9lys\u00e9es<\/a>. Pour encadrer les festivit\u00e9s nocturnes qui se d\u00e9rouleront sur la c\u00e9l\u00e8bre avenue du 8e arrondissement de Paris, <strong>un important dispositif de s\u00e9curit\u00e9<\/strong> doit \u00eatre mis en place. La pr\u00e9fecture de Police de Paris a d\u00e9taill\u00e9 les d\u00e9cisions prises pour la soir\u00e9e de mercredi 31\u00a0d\u00e9cembre 2025.<\/p>\n<p class=\" wall-content\">Pas moins de <strong>10\u2009000 policiers et gendarmes<\/strong> seront mobilis\u00e9s dans la capitale, les Hauts-de-Seine, la Seine-Saint-Denis et le Val-de-Marne aux c\u00f4t\u00e9s des pompiers, des militaires de l\u2019op\u00e9ration Sentinelle et des policiers municipaux de l\u2019agglom\u00e9ration parisienne.<\/p>\n<p>Des restrictions de circulation d\u00e8s 14\u2009h<\/p>\n<p class=\" wall-content\">\u00ab\u2009Dans un contexte de menace terroriste toujours \u00e9lev\u00e9e\u2009\u00bb, la pr\u00e9fecture de Police avait d\u00e9j\u00e0 invoqu\u00e9 des raisons de s\u00e9curit\u00e9 pour prendre plusieurs mesures d\u00e9but d\u00e9cembre. Cette ann\u00e9e donc, <a href=\"https:\/\/actu.fr\/ile-de-france\/paris_75056\/paris-le-concert-du-nouvel-an-sur-les-champs-elysees-annule-pour-des-raisons-de-securite_63522117.html\" target=\"_blank\" rel=\"noopener\">ni concert, ni animation musicale sur les Champs-\u00c9lys\u00e9es<\/a>, ni spectacle pyrotechnique pr\u00e8s de la tour Eiffel ne sont au programme des festivit\u00e9s. Reste aux Parisiens un feu d\u2019artifice et un mapping vid\u00e9o projet\u00e9 sur l\u2019Arc de triomphe.<\/p>\n<p class=\" wall-content\">Au niveau du stationnement et de la circulation, les v\u00e9hicules ne pourront plus se garer pr\u00e8s des Champs-\u00c9lys\u00e9es d\u00e8s ce mardi 30\u00a0d\u00e9cembre \u00e0 22\u2009h. \u00c0 compter du 31\u00a0d\u00e9cembre \u00e0 14\u2009h, la circulation des v\u00e9hicules motoris\u00e9s sera interdite du haut de l\u2019avenue jusqu\u2019\u00e0 la porte Maillot. \u00c0 partir de 15\u2009h, plus aucune voiture ne pourra rouler sur le reste de l\u2019avenue des Champs-Elys\u00e9es.<\/p>\n<p>    <img   decoding=\"async\" loading=\"lazy\" src=\"https:\/\/www.europesays.com\/fr\/wp-content\/uploads\/2025\/12\/dispositif-de-securisaion-et-de-circulation-mis-en-place-pour-le-31-decembre-2025-960x640.png\" alt=\"P\u00e9rim\u00e8tre d'interdiction de stationnement et de circulation.\" width=\"960\" height=\"640\"\/><br \/>\n    P\u00e9rim\u00e8tre d\u2019interdiction de stationnement et de circulation. (\u00a9Pr\u00e9fecture de police de Paris)<\/p>\n<p class=\" wall-content\">Enfin, \u00e0 16\u2009h, un p\u00e9rim\u00e8tre de protection r\u00e9glementera encore plus strictement l\u2019acc\u00e8s \u00e0 la circulation des personnes cette fois. Trois zones ont \u00e9t\u00e9 d\u00e9finies afin de repr\u00e9senter l\u2019espace interdit \u00e0 tous les publics (zone 1), celle pr\u00e9serv\u00e9e aux ayants droit (zone 2 et 2 bis) et celle rest\u00e9e accessible au public (zone 3).<\/p>\n<p>    <img   decoding=\"async\" loading=\"lazy\" src=\"https:\/\/www.europesays.com\/fr\/wp-content\/uploads\/2025\/12\/perimetre-de-protection-et-acces-960x640.png\" alt=\"P\u00e9rim\u00e8tre de protection et acc\u00e8s\" width=\"960\" height=\"640\"\/><br \/>\n    P\u00e9rim\u00e8tre de protection et acc\u00e8s (\u00a9Pr\u00e9fecture de police de Paris)<\/p>\n<p>Votre r\u00e9gion, votre actu !<\/p>\n<p>Recevez chaque jour les infos qui comptent pour vous.<\/p>\n<p>\t<a href=\"https:\/\/actu.fr\/newsletter\" class=\"ac-btn ac-btn--corner ac-btn--medium ac-btn--blue800\" target=\"_blank\" rel=\"noopener\">S&rsquo;incrire<\/a><\/p>\n<p class=\" wall-content\">Pour les riverains des zones concern\u00e9s par le p\u00e9rim\u00e8tre de s\u00e9curit\u00e9, l\u2019acc\u00e8s en dehors des heures d\u2019ouverture au grand public se fera aux points d\u2019acc\u00e8s munis d\u2019un justificatif de domicile ou d\u2019emploi et d\u2019une pi\u00e8ce d\u2019identit\u00e9.<\/p>\n<p class=\" wall-content\">Personnalisez votre actualit\u00e9 en ajoutant vos villes et m\u00e9dias en favori avec <a href=\"https:\/\/moncompte.actu.fr\" title=\"D\u00e9couvez Mon Actu\" rel=\"nofollow noopener\" data-trk=\"{&quot;cta&quot;:{&quot;action&quot;:&quot;https:\\\/\\\/moncompte.actu.fr&quot;,&quot;category&quot;:&quot;mon compte&quot;,&quot;from&quot;:&quot;article footer&quot;,&quot;name&quot;:&quot;Mon actu&quot;,&quot;type&quot;:&quot;cta&quot;}}\" target=\"_blank\">Mon Actu<\/a>.<\/p>\n","protected":false},"excerpt":{"rendered":"Par R\u00e9daction Paris Publi\u00e9 le 30 d\u00e9c. 2025 \u00e0 17h04 Pr\u00e9vention et s\u00e9curisation seront les ma\u00eetres mots de&hellip;\n","protected":false},"author":2,"featured_media":630313,"comment_status":"","ping_status":"","sticky":false,"template":"","format":"standard","meta":{"footnotes":""},"categories":[1888],"tags":[11,6984,1777,674,1011,27,12,68950,626,1931,25,104],"class_list":{"0":"post-630312","1":"post","2":"type-post","3":"status-publish","4":"format-standard","5":"has-post-thumbnail","7":"category-paris","8":"tag-actualites","9":"tag-champs-elysees","10":"tag-eu","11":"tag-europe","12":"tag-fr","13":"tag-france","14":"tag-news","15":"tag-nouvel-an-a-paris","16":"tag-paris","17":"tag-prefecture-de-police-de-paris","18":"tag-republique-francaise","19":"tag-societe"},"share_on_mastodon":{"url":"https:\/\/pubeurope.com\/@fr\/115809709449572733","error":""},"_links":{"self":[{"href":"https:\/\/www.europesays.com\/fr\/wp-json\/wp\/v2\/posts\/630312","targetHints":{"allow":["GET"]}}],"collection":[{"href":"https:\/\/www.europesays.com\/fr\/wp-json\/wp\/v2\/posts"}],"about":[{"href":"https:\/\/www.europesays.com\/fr\/wp-json\/wp\/v2\/types\/post"}],"author":[{"embeddable":true,"href":"https:\/\/www.europesays.com\/fr\/wp-json\/wp\/v2\/users\/2"}],"replies":[{"embeddable":true,"href":"https:\/\/www.europesays.com\/fr\/wp-json\/wp\/v2\/comments?post=630312"}],"version-history":[{"count":0,"href":"https:\/\/www.europesays.com\/fr\/wp-json\/wp\/v2\/posts\/630312\/revisions"}],"wp:featuredmedia":[{"embeddable":true,"href":"https:\/\/www.europesays.com\/fr\/wp-json\/wp\/v2\/media\/630313"}],"wp:attachment":[{"href":"https:\/\/www.europesays.com\/fr\/wp-json\/wp\/v2\/media?parent=630312"}],"wp:term":[{"taxonomy":"category","embeddable":true,"href":"https:\/\/www.europesays.com\/fr\/wp-json\/wp\/v2\/categories?post=630312"},{"taxonomy":"post_tag","embeddable":true,"href":"https:\/\/www.europesays.com\/fr\/wp-json\/wp\/v2\/tags?post=630312"}],"curies":[{"name":"wp","href":"https:\/\/api.w.org\/{rel}","templated":true}]}}