{"id":630316,"date":"2025-12-30T17:32:19","date_gmt":"2025-12-30T17:32:19","guid":{"rendered":"https:\/\/www.europesays.com\/fr\/630316\/"},"modified":"2025-12-30T17:32:19","modified_gmt":"2025-12-30T17:32:19","slug":"une-reunion-entre-dirigeants-de-pays-allies-de-kiev-aura-lieu-le-6-janvier-en-france-annonce-volodymyr-zelensky","status":"publish","type":"post","link":"https:\/\/www.europesays.com\/fr\/630316\/","title":{"rendered":"une r\u00e9union entre dirigeants de pays alli\u00e9s de Kiev aura lieu le 6 janvier en France, annonce Volodymyr Zelensky"},"content":{"rendered":"<p>\n    Emmanuel Macron avait assur\u00e9 lundi qu\u2019une rencontre entre dirigeants de pays alli\u00e9s de Kiev aurait lieu d\u00e9but janvier \u00e0 Paris, sans pr\u00e9ciser la date.<\/p>\n<p class=\"fig-paragraph\">Le pr\u00e9sident ukrainien\u00a0<a href=\"http:\/\/www.lefigaro.fr\/international\/encore-un-mensonge-volodymyr-zelenski-dement-une-attaque-sur-une-residence-de-vladimir-poutine-20251229\" data-fig-type=\"NewsFlash\" data-gtm-custom-categorie=\"navigation\" data-gtm-custom-action=\"crossclick\" data-gtm-custom-label=\"Contextuel\" data-gtm-event=\"customEventSPE\" data-fig-domain=\"LEFIGARO\" target=\"_blank\" rel=\"noopener\">Volodymyr Zelensky<\/a>\u00a0a annonc\u00e9 mardi qu&rsquo;une\u00a0<a href=\"http:\/\/www.lefigaro.fr\/international\/guerre-en-ukraine-emmanuel-macron-annonce-une-reunion-des-allies-de-kiev-debut-janvier-a-paris-20251229\" data-fig-type=\"NewsFlash\" data-gtm-custom-categorie=\"navigation\" data-gtm-custom-action=\"crossclick\" data-gtm-custom-label=\"Contextuel\" data-gtm-event=\"customEventSPE\" data-fig-domain=\"LEFIGARO\" target=\"_blank\" rel=\"noopener\">r\u00e9union avec les dirigeants des pays alli\u00e9s de Kiev<\/a>\u00a0\u00e9tait pr\u00e9vue la semaine prochaine en France, dans le cadre des pourparlers pour mettre fin \u00e0 l&rsquo;invasion russe de l&rsquo;Ukraine.<\/p>\n<p class=\"fig-paragraph\">Cette r\u00e9union, planifi\u00e9e \u00abpour le 6 janvier\u00bb, devrait \u00eatre pr\u00e9c\u00e9d\u00e9e d&rsquo;une rencontre en Ukraine au niveau des conseillers \u00e0 la s\u00e9curit\u00e9 des pays alli\u00e9s de Kiev, a ajout\u00e9, sur X, le dirigeant ukrainien. \u00abNous la pr\u00e9voyons pour le 3 janvier\u00bb, a-t-il dit.<\/p>\n<p>                                            <a class=\"fig-a11y-skip\" href=\"#fig-a11y-skip-main-inarticle\" data-module=\"a11y-skip\" data-context=\"was @visible\"><br \/>\n    Passer la publicit\u00e9<br \/>\n<\/a>            <\/p>\n<p>                                            \u00abFinaliser les contributions concr\u00e8tes de chacun\u00bb<\/p>\n<p class=\"fig-paragraph\">Ces r\u00e9unions auront pour but de \u00abpasser en revue tous les documents, tous les travaux pr\u00e9paratoires et les points suppl\u00e9mentaires\u00bb, a pr\u00e9cis\u00e9 Volodymyr Zelensky lors d\u2019une conf\u00e9rence en ligne avec des journalistes. Apr\u00e8s la rencontre en France, \u00abdes r\u00e9unions de conseillers auront \u00e9galement lieu le 7 janvier afin d\u2019affiner les d\u00e9tails\u00bb, avant la pr\u00e9paration d\u2019une nouvelle r\u00e9union \u00abentre les dirigeants europ\u00e9ens et am\u00e9ricains\u00bb, a ajout\u00e9 le dirigeant ukrainien.<\/p>\n<p class=\"fig-paragraph\">Le pr\u00e9sident fran\u00e7ais Emmanuel Macron avait annonc\u00e9 lundi une r\u00e9union des alli\u00e9s de Kiev \u00e0 Paris sans donner de date, \u00abpour finaliser les contributions concr\u00e8tes de chacun\u00bb.<\/p>\n","protected":false},"excerpt":{"rendered":"Emmanuel Macron avait assur\u00e9 lundi qu\u2019une rencontre entre dirigeants de pays alli\u00e9s de Kiev aurait lieu d\u00e9but janvier&hellip;\n","protected":false},"author":2,"featured_media":630317,"comment_status":"","ping_status":"","sticky":false,"template":"","format":"standard","meta":{"footnotes":""},"categories":[1590],"tags":[11,1777,674,131,12,220,134],"class_list":{"0":"post-630316","1":"post","2":"type-post","3":"status-publish","4":"format-standard","5":"has-post-thumbnail","7":"category-ukraine","8":"tag-actualites","9":"tag-eu","10":"tag-europe","11":"tag-guerre-en-ukraine","12":"tag-news","13":"tag-ukraine","14":"tag-volodymyr-zelensky"},"share_on_mastodon":{"url":"https:\/\/pubeurope.com\/@fr\/115809717298569597","error":""},"_links":{"self":[{"href":"https:\/\/www.europesays.com\/fr\/wp-json\/wp\/v2\/posts\/630316","targetHints":{"allow":["GET"]}}],"collection":[{"href":"https:\/\/www.europesays.com\/fr\/wp-json\/wp\/v2\/posts"}],"about":[{"href":"https:\/\/www.europesays.com\/fr\/wp-json\/wp\/v2\/types\/post"}],"author":[{"embeddable":true,"href":"https:\/\/www.europesays.com\/fr\/wp-json\/wp\/v2\/users\/2"}],"replies":[{"embeddable":true,"href":"https:\/\/www.europesays.com\/fr\/wp-json\/wp\/v2\/comments?post=630316"}],"version-history":[{"count":0,"href":"https:\/\/www.europesays.com\/fr\/wp-json\/wp\/v2\/posts\/630316\/revisions"}],"wp:featuredmedia":[{"embeddable":true,"href":"https:\/\/www.europesays.com\/fr\/wp-json\/wp\/v2\/media\/630317"}],"wp:attachment":[{"href":"https:\/\/www.europesays.com\/fr\/wp-json\/wp\/v2\/media?parent=630316"}],"wp:term":[{"taxonomy":"category","embeddable":true,"href":"https:\/\/www.europesays.com\/fr\/wp-json\/wp\/v2\/categories?post=630316"},{"taxonomy":"post_tag","embeddable":true,"href":"https:\/\/www.europesays.com\/fr\/wp-json\/wp\/v2\/tags?post=630316"}],"curies":[{"name":"wp","href":"https:\/\/api.w.org\/{rel}","templated":true}]}}