{"id":630319,"date":"2025-12-30T17:34:12","date_gmt":"2025-12-30T17:34:12","guid":{"rendered":"https:\/\/www.europesays.com\/fr\/630319\/"},"modified":"2025-12-30T17:34:12","modified_gmt":"2025-12-30T17:34:12","slug":"royaume-uni-kate-bush-rend-hommage-a-un-ami-mort-noye-a-noel","status":"publish","type":"post","link":"https:\/\/www.europesays.com\/fr\/630319\/","title":{"rendered":"Royaume-Uni: Kate Bush rend hommage \u00e0 un ami, mort noy\u00e9 \u00e0 No\u00ebl"},"content":{"rendered":"<p>Publi\u00e930. d\u00e9cembre 2025, 17:15<\/p>\n<p>Royaume-Uni: Kate Bush rend hommage \u00e0 un ami, mort noy\u00e9 \u00e0 No\u00ebl<\/p>\n<p>Deux personnes ont disparu au large des c\u00f4tes du Devon. L&rsquo;un \u00e9tait un proche de la chanteuse.<\/p>\n<p><img loading=\"lazy\" decoding=\"async\" src=\"https:\/\/www.europesays.com\/fr\/wp-content\/uploads\/2025\/12\/e0c1c95d-0a96-469c-87db-afd705b1e5fb.jpg\" alt=\"Kate Bush, photographi\u00e9e en 2014.\" title=\"Kate Bush, photographi\u00e9e en 2014.\"  width=\"937\" height=\"731\"\/><\/p>\n<p>Kate Bush, photographi\u00e9e en 2014.<\/p>\n<p>AFP<\/p>\n<p><strong\/>Kate Bush a r\u00e9v\u00e9l\u00e9 que l&rsquo;un des nageurs disparus le jour de No\u00ebl au Royaume-Uni \u00e9tait \u00abl&rsquo;un de ses amis les plus chers\u00bb.<\/p>\n<p>La chanteuse de \u00abWuthering Heights\u00bb a rendu hommage sur son <a target=\"_blank\" href=\"https:\/\/www.katebush.com\/news_article\/matthew\/\" rel=\"noopener noreferrer\">site<\/a> officiel \u00e0 son ami Matthew Upham, toujours port\u00e9 disparu apr\u00e8s s&rsquo;\u00eatre baign\u00e9 au large des c\u00f4tes du Devon, en Angleterre, le jour de No\u00ebl.<\/p>\n<p>\u00abMatthew \u00e9tait l&rsquo;un de mes amis les plus chers. Je le connaissais depuis trente ans. Il faisait partie de ces personnes qui touchent tous ceux qu&rsquo;elles rencontrent. Il \u00e9tait extraordinairement gentil, attentionn\u00e9 et vivait pleinement sa vie. Il \u00e9tait aussi tr\u00e8s amusant. Sa famille a le c\u0153ur bris\u00e9 et, comme beaucoup de ses amis, moi aussi\u00bb, a \u00e9crit l&rsquo;artiste le 28 d\u00e9cembre.<\/p>\n<p>Kate Bush a soulign\u00e9 que Matthew Upham \u00e9tait un nageur \u00abtr\u00e8s exp\u00e9riment\u00e9\u00bb qui avait un grand respect pour la mer.<\/p>\n<p>\u00abC&rsquo;est tragique qu&rsquo;il ait perdu la vie de cette fa\u00e7on. Le monde a perdu quelqu&rsquo;un d&rsquo;incroyablement sp\u00e9cial. Merci Matthew, d&rsquo;avoir \u00e9t\u00e9 l&rsquo;un des meilleurs amis que l&rsquo;on puisse avoir\u00bb, a ajout\u00e9 la chanteuse de \u00abCloudbusting\u00bb.<\/p>\n<p>Selon des informations de la BBC, l&rsquo;ami de Kate Bush aurait d&rsquo;abord tent\u00e9 de porter secours \u00e0 une femme en difficult\u00e9. Puis il a \u00e9t\u00e9 port\u00e9 disparu comme un second homme, quadrag\u00e9naire.<\/p>\n<p>Les services d&rsquo;urgence ont \u00e9t\u00e9 appel\u00e9s \u00e0 Budleigh Salterton, dans le Devon, vers 10h25 le 25 d\u00e9cembre, apr\u00e8s que le brocanteur Matthew Upham, 63 ans, et un homme d&rsquo;une quarantaine d&rsquo;ann\u00e9es aient \u00e9t\u00e9 introuvables apr\u00e8s une baignade en mer. L&rsquo;op\u00e9ration de recherche et de sauvetage des garde-c\u00f4tes a \u00e9t\u00e9 interrompue \u00e0 17 heures ce jour-l\u00e0.<\/p>\n<p>La chanteuse de 67 ans, dont le tube \u00abRunning Up That Hill\u00bb de 1985 conna\u00eet un regain de publicit\u00e9 \u00e0 l&rsquo;occasion de son int\u00e9gration dans les saisons 4 et 5 de la s\u00e9rie \u00abStranger Things\u00bb, a \u00e9voqu\u00e9 la possibilit\u00e9 d&rsquo;un grand retour cr\u00e9atif en 2026.<\/p>\n<p>(Cover Media\/R.M.)<\/p>\n","protected":false},"excerpt":{"rendered":"Publi\u00e930. d\u00e9cembre 2025, 17:15 Royaume-Uni: Kate Bush rend hommage \u00e0 un ami, mort noy\u00e9 \u00e0 No\u00ebl Deux personnes&hellip;\n","protected":false},"author":2,"featured_media":630320,"comment_status":"","ping_status":"","sticky":false,"template":"","format":"standard","meta":{"footnotes":""},"categories":[1588],"tags":[11,1777,674,12,473,1853,1851,1850,1852],"class_list":{"0":"post-630319","1":"post","2":"type-post","3":"status-publish","4":"format-standard","5":"has-post-thumbnail","7":"category-royaume-uni","8":"tag-actualites","9":"tag-eu","10":"tag-europe","11":"tag-news","12":"tag-royaume-uni","13":"tag-royaume-uni-de-grande-bretagne-et-dirlande-du-nord","14":"tag-uk","15":"tag-united-kingdom","16":"tag-united-kingdom-of-great-britain-and-northern-ireland"},"share_on_mastodon":{"url":"https:\/\/pubeurope.com\/@fr\/115809724940424909","error":""},"_links":{"self":[{"href":"https:\/\/www.europesays.com\/fr\/wp-json\/wp\/v2\/posts\/630319","targetHints":{"allow":["GET"]}}],"collection":[{"href":"https:\/\/www.europesays.com\/fr\/wp-json\/wp\/v2\/posts"}],"about":[{"href":"https:\/\/www.europesays.com\/fr\/wp-json\/wp\/v2\/types\/post"}],"author":[{"embeddable":true,"href":"https:\/\/www.europesays.com\/fr\/wp-json\/wp\/v2\/users\/2"}],"replies":[{"embeddable":true,"href":"https:\/\/www.europesays.com\/fr\/wp-json\/wp\/v2\/comments?post=630319"}],"version-history":[{"count":0,"href":"https:\/\/www.europesays.com\/fr\/wp-json\/wp\/v2\/posts\/630319\/revisions"}],"wp:featuredmedia":[{"embeddable":true,"href":"https:\/\/www.europesays.com\/fr\/wp-json\/wp\/v2\/media\/630320"}],"wp:attachment":[{"href":"https:\/\/www.europesays.com\/fr\/wp-json\/wp\/v2\/media?parent=630319"}],"wp:term":[{"taxonomy":"category","embeddable":true,"href":"https:\/\/www.europesays.com\/fr\/wp-json\/wp\/v2\/categories?post=630319"},{"taxonomy":"post_tag","embeddable":true,"href":"https:\/\/www.europesays.com\/fr\/wp-json\/wp\/v2\/tags?post=630319"}],"curies":[{"name":"wp","href":"https:\/\/api.w.org\/{rel}","templated":true}]}}