{"id":630321,"date":"2025-12-30T17:35:11","date_gmt":"2025-12-30T17:35:11","guid":{"rendered":"https:\/\/www.europesays.com\/fr\/630321\/"},"modified":"2025-12-30T17:35:11","modified_gmt":"2025-12-30T17:35:11","slug":"une-banque-braquee-a-laide-dune-foreuse-geante-le-prejudice-estime-a-30-millions-deuros","status":"publish","type":"post","link":"https:\/\/www.europesays.com\/fr\/630321\/","title":{"rendered":"une banque braqu\u00e9e \u00e0 l\u2019aide d\u2019une foreuse g\u00e9ante, le pr\u00e9judice estim\u00e9 \u00e0 30 millions d\u2019euros"},"content":{"rendered":"<p>C\u2019est un braquage pour le moins spectaculaire. Des cambrioleurs ont braqu\u00e9 une banque, le week-end dernier, \u00e0 Gelsenkirchen, pr\u00e8s de Dortmund, dans l\u2019ouest de l\u2019Allemagne, provoquant un pr\u00e9judice de 30\u00a0millions d\u2019euros, selon la police, et la col\u00e8re des clients.\u00a0Les suspects ont d\u00e9valis\u00e9 plus de 3.000 coffres-forts d\u2019une succursale de la Caisse d\u2019\u00e9pargne locale, contenant de l\u2019argent, des bijoux ou de l\u2019or, a indiqu\u00e9, ce mardi 30\u00a0d\u00e9cembre 2025, un porte-parole de la police.\u00a0Avec une somme assur\u00e9e moyenne de 10.000\u00a0euros par coffre, les enqu\u00eateurs estiment le montant des dommages \u00e0 environ 30\u00a0millions d\u2019euros.<\/p>\n<p>La banque est par ailleurs rest\u00e9e ferm\u00e9e, ce mardi, \u00ab\u00a0pour des raisons de s\u00e9curit\u00e9\u00a0\u00bb, car plusieurs clients, inquiets pour leurs biens, se sont rassembl\u00e9s dans la matin\u00e9e devant la banque et ont prof\u00e9r\u00e9 des \u00ab\u00a0menaces\u00a0\u00bb envers les employ\u00e9s.\u00a0Sur une vid\u00e9o du tablo\u00efd Bild, on aper\u00e7oit en effet plusieurs dizaines de personnes essayant de forcer l\u2019acc\u00e8s au b\u00e2timent malgr\u00e9 la pr\u00e9sence de la police. La situation s\u2019est calm\u00e9e, en d\u00e9but d\u2019apr\u00e8s midi, pr\u00e9cise le porte-parole.<\/p>\n<p>\u00ab\u00a0Comme dans Ocean\u2019s Eleven\u00a0\u00bb<\/p>\n<p>La m\u00e9thode employ\u00e9e pour le braquage a d\u00e9rout\u00e9 les enqu\u00eateurs\u00a0: les voleurs ont for\u00e9 un trou dans la salle des coffres \u00e0 l\u2019aide d\u2019une machine manifestement immense. \u00ab\u00a0C\u2019est comme dans le film [am\u00e9ricain de casse] <a target=\"_self\" href=\"https:\/\/www.lanouvellerepublique.fr\/a-la-une\/george-clooney-sa-femme-et-leurs-enfants-obtiennent-la-nationalite-francaise-1767029439\" rel=\"noopener\">Ocean\u2019s Eleven<\/a>\u00a0\u00bb, r\u00e9sume la source polici\u00e8re, \u00ab\u00a0tout s\u2019est d\u00e9roul\u00e9 de mani\u00e8re tr\u00e8s professionnelle\u00a0\u00bb. Les braqueurs ont aussi \u00ab\u00a0profit\u00e9 du calme de No\u00ebl\u00a0\u00bb, pr\u00e9cisait plus t\u00f4t un communiqu\u00e9, la banque \u00e9tant ferm\u00e9e \u00e0 cette p\u00e9riode.<\/p>\n<p>L\u2019enqu\u00eate est toujours en cours, alors que l\u2019identit\u00e9 des auteurs et le moment exact du casse demeurent incertains.\u00a0Selon la police, des t\u00e9moins auraient aper\u00e7u plusieurs hommes, dans la nuit de samedi \u00e0 dimanche, munis de grands sacs dans la cage d\u2019escalier d\u2019un parking adjacent.<\/p>\n<p>Une Audi noire \u00e0 la plaque d\u2019immatriculation vol\u00e9e, conduite par des hommes masqu\u00e9s, a quitt\u00e9 ce m\u00eame parking, lundi au petit matin, d\u2019apr\u00e8s les vid\u00e9os de surveillance exploit\u00e9es par la police. Le cambriolage avait \u00e9t\u00e9 d\u00e9couvert, lundi, gr\u00e2ce \u00e0 une alerte incendie re\u00e7ue par les pompiers.<\/p>\n","protected":false},"excerpt":{"rendered":"C\u2019est un braquage pour le moins spectaculaire. Des cambrioleurs ont braqu\u00e9 une banque, le week-end dernier, \u00e0 Gelsenkirchen,&hellip;\n","protected":false},"author":2,"featured_media":630322,"comment_status":"","ping_status":"","sticky":false,"template":"","format":"standard","meta":{"footnotes":""},"categories":[1587],"tags":[328,11,672,1804,1805,1803,1777,674,274,329,1801,1757,74,12,1802],"class_list":{"0":"post-630321","1":"post","2":"type-post","3":"status-publish","4":"format-standard","5":"has-post-thumbnail","7":"category-allemagne","8":"tag-a-la-une","9":"tag-actualites","10":"tag-allemagne","11":"tag-bundesrepublik-deutschland","12":"tag-de","13":"tag-deutschland","14":"tag-eu","15":"tag-europe","16":"tag-faits-divers-justice","17":"tag-france-monde","18":"tag-germany","19":"tag-insolite","20":"tag-monde","21":"tag-news","22":"tag-republique-federale-dallemagne"},"share_on_mastodon":{"url":"https:\/\/pubeurope.com\/@fr\/115809728771239550","error":""},"_links":{"self":[{"href":"https:\/\/www.europesays.com\/fr\/wp-json\/wp\/v2\/posts\/630321","targetHints":{"allow":["GET"]}}],"collection":[{"href":"https:\/\/www.europesays.com\/fr\/wp-json\/wp\/v2\/posts"}],"about":[{"href":"https:\/\/www.europesays.com\/fr\/wp-json\/wp\/v2\/types\/post"}],"author":[{"embeddable":true,"href":"https:\/\/www.europesays.com\/fr\/wp-json\/wp\/v2\/users\/2"}],"replies":[{"embeddable":true,"href":"https:\/\/www.europesays.com\/fr\/wp-json\/wp\/v2\/comments?post=630321"}],"version-history":[{"count":0,"href":"https:\/\/www.europesays.com\/fr\/wp-json\/wp\/v2\/posts\/630321\/revisions"}],"wp:featuredmedia":[{"embeddable":true,"href":"https:\/\/www.europesays.com\/fr\/wp-json\/wp\/v2\/media\/630322"}],"wp:attachment":[{"href":"https:\/\/www.europesays.com\/fr\/wp-json\/wp\/v2\/media?parent=630321"}],"wp:term":[{"taxonomy":"category","embeddable":true,"href":"https:\/\/www.europesays.com\/fr\/wp-json\/wp\/v2\/categories?post=630321"},{"taxonomy":"post_tag","embeddable":true,"href":"https:\/\/www.europesays.com\/fr\/wp-json\/wp\/v2\/tags?post=630321"}],"curies":[{"name":"wp","href":"https:\/\/api.w.org\/{rel}","templated":true}]}}