{"id":630323,"date":"2025-12-30T17:36:18","date_gmt":"2025-12-30T17:36:18","guid":{"rendered":"https:\/\/www.europesays.com\/fr\/630323\/"},"modified":"2025-12-30T17:36:18","modified_gmt":"2025-12-30T17:36:18","slug":"le-delicat-retour-du-vison-deurope-a-letat-de-nature","status":"publish","type":"post","link":"https:\/\/www.europesays.com\/fr\/630323\/","title":{"rendered":"Le d\u00e9licat retour du vison d\u2019Europe \u00e0 l\u2019\u00e9tat de nature"},"content":{"rendered":"<p>Le dossier est d\u00e9licat et impose les pincettes. Aussi, personne ne saura o\u00f9 ces dix visons d\u2019Europe n\u00e9s \u00e0 Zoodyss\u00e9e ont \u00e9t\u00e9 l\u00e2ch\u00e9s dans la nature dans l\u2019\u00e9t\u00e9 2025. On sait juste que l\u2019op\u00e9ration a \u00e9t\u00e9 men\u00e9e en Charente, fruit de plus de dix ans de travail.<\/p>\n<p>Pour mesurer l\u2019enjeu, il faut d\u2019abord avoir en t\u00eate qu\u2019il ne resterait plus \u00e0 l\u2019\u00e9tat sauvage, en France, que 250 visons d\u2019Europe. Un effectif qui n\u2019a cess\u00e9 de se r\u00e9duire vers peau de chagrin au fil des ans, au point que ce petit must\u00e9lid\u00e9 au museau blanc (cette tache blanche le distingue de son cousin d\u2019Am\u00e9rique) est d\u00e9sormais inscrit sur la liste mondiale des esp\u00e8ces menac\u00e9es de l\u2019<a target=\"_self\" href=\"https:\/\/uicn.fr\/\" rel=\"noopener\">Union internationale pour la conservation de la nature (UICN)<\/a>.<\/p>\n<p>Les causes de cet effondrement sont connues\u00a0: disparition et\/ou fragmentations des zones humides o\u00f9 il vit, concurrence du vison d\u2019Am\u00e9rique, destructions accidentelles, notamment par collisions routi\u00e8res.<\/p>\n<p>Partenaires<\/p>\n<p>Deux premiers plans nationaux d\u2019action (PNA) (1999-2003 et 2007-2011) avaient permis de mieux comprendre la biologie de l\u2019animal et, surtout, de confirmer la r\u00e9gularit\u00e9 du d\u00e9clin&#8230;. <\/p>\n<p>    Cet article a \u00e9t\u00e9 tronqu\u00e9. Abonnez-vous pour lire l&rsquo;article complet sur notre site.<\/p>\n<p style=\"margin: 0 !important; padding: 0 !important; font-size: 12px !important;\">Cet article a \u00e9t\u00e9 tronqu\u00e9. Abonnez-vous pour lire l&rsquo;article complet.<\/p>\n<p>    <a href=\"https:\/\/www.lanouvellerepublique.fr\/abonnements\" style=\"display: inline-block; margin-top: 5px !important; padding: 6px 12px !important; background: #cb1c27; color: white; text-decoration: none; border-radius: 4px; font-size: 12px !important;\" target=\"_blank\" rel=\"noopener\"><br \/>\n      S&rsquo;abonner<br \/>\n    <\/a><\/p>\n","protected":false},"excerpt":{"rendered":"Le dossier est d\u00e9licat et impose les pincettes. Aussi, personne ne saura o\u00f9 ces dix visons d\u2019Europe n\u00e9s&hellip;\n","protected":false},"author":2,"featured_media":630324,"comment_status":"","ping_status":"","sticky":false,"template":"","format":"standard","meta":{"footnotes":""},"categories":[1586],"tags":[1392,11,1867,2545,1777,674,1011,27,12,48447,25],"class_list":{"0":"post-630323","1":"post","2":"type-post","3":"status-publish","4":"format-standard","5":"has-post-thumbnail","7":"category-europe","8":"tag-a-la-une-local","9":"tag-actualites","10":"tag-animaux","11":"tag-deux-sevres","12":"tag-eu","13":"tag-europe","14":"tag-fr","15":"tag-france","16":"tag-news","17":"tag-nos-animaux-en-danger","18":"tag-republique-francaise"},"share_on_mastodon":{"url":"https:\/\/pubeurope.com\/@fr\/115809732862625771","error":""},"_links":{"self":[{"href":"https:\/\/www.europesays.com\/fr\/wp-json\/wp\/v2\/posts\/630323","targetHints":{"allow":["GET"]}}],"collection":[{"href":"https:\/\/www.europesays.com\/fr\/wp-json\/wp\/v2\/posts"}],"about":[{"href":"https:\/\/www.europesays.com\/fr\/wp-json\/wp\/v2\/types\/post"}],"author":[{"embeddable":true,"href":"https:\/\/www.europesays.com\/fr\/wp-json\/wp\/v2\/users\/2"}],"replies":[{"embeddable":true,"href":"https:\/\/www.europesays.com\/fr\/wp-json\/wp\/v2\/comments?post=630323"}],"version-history":[{"count":0,"href":"https:\/\/www.europesays.com\/fr\/wp-json\/wp\/v2\/posts\/630323\/revisions"}],"wp:featuredmedia":[{"embeddable":true,"href":"https:\/\/www.europesays.com\/fr\/wp-json\/wp\/v2\/media\/630324"}],"wp:attachment":[{"href":"https:\/\/www.europesays.com\/fr\/wp-json\/wp\/v2\/media?parent=630323"}],"wp:term":[{"taxonomy":"category","embeddable":true,"href":"https:\/\/www.europesays.com\/fr\/wp-json\/wp\/v2\/categories?post=630323"},{"taxonomy":"post_tag","embeddable":true,"href":"https:\/\/www.europesays.com\/fr\/wp-json\/wp\/v2\/tags?post=630323"}],"curies":[{"name":"wp","href":"https:\/\/api.w.org\/{rel}","templated":true}]}}