{"id":630339,"date":"2025-12-30T17:49:11","date_gmt":"2025-12-30T17:49:11","guid":{"rendered":"https:\/\/www.europesays.com\/fr\/630339\/"},"modified":"2025-12-30T17:49:11","modified_gmt":"2025-12-30T17:49:11","slug":"la-loi-wenger-arrive-la-fifa-et-infantino-lancent-la","status":"publish","type":"post","link":"https:\/\/www.europesays.com\/fr\/630339\/","title":{"rendered":"La \u00ab\u00a0Loi Wenger\u00a0\u00bb arrive ? La FIFA et Infantino lancent la &#8230;"},"content":{"rendered":"<p>Face aux pol\u00e9miques incessantes li\u00e9es \u00e0 la VAR et aux<br \/>\nhors-jeu de quelques millim\u00e8tres, la <strong>FIFA<\/strong> passe \u00e0<br \/>\nl\u2019offensive. <strong>Gianni Infantino<\/strong> a officiellement<br \/>\nouvert la porte \u00e0 l\u2019adoption de la \u00ab\u00a0Loi Wenger\u00a0\u00bb. Ce<br \/>\nchangement radical de la r\u00e8gle du hors-jeu pourrait bouleverser le<br \/>\nfootball mondial d\u00e8s 2026. D\u00e9cryptage d\u2019une r\u00e9forme qui veut<br \/>\nredonner l\u2019avantage au spectacle.<\/p>\n<p>Qu\u2019est-ce que la Loi Wenger ? Le<br \/>\ntournant offensif d\u2019Ars\u00e8ne Wenger<\/p>\n<p>Depuis son arriv\u00e9e \u00e0 la t\u00eate du d\u00e9veloppement du football<br \/>\nmondial \u00e0 la <strong>FIFA<\/strong>, Ars\u00e8ne Wenger milite pour une<br \/>\nsimplification de la r\u00e8gle 11. Son constat est simple : la<br \/>\ntechnologie actuelle (VAR) punit les attaquants pour un bout de<br \/>\nchaussure ou une \u00e9paule d\u00e9passant d\u2019un cheveu, tuant ainsi le<br \/>\nspectacle. La <strong>Loi Wenger<\/strong> propose une inversion<br \/>\ntotale de la logique actuelle : un attaquant ne serait consid\u00e9r\u00e9<br \/>\ncomme hors-jeu que si l\u2019<strong>int\u00e9gralit\u00e9 de son corps<\/strong><br \/>\nse trouve devant le dernier d\u00e9fenseur. En d\u2019autres termes, si une<br \/>\nseule partie du corps de l\u2019attaquant (m\u00eame le talon) est sur la<br \/>\nm\u00eame ligne que le d\u00e9fenseur, le jeu continue.<\/p>\n<p>Gianni Infantino et la FIFA valident<br \/>\nles tests<\/p>\n<p>Longtemps rest\u00e9e au stade de l\u2019id\u00e9e, cette r\u00e9forme s\u2019acc\u00e9l\u00e8re en<br \/>\nce mois de d\u00e9cembre 2025. Le pr\u00e9sident de la FIFA, <strong>Gianni<br \/>\nInfantino<\/strong>, a confirm\u00e9 que les r\u00e9sultats des tests<br \/>\neffectu\u00e9s dans des championnats de jeunes en Su\u00e8de, en Italie et<br \/>\naux Pays-Bas sont extr\u00eamement prometteurs.<\/p>\n<blockquote class=\"wp-block-quote is-layout-flow wp-block-quote-is-layout-flow\">\n<blockquote class=\"wp-block-quote is-layout-flow wp-block-quote-is-layout-flow\">\n<p>\u00ab\u00a0Notre objectif est de rendre le football plus<br \/>\nattractif et plus offensif. Si les tests confirment une<br \/>\naugmentation du nombre de buts et une fluidit\u00e9 accrue, il n\u2019y a<br \/>\naucune raison de ne pas l\u2019adopter \u00e0 grande \u00e9chelle\u00a0\u00bb, a<br \/>\nlaiss\u00e9 entendre le patron du football mondial.<\/p>\n<\/blockquote>\n<\/blockquote>\n<p>L\u2019<strong>IFAB<\/strong> (l\u2019organisme garant des lois du jeu)<br \/>\ndoit se r\u00e9unir d\u00e9but 2026 pour statuer sur une possible int\u00e9gration<br \/>\nde cette r\u00e8gle dans les comp\u00e9titions officielles.<\/p>\n<p><strong><a href=\"https:\/\/canal-supporters.com\/la-joie-dachraf-hakimi-apres-son-retour-sur-les-terrains\/\" target=\"_blank\" rel=\"noopener\"><br \/>\nA lire aussi \u2013 CAN 2025 : La joie d\u2019Achraf Hakimi apr\u00e8s son retour<br \/>\n\u00e0 la comp\u00e9tition avec le Maroc<\/a><\/strong><\/p>\n<p>canalsupporters.com<\/p>\n<p>Pourquoi cette r\u00e8gle va r\u00e9volutionner<br \/>\nvos matchs de football<\/p>\n<p>Le passage \u00e0 cette nouvelle r\u00e8gle du hors-jeu entra\u00eenerait trois<br \/>\ncons\u00e9quences majeures pour le jeu :<\/p>\n<ol start=\"1\" class=\"wp-block-list\">\n<li><strong>Plus de buts :<\/strong> En donnant une \u00ab\u00a0marge de man\u0153uvre\u00a0\u00bb de plusieurs dizaines de centim\u00e8tres aux attaquants, le nombre d\u2019occasions franches devrait exploser.<\/li>\n<li><strong>La fin des hors-jeu \u00ab\u00a0millim\u00e9triques\u00a0\u00bb :<\/strong> Les d\u00e9cisions de la VAR sur les lignes trac\u00e9es au pixel pr\u00e8s deviendraient beaucoup moins frustrantes pour les supporters.<\/li>\n<li><strong>Une mutation tactique :<\/strong> Les blocs d\u00e9fensifs tr\u00e8s hauts, comme ceux pratiqu\u00e9s par le FC Barcelone ou Liverpool, deviendraient extr\u00eamement risqu\u00e9s. Les d\u00e9fenseurs devront s\u2019adapter \u00e0 une vitesse de pointe adverse encore plus d\u00e9vastatrice.<\/li>\n<\/ol>\n<p>Vers une application pour la Coupe du<br \/>\nMonde 2026 ?<\/p>\n<p>Le timing de cette annonce n\u2019est pas anodin. \u00c0 quelques mois de<br \/>\nla <strong>Coupe du Monde 2026<\/strong> (\u00c9tats-Unis, Mexique,<br \/>\nCanada), la FIFA cherche le \u00ab\u00a0grand coup\u00a0\u00bb m\u00e9diatique et<br \/>\nsportif. Si l\u2019IFAB valide la Loi Wenger en mars prochain, elle<br \/>\npourrait \u00eatre instaur\u00e9e juste \u00e0 temps pour le plus grand \u00e9v\u00e9nement<br \/>\nde la plan\u00e8te foot.<\/p>\n<p>Reste \u00e0 savoir si les d\u00e9fenseurs et les entra\u00eeneurs les plus<br \/>\nconservateurs accepteront ce qui ressemble \u00e0 la plus grande<br \/>\nmodification des lois du jeu depuis l\u2019interdiction de la passe en<br \/>\nretrait au gardien en 1992.<\/p>\n<\/p>\n<p>YouTube : <a href=\"https:\/\/www.youtube.com\/watch?v=J3l58TML2Yg&amp;t=373s\" target=\"_blank\" rel=\"noopener\">Canal<br \/>\nSupporters Paris<\/a><\/p>\n","protected":false},"excerpt":{"rendered":"Face aux pol\u00e9miques incessantes li\u00e9es \u00e0 la VAR et aux hors-jeu de quelques millim\u00e8tres, la FIFA passe \u00e0&hellip;\n","protected":false},"author":2,"featured_media":630340,"comment_status":"","ping_status":"","sticky":false,"template":"","format":"standard","meta":{"footnotes":""},"categories":[1410],"tags":[38382,81,2269,63,1011,27,73933,91,92,93,60,96],"class_list":{"0":"post-630339","1":"post","2":"type-post","3":"status-publish","4":"format-standard","5":"has-post-thumbnail","7":"category-football","8":"tag-arsene-wenger","9":"tag-canal-supporters","10":"tag-fifa","11":"tag-football","12":"tag-fr","13":"tag-france","14":"tag-loi-wenger","15":"tag-paris-saint-germain","16":"tag-paris-sg","17":"tag-psg","18":"tag-sports","19":"tag-une"},"share_on_mastodon":{"url":"https:\/\/pubeurope.com\/@fr\/115809783859480953","error":""},"_links":{"self":[{"href":"https:\/\/www.europesays.com\/fr\/wp-json\/wp\/v2\/posts\/630339","targetHints":{"allow":["GET"]}}],"collection":[{"href":"https:\/\/www.europesays.com\/fr\/wp-json\/wp\/v2\/posts"}],"about":[{"href":"https:\/\/www.europesays.com\/fr\/wp-json\/wp\/v2\/types\/post"}],"author":[{"embeddable":true,"href":"https:\/\/www.europesays.com\/fr\/wp-json\/wp\/v2\/users\/2"}],"replies":[{"embeddable":true,"href":"https:\/\/www.europesays.com\/fr\/wp-json\/wp\/v2\/comments?post=630339"}],"version-history":[{"count":0,"href":"https:\/\/www.europesays.com\/fr\/wp-json\/wp\/v2\/posts\/630339\/revisions"}],"wp:featuredmedia":[{"embeddable":true,"href":"https:\/\/www.europesays.com\/fr\/wp-json\/wp\/v2\/media\/630340"}],"wp:attachment":[{"href":"https:\/\/www.europesays.com\/fr\/wp-json\/wp\/v2\/media?parent=630339"}],"wp:term":[{"taxonomy":"category","embeddable":true,"href":"https:\/\/www.europesays.com\/fr\/wp-json\/wp\/v2\/categories?post=630339"},{"taxonomy":"post_tag","embeddable":true,"href":"https:\/\/www.europesays.com\/fr\/wp-json\/wp\/v2\/tags?post=630339"}],"curies":[{"name":"wp","href":"https:\/\/api.w.org\/{rel}","templated":true}]}}