{"id":630341,"date":"2025-12-30T17:50:10","date_gmt":"2025-12-30T17:50:10","guid":{"rendered":"https:\/\/www.europesays.com\/fr\/630341\/"},"modified":"2025-12-30T17:50:10","modified_gmt":"2025-12-30T17:50:10","slug":"mort-de-brigitte-bardot-lelysee-voulait-un-hommage-national-la-famille-de-la-star-na-pas-donne-suite","status":"publish","type":"post","link":"https:\/\/www.europesays.com\/fr\/630341\/","title":{"rendered":"Mort de Brigitte Bardot\u00a0: l\u2019Elys\u00e9e voulait un hommage national, la famille de la star n\u2019a pas donn\u00e9 suite"},"content":{"rendered":"<p>\n                                                                    l&rsquo;essentiel<br \/>\n                                                                L\u2019\u00c9lys\u00e9e a propos\u00e9 \u00e0 la famille de Brigitte Bardot d\u2019organiser un hommage national pour l\u2019ic\u00f4ne du cin\u00e9ma fran\u00e7ais d\u00e9c\u00e9d\u00e9e dimanche, mais ses proches n\u2019ont pas donn\u00e9 suite, a indiqu\u00e9 mardi un proche d\u2019Emmanuel Macron \u00e0 l\u2019AFP.\n                            <\/p>\n<p>Depuis l\u2019annonce du d\u00e9c\u00e8s de l\u2019actrice Brigitte Bardot le 28\u00a0d\u00e9cembre, une question se pose sur les plateaux de t\u00e9l\u00e9vision\u00a0: faut-il lui organiser un hommage national\u00a0? Ce mardi 30\u00a0d\u00e9cembre, on apprend que l\u2019\u00c9lys\u00e9e aurait propos\u00e9 l\u2019id\u00e9e \u00e0 la famille de l\u2019actrice mais que celle-ci n\u2019aurait pas donn\u00e9 suite.<\/p>\n<p class=\"std-elt__inline\">\n        <strong>\u00c0 lire aussi :<\/strong><br \/>\n        <a href=\"https:\/\/www.ladepeche.fr\/2025\/12\/29\/mort-de-brigitte-bardot-la-star-planetaire-sera-inhumee-au-cimetiere-marin-de-saint-tropez-face-a-la-mer-mediterranee-13135417.php\" target=\"_blank\" rel=\"noopener\">Mort de Brigitte Bardot\u00a0: la star plan\u00e9taire sera inhum\u00e9e le 7\u00a0janvier \u00e0 11\u00a0heures au cimeti\u00e8re marin de Saint-Tropez, face \u00e0 la mer M\u00e9diterran\u00e9e<\/a>\n    <\/p>\n<p>\u00ab\u00a0Il y a eu un \u00e9change avec la famille, avec proposition qu\u2019un hommage ait lieu, sans que la famille ne donne suite\u00a0\u00bb, a d\u00e9clar\u00e9 ce proche, en rappelant qu\u2019une telle d\u00e9marche correspond \u00e0 un \u00ab\u00a0usage r\u00e9publicain\u00a0\u00bb et que les hommages sont \u00ab\u00a0syst\u00e9matiquement d\u00e9cid\u00e9s d\u2019un commun accord avec les proches du d\u00e9funt\u00a0\u00bb.<\/p>\n<p>Une question qui divise<\/p>\n<p>\u00c9ric Ciotti, pr\u00e9sident de l\u2019UDR, alli\u00e9 au Rassemblement national dont \u00e9tait proche Brigitte Bardot, avait demand\u00e9 lundi \u00e0 Emmanuel Macron d\u2019organiser un hommage national, \u00e0 l\u2019image de celui rendu en 2017 au chanteur Johnny Hallyday.<\/p>\n<p class=\"std-elt__inline\">\n        <strong>\u00c0 lire aussi :<\/strong><br \/>\n        <a href=\"https:\/\/www.ladepeche.fr\/2025\/12\/29\/pourquoi-brigitte-bardot-dit-ca-de-moi-la-mauvaise-aventure-vecue-par-cette-dompteuse-de-lions-creatrice-dun-parc-zoologique-pres-de-toulouse-13135476.php\" target=\"_blank\" rel=\"noopener\">\u00ab\u00a0Pourquoi Brigitte Bardot dit \u00e7a de moi\u00a0?\u00a0\u00bb La mauvaise aventure v\u00e9cue par cette dompteuse de lions cr\u00e9atrice d\u2019un parc zoologique pr\u00e8s de Toulouse<\/a>\n    <\/p>\n<p>Le patron du Parti socialiste, Olivier Faure, tout en saluant \u00ab\u00a0une actrice iconique\u00a0\u00bb, a en revanche estim\u00e9 que les hommages nationaux \u00e9taient rendus pour \u00ab\u00a0services exceptionnels \u00e0 la Nation\u00a0\u00bb et que l\u2019artiste avait \u00ab\u00a0tourn\u00e9 le dos aux valeurs r\u00e9publicaines\u00a0\u00bb.<\/p>\n<p>Emmanuel Macron ne se rendra pas aux obs\u00e8ques, qui se tiendront dans l\u2019intimit\u00e9 le 7\u00a0janvier \u00e0 Saint-Tropez, a \u00e9galement indiqu\u00e9 le proche du pr\u00e9sident.<\/p>\n<p class=\"std-elt__inline\">\n        <strong>\u00c0 lire aussi :<\/strong><br \/>\n        <a href=\"https:\/\/www.ladepeche.fr\/2025\/12\/30\/allo-cest-brigitte-quand-brigitte-bardot-echangeait-avec-un-toulousain-a-propos-de-son-livre-sur-les-singes-13135621.php\" target=\"_blank\" rel=\"noopener\">\u00ab\u00a0All\u00f4, c\u2019est Brigitte\u00a0\u00bb, quand Brigitte Bardot \u00e9changeait avec un Toulousain \u00e0 propos de son livre sur les singes<\/a>\n    <\/p>\n<p>En 2023, l\u2019actrice avait adress\u00e9 une lettre incendiaire au chef de l\u2019\u00c9tat, lui reprochant son manque d\u2019action contre la souffrance animale. \u00ab\u00a0Je suis en col\u00e8re face \u00e0 votre inaction, votre l\u00e2chet\u00e9, votre m\u00e9pris des Fran\u00e7ais, qui vous le rendent bien il est vrai\u00a0\u00bb, avait-elle notamment \u00e9crit.<\/p>\n<p>L\u2019inhumation priv\u00e9e sera suivie d'\u00a0\u00bbun hommage ouvert \u00e0 tous les Trop\u00e9ziens et \u00e0 ses admirateurs\u00a0\u00bb, a pr\u00e9cis\u00e9 la Fondation de Brigitte Bardot, d\u00e9di\u00e9e \u00e0 la protection des animaux.<\/p>\n","protected":false},"excerpt":{"rendered":"l&rsquo;essentiel L\u2019\u00c9lys\u00e9e a propos\u00e9 \u00e0 la famille de Brigitte Bardot d\u2019organiser un hommage national pour l\u2019ic\u00f4ne du cin\u00e9ma&hellip;\n","protected":false},"author":2,"featured_media":630342,"comment_status":"","ping_status":"","sticky":false,"template":"","format":"standard","meta":{"footnotes":""},"categories":[1359],"tags":[7196,872,58,59,1011,27,73743,973],"class_list":{"0":"post-630341","1":"post","2":"type-post","3":"status-publish","4":"format-standard","5":"has-post-thumbnail","7":"category-people","8":"tag-cinu00e9ma","9":"tag-culture-et-loisirs","10":"tag-divertissement","11":"tag-entertainment","12":"tag-fr","13":"tag-france","14":"tag-mort-de-brigitte-bardot","15":"tag-people"},"share_on_mastodon":{"url":"https:\/\/pubeurope.com\/@fr\/115809787774506860","error":""},"_links":{"self":[{"href":"https:\/\/www.europesays.com\/fr\/wp-json\/wp\/v2\/posts\/630341","targetHints":{"allow":["GET"]}}],"collection":[{"href":"https:\/\/www.europesays.com\/fr\/wp-json\/wp\/v2\/posts"}],"about":[{"href":"https:\/\/www.europesays.com\/fr\/wp-json\/wp\/v2\/types\/post"}],"author":[{"embeddable":true,"href":"https:\/\/www.europesays.com\/fr\/wp-json\/wp\/v2\/users\/2"}],"replies":[{"embeddable":true,"href":"https:\/\/www.europesays.com\/fr\/wp-json\/wp\/v2\/comments?post=630341"}],"version-history":[{"count":0,"href":"https:\/\/www.europesays.com\/fr\/wp-json\/wp\/v2\/posts\/630341\/revisions"}],"wp:featuredmedia":[{"embeddable":true,"href":"https:\/\/www.europesays.com\/fr\/wp-json\/wp\/v2\/media\/630342"}],"wp:attachment":[{"href":"https:\/\/www.europesays.com\/fr\/wp-json\/wp\/v2\/media?parent=630341"}],"wp:term":[{"taxonomy":"category","embeddable":true,"href":"https:\/\/www.europesays.com\/fr\/wp-json\/wp\/v2\/categories?post=630341"},{"taxonomy":"post_tag","embeddable":true,"href":"https:\/\/www.europesays.com\/fr\/wp-json\/wp\/v2\/tags?post=630341"}],"curies":[{"name":"wp","href":"https:\/\/api.w.org\/{rel}","templated":true}]}}