{"id":630343,"date":"2025-12-30T17:51:10","date_gmt":"2025-12-30T17:51:10","guid":{"rendered":"https:\/\/www.europesays.com\/fr\/630343\/"},"modified":"2025-12-30T17:51:10","modified_gmt":"2025-12-30T17:51:10","slug":"la-planete-dans-loeil-des-photographes","status":"publish","type":"post","link":"https:\/\/www.europesays.com\/fr\/630343\/","title":{"rendered":"La plan\u00e8te dans l&rsquo;\u0153il des photographes"},"content":{"rendered":"<p class=\"PopSlotParagraph qg-tx2 qg-xtra-lh svelte-1r0pyek\">Christophe Jacrot et \u00c9ric Bouvet ont choisi d\u2019immortaliser le spectacle de la nature, de rendre\u00a0visible\u00a0la beaut\u00e9 de la plan\u00e8te, des \u00e9l\u00e9ments naturels aux cha\u00eenes de montagnes\u00a0qui subissent les effets du r\u00e9chauffement climatique. A travers ces photographies d\u2019auteur se d\u00e9gagent po\u00e9sie, immensit\u00e9 et fragilit\u00e9. Au-del\u00e0 de leur regard personnel, il y a la puissance des images qui ont\u00a0le pouvoir d&rsquo;interpeller les consciences. Rencontre avec ces photographes professionnels pour comprendre leurs r\u00f4les et sensibilit\u00e9s.<\/p>\n<p> S&rsquo;engager dans le monde en tant que photographe<\/p>\n<p class=\"PopSlotParagraph qg-tx2 qg-xtra-lh svelte-1r0pyek\">\u00c9ric Bouvet a travaill\u00e9 en tant que\u00a0photojournaliste, il a notamment couvert\u00a0les conflits en Afghanistan, Tch\u00e9tch\u00e9nie, Somalie&#8230; Il d\u00e9taille son rapport au temps pr\u00e9sent\u00a0:\u00a0\u00ab\u00a0on vit l&rsquo;Histoire contemporaine. Ce qu&rsquo;on a v\u00e9cu ces derniers temps\u00a0: la pand\u00e9mie, la crise des gilets jaunes, on en parlera plus tard comme des \u00e9venements tels Mai 68. On vit l&rsquo;histoire en direct\u00a0! Ce qui m&rsquo;a passionn\u00e9, c&rsquo;est de pouvoir aller sur les lieux et de vivre cette histoire en direct. C&rsquo;est une mani\u00e8re d&rsquo;essayer de comprendre comment fonctionne l&rsquo;humain.\u00a0\u00bb<br \/>Eric Bouvet \u00e9voque le bouleversement technologique des ann\u00e9es 2000, l&rsquo;\u00e9mergence d&rsquo;une jeune g\u00e9n\u00e9ration de photographes et une approche renouvell\u00e9e de la photographie.<\/p>\n<p class=\"PopSlotParagraph qg-tx2 qg-xtra-lh svelte-1r0pyek\">Christophe Jacrot a arpent\u00e9 et photographi\u00e9 les villes &#8211;\u00a0 de Paris \u00e0\u00a0Hong Kong, en passant par Boston et Shanghai (entre autres) &#8211; ainsi que les grands espaces. Le photographe explique cette mani\u00e8re singuli\u00e8re de photographier les intemp\u00e9ries\u00a0: des prises de vues faisant la part belle aux pr\u00e9cipitations et aux temp\u00eates. \u00ab\u00a0Quand vous photographiez une temp\u00eate, il faut faire corps avec son sujet, il faut devenir neige, devenir temp\u00eate, comme le photographe Sebasti\u00e3o Salgado le disait\u00a0\u00bb explique-t-il.<\/p>\n<p> Pour en savoir plus<\/p>\n<p class=\"PopSlotParagraph qg-tx2 qg-xtra-lh svelte-1r0pyek\"><strong>A d\u00e9couvrir\u00a0:<\/strong><\/p>\n<p class=\"PopSlotParagraph qg-tx2 qg-xtra-lh svelte-1r0pyek\"><strong>Bibliographie<\/strong><\/p>\n<p> G\u00e9n\u00e9rique<\/p>\n<p class=\"PopSlotParagraph qg-tx2 qg-xtra-lh svelte-1r0pyek\"><strong>Archives\u00a0:<\/strong><\/p>\n<p class=\"PopSlotParagraph qg-tx2 qg-xtra-lh svelte-1r0pyek\"><strong>Musique\u00a0:<\/strong> \u00ab\u00a0Come to Me\u00a0\u00bb de\u00a0Bj\u00f6rk<\/p>\n","protected":false},"excerpt":{"rendered":"Christophe Jacrot et \u00c9ric Bouvet ont choisi d\u2019immortaliser le spectacle de la nature, de rendre\u00a0visible\u00a0la beaut\u00e9 de la&hellip;\n","protected":false},"author":2,"featured_media":630344,"comment_status":"","ping_status":"","sticky":false,"template":"","format":"standard","meta":{"footnotes":""},"categories":[1358],"tags":[1348,1384,1385,1386,58,59,1011,27],"class_list":{"0":"post-630343","1":"post","2":"type-post","3":"status-publish","4":"format-standard","5":"has-post-thumbnail","7":"category-arts-et-design","8":"tag-arts","9":"tag-arts-and-design","10":"tag-arts-et-design","11":"tag-design","12":"tag-divertissement","13":"tag-entertainment","14":"tag-fr","15":"tag-france"},"share_on_mastodon":{"url":"https:\/\/pubeurope.com\/@fr\/115809791674036376","error":""},"_links":{"self":[{"href":"https:\/\/www.europesays.com\/fr\/wp-json\/wp\/v2\/posts\/630343","targetHints":{"allow":["GET"]}}],"collection":[{"href":"https:\/\/www.europesays.com\/fr\/wp-json\/wp\/v2\/posts"}],"about":[{"href":"https:\/\/www.europesays.com\/fr\/wp-json\/wp\/v2\/types\/post"}],"author":[{"embeddable":true,"href":"https:\/\/www.europesays.com\/fr\/wp-json\/wp\/v2\/users\/2"}],"replies":[{"embeddable":true,"href":"https:\/\/www.europesays.com\/fr\/wp-json\/wp\/v2\/comments?post=630343"}],"version-history":[{"count":0,"href":"https:\/\/www.europesays.com\/fr\/wp-json\/wp\/v2\/posts\/630343\/revisions"}],"wp:featuredmedia":[{"embeddable":true,"href":"https:\/\/www.europesays.com\/fr\/wp-json\/wp\/v2\/media\/630344"}],"wp:attachment":[{"href":"https:\/\/www.europesays.com\/fr\/wp-json\/wp\/v2\/media?parent=630343"}],"wp:term":[{"taxonomy":"category","embeddable":true,"href":"https:\/\/www.europesays.com\/fr\/wp-json\/wp\/v2\/categories?post=630343"},{"taxonomy":"post_tag","embeddable":true,"href":"https:\/\/www.europesays.com\/fr\/wp-json\/wp\/v2\/tags?post=630343"}],"curies":[{"name":"wp","href":"https:\/\/api.w.org\/{rel}","templated":true}]}}