{"id":630345,"date":"2025-12-30T17:53:13","date_gmt":"2025-12-30T17:53:13","guid":{"rendered":"https:\/\/www.europesays.com\/fr\/630345\/"},"modified":"2025-12-30T17:53:13","modified_gmt":"2025-12-30T17:53:13","slug":"michel-drucker-la-fuite-des-telespectateurs-de-france-3","status":"publish","type":"post","link":"https:\/\/www.europesays.com\/fr\/630345\/","title":{"rendered":"Michel Drucker\u00a0: la fuite des t\u00e9l\u00e9spectateurs de France 3"},"content":{"rendered":"<p>\n\t\t\t\t\t\tPubli\u00e9 le 30\/12\/2025 \u00e0 14:55<\/p>\n<p><strong>Michel Drucker<\/strong> animait <strong> Famille je vous aime<\/strong>  en prime time sur France 3 ce lundi 29 d\u00e9cembre 2025. L\u2019\u00e9mission a provoqu\u00e9 la fuite des t\u00e9l\u00e9spectateurs\u2026<\/p>\n<p><a href=\"https:\/\/toutelatele.ouest-france.fr\/michel-drucker-357\" target=\"_blank\" rel=\"noopener\"><strong>Michel Drucker<\/strong><\/a> \u00e9tait aux commandes de <strong> Famille je vous aime<\/strong>  en prime time sur France 3 ce lundi 29 d\u00e9cembre 2025. En raison de la mort de <strong>Brigitte Bardot<\/strong>, <a href=\"https:\/\/toutelatele.ouest-france.fr\/mort-de-brigitte-bardot-gran-turismo-deprogramme-le-film-le-mepris-en-hommage-sur-france-2-182232\" class=\"spip_in\" target=\"_blank\" rel=\"noopener\">la cha\u00eene a annonc\u00e9 la d\u00e9programmation de l\u2019\u00e9mission pour rendre hommage \u00e0 l\u2019actrice avec le film <strong> Viva Maria<\/strong> <\/a>. Finalement, France T\u00e9l\u00e9visions a fait marche arri\u00e8re.<\/p>\n<p>En effet, quelques heures avant le prime, France 3 a finalement fait le choix de maintenir <strong> Famille je vous aime<\/strong>  et a d\u00e9cid\u00e9 de reprogrammer <strong> Viva Maria<\/strong>  le jeudi 1er janvier 2026 en prime time, \u00e0 la place de la s\u00e9rie <strong> Cassandre<\/strong> . De ce fait, <a href=\"https:\/\/toutelatele.ouest-france.fr\/michel-drucker-reprogramme-en-urgence-sur-france-3-182261\" class=\"spip_in\" target=\"_blank\" rel=\"noopener\">Michel Drucker a conserv\u00e9 la diffusion de son \u00e9mission<\/a>.<\/p>\n<p>Quels invit\u00e9s pour Michel Drucker dans Famille je vous aime\u00a0?<\/p>\n<p><a href=\"https:\/\/toutelatele.ouest-france.fr\/michel-drucker-revele-le-nom-des-3-stars-sur-qui-il-pourra-toujours-compter-176719\" class=\"spip_in\" target=\"_blank\" rel=\"noopener\">Le pr\u00e9c\u00e9dent num\u00e9ro de <strong> Famille je vous aime<\/strong> <\/a> avait \u00e9t\u00e9 diffus\u00e9 le vendredi 13 juin 2025 en prime time et avait attir\u00e9 1,18 million de curieux, soit 7,9% du public pr\u00e9sent. Pour ce second num\u00e9ro de l\u2019\u00e9mission, ce lundi 29 d\u00e9cembre 2025, Michel Drucker recevait <strong>Alain Souchon<\/strong>, <strong>Laurent Voulzy<\/strong> et plusieurs de leurs fils respectifs, mais \u00e9galement <strong>Chantal Ladesou<\/strong> accompagn\u00e9e de son mari et de sa fille.<\/p>\n<p>L\u2019animateur de <strong> Vivement dimanche<\/strong>  accueillait \u00e9galement <a href=\"https:\/\/toutelatele.ouest-france.fr\/mes-tres-chers-enfants-ce-qui-a-rejoui-josiane-balasko-sur-le-tournage-du-film-181684\" class=\"spip_in\" target=\"_blank\" rel=\"noopener\"><strong>Josiane Balasko<\/strong> et sa fille <strong>Marilou Berry<\/strong><\/a>, <strong>Franck Leb\u0153uf<\/strong>, accompagn\u00e9 de sa femme et de ses enfants, l\u2019humoriste <strong>Alex Vizorek<\/strong> et son p\u00e8re, ou encore <strong>Julien Clerc<\/strong> et <strong>G\u00e9r\u00e9my Cr\u00e9deville<\/strong>, dont la famille est au c\u0153ur de leurs derniers projets. C\u00f4t\u00e9 audience, ce second num\u00e9ro de <strong> Famille je vous aime<\/strong>  a vir\u00e9 \u00e0 la catastrophe\u2026<\/p>\n<p>Flop d\u2019audience pour Michel Drucker sur France 3<\/p>\n<p>Ce num\u00e9ro de <strong> Famille je vous aime<\/strong> , propos\u00e9 entre 21h10 et 23h16, a r\u00e9uni 774 000 t\u00e9l\u00e9spectateurs, soit 5% de part de march\u00e9 sur les quatre ans et plus. <a href=\"https:\/\/toutelatele.ouest-france.fr\/audiences-tv-prime-lundi-29-decembre-2025-josephine-impuissante-face-a-meurtres-au-paradis-catastrophe-pour-michel-drucker-sur-france-3-182263\" class=\"spip_in\" target=\"_blank\" rel=\"noopener\">France 3 se classe cinqui\u00e8me cha\u00eene nationale<\/a>, battue par France 2, TF1, Arte et M6.<\/p>\n<p>Dans le d\u00e9tail, 2,7 millions de Fran\u00e7ais sont devant la fin d\u2019<strong> Un si grand soleil<\/strong> . Apr\u00e8s la fin de la s\u00e9rie quotidienne de France 3, ils ne sont plus qu\u2019\u00e0 peine 800 000 devant le d\u00e9marrage du prime anim\u00e9 par Michel Drucker. Les t\u00e9l\u00e9spectateurs ont donc pris la fuite entre la fin du feuilleton et le d\u00e9but de <strong> Famille je vous aime<\/strong> .<\/p>\n<p>Sur les cibles commerciales, c\u2019est une catastrophe pour Michel Drucker puisque France 3 se classe 15\u00e8me cha\u00eene nationale hors cha\u00eenes info. Cette \u00e9dition de <strong> Famille je vous aime<\/strong>  a respectivement s\u00e9duit 0,7% des femmes responsables des achats de moins de 50 ans et 1% aupr\u00e8s des 25-49 ans.<\/p>\n","protected":false},"excerpt":{"rendered":"Publi\u00e9 le 30\/12\/2025 \u00e0 14:55 Michel Drucker animait Famille je vous aime en prime time sur France 3&hellip;\n","protected":false},"author":2,"featured_media":630346,"comment_status":"","ping_status":"","sticky":false,"template":"","format":"standard","meta":{"footnotes":""},"categories":[1356],"tags":[58,59,1011,27,252,1364],"class_list":{"0":"post-630345","1":"post","2":"type-post","3":"status-publish","4":"format-standard","5":"has-post-thumbnail","7":"category-television","8":"tag-divertissement","9":"tag-entertainment","10":"tag-fr","11":"tag-france","12":"tag-television","13":"tag-tv"},"share_on_mastodon":{"url":"https:\/\/pubeurope.com\/@fr\/115809799586996222","error":""},"_links":{"self":[{"href":"https:\/\/www.europesays.com\/fr\/wp-json\/wp\/v2\/posts\/630345","targetHints":{"allow":["GET"]}}],"collection":[{"href":"https:\/\/www.europesays.com\/fr\/wp-json\/wp\/v2\/posts"}],"about":[{"href":"https:\/\/www.europesays.com\/fr\/wp-json\/wp\/v2\/types\/post"}],"author":[{"embeddable":true,"href":"https:\/\/www.europesays.com\/fr\/wp-json\/wp\/v2\/users\/2"}],"replies":[{"embeddable":true,"href":"https:\/\/www.europesays.com\/fr\/wp-json\/wp\/v2\/comments?post=630345"}],"version-history":[{"count":0,"href":"https:\/\/www.europesays.com\/fr\/wp-json\/wp\/v2\/posts\/630345\/revisions"}],"wp:featuredmedia":[{"embeddable":true,"href":"https:\/\/www.europesays.com\/fr\/wp-json\/wp\/v2\/media\/630346"}],"wp:attachment":[{"href":"https:\/\/www.europesays.com\/fr\/wp-json\/wp\/v2\/media?parent=630345"}],"wp:term":[{"taxonomy":"category","embeddable":true,"href":"https:\/\/www.europesays.com\/fr\/wp-json\/wp\/v2\/categories?post=630345"},{"taxonomy":"post_tag","embeddable":true,"href":"https:\/\/www.europesays.com\/fr\/wp-json\/wp\/v2\/tags?post=630345"}],"curies":[{"name":"wp","href":"https:\/\/api.w.org\/{rel}","templated":true}]}}