{"id":63035,"date":"2025-04-30T00:02:08","date_gmt":"2025-04-30T00:02:08","guid":{"rendered":"https:\/\/www.europesays.com\/fr\/63035\/"},"modified":"2025-04-30T00:02:08","modified_gmt":"2025-04-30T00:02:08","slug":"previsions-du-mercredi-30-avril-2025-2","status":"publish","type":"post","link":"https:\/\/www.europesays.com\/fr\/63035\/","title":{"rendered":"pr\u00e9visions du mercredi 30 avril 2025"},"content":{"rendered":"<p>\u00c0 Toulouse les valeurs afficheront entre 12 et 23\u00b0C aujourd&rsquo;hui. Un vent de sud-est soufflera \u00e0 27 km\/h. La grisaille ne se dissipe toujours pas, il y aura encore de l\u00e9gers nuages le matin. Il va faire environ 17\u00b0C. L&rsquo;apr\u00e8s-midi qui s&rsquo;annonce, promet d&rsquo;\u00eatre superbe et ensoleill\u00e9 ! Le temps va se r\u00e9chauffer avec une augmentation de plusieurs degr\u00e9s. Les temp\u00e9ratures s&rsquo;\u00e9chelonneront de 19 \u00e0 23\u00b0C. Pendant que vous dormirez, dans la nuit de mercredi \u00e0 jeudi, le ciel sera clair.<\/p>\n<p>C&rsquo;est un soleil \u00e9clatant qui va se montrer demain sur Toulouse. Les valeurs seront comprises entre 12 et 24\u00b0C. Un vent de sud-est est attendu : il soufflera \u00e0 22 km\/h. Le matin, on anticipe des temp\u00e9ratures avoisinant 18\u00b0C. Les valeurs vont conna\u00eetre une hausse de plusieurs degr\u00e9s pendant l&rsquo;apr\u00e8s-midi. Les valeurs seront de 21\u00b0C au plus bas et de 24\u00b0C au plus haut.<\/p>\n<p>Peu de changements pour la suite. Il fera 19\u00b0C en moyenne pour des journ\u00e9es avec une m\u00e9t\u00e9o ensoleill\u00e9e.<\/p>\n<p>Demain c&rsquo;est la f\u00eate du travail. Offrez un brin de muguet \u00e0 votre entourage pour leur porter chance.<\/p>\n","protected":false},"excerpt":{"rendered":"\u00c0 Toulouse les valeurs afficheront entre 12 et 23\u00b0C aujourd&rsquo;hui. Un vent de sud-est soufflera \u00e0 27 km\/h.&hellip;\n","protected":false},"author":2,"featured_media":63036,"comment_status":"","ping_status":"","sticky":false,"template":"","format":"standard","meta":{"footnotes":""},"categories":[2816],"tags":[1111,11,1777,674,1011,27,2722,2721,12,2680,2119,25,2312],"class_list":{"0":"post-63035","1":"post","2":"type-post","3":"status-publish","4":"format-standard","5":"has-post-thumbnail","7":"category-toulouse","8":"tag-actu","9":"tag-actualites","10":"tag-eu","11":"tag-europe","12":"tag-fr","13":"tag-france","14":"tag-haute-garonne","15":"tag-midi-pyrenees","16":"tag-news","17":"tag-occitanie","18":"tag-previsions-meteo","19":"tag-republique-francaise","20":"tag-toulouse"},"share_on_mastodon":{"url":"https:\/\/pubeurope.com\/@fr\/114423984497937944","error":""},"_links":{"self":[{"href":"https:\/\/www.europesays.com\/fr\/wp-json\/wp\/v2\/posts\/63035","targetHints":{"allow":["GET"]}}],"collection":[{"href":"https:\/\/www.europesays.com\/fr\/wp-json\/wp\/v2\/posts"}],"about":[{"href":"https:\/\/www.europesays.com\/fr\/wp-json\/wp\/v2\/types\/post"}],"author":[{"embeddable":true,"href":"https:\/\/www.europesays.com\/fr\/wp-json\/wp\/v2\/users\/2"}],"replies":[{"embeddable":true,"href":"https:\/\/www.europesays.com\/fr\/wp-json\/wp\/v2\/comments?post=63035"}],"version-history":[{"count":0,"href":"https:\/\/www.europesays.com\/fr\/wp-json\/wp\/v2\/posts\/63035\/revisions"}],"wp:featuredmedia":[{"embeddable":true,"href":"https:\/\/www.europesays.com\/fr\/wp-json\/wp\/v2\/media\/63036"}],"wp:attachment":[{"href":"https:\/\/www.europesays.com\/fr\/wp-json\/wp\/v2\/media?parent=63035"}],"wp:term":[{"taxonomy":"category","embeddable":true,"href":"https:\/\/www.europesays.com\/fr\/wp-json\/wp\/v2\/categories?post=63035"},{"taxonomy":"post_tag","embeddable":true,"href":"https:\/\/www.europesays.com\/fr\/wp-json\/wp\/v2\/tags?post=63035"}],"curies":[{"name":"wp","href":"https:\/\/api.w.org\/{rel}","templated":true}]}}