{"id":630350,"date":"2025-12-30T17:56:08","date_gmt":"2025-12-30T17:56:08","guid":{"rendered":"https:\/\/www.europesays.com\/fr\/630350\/"},"modified":"2025-12-30T17:56:08","modified_gmt":"2025-12-30T17:56:08","slug":"dermatologues-psychiatres-pediatres-quels-medecins-specialistes-vont-appliquer-une-augmentation-des-tarifs-au-1er-janvier-ladepeche-fr","status":"publish","type":"post","link":"https:\/\/www.europesays.com\/fr\/630350\/","title":{"rendered":"Dermatologues, psychiatres, p\u00e9diatres\u2026 Quels m\u00e9decins sp\u00e9cialistes vont appliquer une augmentation des tarifs au 1er janvier &#8211; ladepeche.fr"},"content":{"rendered":"<ol>\n<li><a href=\"https:\/\/news.google.com\/rss\/articles\/CBMi_wFBVV95cUxOekZGWWszV2syT3hJcEswNkkyc3JIeThpM1piU19NUlJxYm90M2FNdElnc3VGZnlRblVudWl2VnNrYzN3bWZkV09PamJSbmFhaW9DRHJBeC1ILTFEOU1pczdMbzYwdk0zZ2JDcnI0UzJLVFVjYVBiS1NSMUZlaEY2SFVQR3hNV2Mtd1Vib293am1LQTBabDFtTzV3VDg4c19BREpudjFiNWRVdEdJV1VRUVhHY3RObl91blMyQm1aU0R5UlBMX1gwcmJ0aWlKcTZQT3lFdWY4X2h4ZWRzYm5uYzFFR05SQWIyMWEyX2QxNm9rYmI0TU9lQkhrZm5LSDQ?oc=5\" target=\"_blank\" rel=\"noopener\">Dermatologues, psychiatres, p\u00e9diatres\u2026 Quels m\u00e9decins sp\u00e9cialistes vont appliquer une augmentation des tarifs au 1er janvier<\/a>&nbsp;&nbsp;ladepeche.fr<\/li>\n<li><a href=\"https:\/\/news.google.com\/rss\/articles\/CBMi1wFBVV95cUxNM0plUDlmQkxHWWlPaWhxdE9pakdKNG1Vd0xVcnR6elZldXZweXpJNkw5TElJZ1Q2S1pOX0dMR3NkaEZqalljRWxnT3lpTzduR3ZJSzFaOU5kaHdCNnd6SU5lalN2aWk4cUFCNWhlanZRRHNFU1I0ZmVGQ0Q2OVVVZ3ozbU4wdjNKb3BjWWJMeXEtRmNJdjJDUlJYM1FURTVMU01zdFYyaWt3YWtCMURmMHhreUI4d1h4SkxvaGs1czc1OXVHZFFmYnY2SG1XY1RQcEU5NkZCcw?oc=5\" target=\"_blank\" rel=\"noopener\">Les tarifs de m\u00e9decins sp\u00e9cialistes lib\u00e9raux \u2013 p\u00e9diatres, psychiatres, neurologues ou dermatologues \u2013 vont augmenter \u00e0 partir du 1\u1d49\u02b3 janvier<\/a>&nbsp;&nbsp;Le Monde.fr<\/li>\n<li><a href=\"https:\/\/news.google.com\/rss\/articles\/CBMi1wFBVV95cUxPUzQxemtjMTdSaTJDckFrdHc0T2gwU09CNlVLRElkX09XRW5Pa2VYbS1TanpZcWJoc2tkVlVjeUF6endyYVRnWmtoaVN6elJsLVp0cjdHUGRjYzFRVkMwVlA3cjgxUUxVUkotMFpydjd1M3ZSSGp6ZVhpVkNqcGxLaDgtLW1PRVVJZm51ZHVBUnFWMUo2NFAyMnAyODhuMWlfWmh0T2dmanFqT0xxZXd3Ty0wQzkxOVh1QkdZUGZLbkk2VXVhZjJkbnhYck5YRDhvWEtWVXV4TQ?oc=5\" target=\"_blank\" rel=\"noopener\">Patients \u00e2g\u00e9s, sp\u00e9cialit\u00e9s\u2026 : coups de pouce financiers en vue pour les m\u00e9decins lib\u00e9raux<\/a>&nbsp;&nbsp;Les Echos<\/li>\n<li><a href=\"https:\/\/news.google.com\/rss\/articles\/CBMiwAFBVV95cUxNYVRtamYxb2ExWDlGT2I0UHRvOWVwVm5LU3V5YnlQczNpNENJaENDV0VuTEdCTkd6OTFnZFQtZV92SHBjOFhpZkRkbUJiTENPNXJpanpNUEEyZzY1VDhhUzdsR3YxNFMwdmxkM3d0TzdhZUJfM3JwOXRIbFk1RXVuemViY3FfMEhKMDNZbDhKYllNeDhYSjVDYURqSmVGODA1NmRlSUZRQ0ZRNkQwZjNILTY1Q0FUNnpnNGI3c2dYNDM?oc=5\" target=\"_blank\" rel=\"noopener\">Les tarifs des professionnels de sant\u00e9 vont augmenter au 1er janvier<\/a>&nbsp;&nbsp;BFM<\/li>\n<li><a href=\"https:\/\/news.google.com\/rss\/articles\/CBMixwFBVV95cUxQd2JqY3g3QTZEU2tMT3RJRVFQUGlDVkZJYklvcjQ0dmptU2pKdVNGcUkwVXNfWFNEeUxQTGR5bFRiRUYyTHFaY2FheFd3Y2ZFeDhOd0FUdlM1aGZZeXp4cDVESzAtZUNEdnFzSUw5TFlNX0FrRDdfWm4xUGRvOFJMNjJkbllkejNJQjRzOU1pTTh6cWtSSl9JN3htNWdPTkVvakF4RXhrbHBDMVc2NEtmYlhiTUdTTDZEbWtiTzFfb3NHTktWN1ZJ?oc=5\" target=\"_blank\" rel=\"noopener\">Les consultations vont augmenter chez plusieurs professionnels de sant\u00e9<\/a>&nbsp;&nbsp;Actualit\u00e9s \u2013 Orange<\/li>\n<\/ol>\n","protected":false},"excerpt":{"rendered":"Dermatologues, psychiatres, p\u00e9diatres\u2026 Quels m\u00e9decins sp\u00e9cialistes vont appliquer une augmentation des tarifs au 1er janvier&nbsp;&nbsp;ladepeche.fr Les tarifs de&hellip;\n","protected":false},"author":2,"featured_media":395849,"comment_status":"","ping_status":"","sticky":false,"template":"","format":"standard","meta":{"footnotes":""},"categories":[10],"tags":[1011,27,72,71],"class_list":{"0":"post-630350","1":"post","2":"type-post","3":"status-publish","4":"format-standard","5":"has-post-thumbnail","7":"category-sante","8":"tag-fr","9":"tag-france","10":"tag-health","11":"tag-sante"},"share_on_mastodon":{"url":"https:\/\/pubeurope.com\/@fr\/115809811459556566","error":""},"_links":{"self":[{"href":"https:\/\/www.europesays.com\/fr\/wp-json\/wp\/v2\/posts\/630350","targetHints":{"allow":["GET"]}}],"collection":[{"href":"https:\/\/www.europesays.com\/fr\/wp-json\/wp\/v2\/posts"}],"about":[{"href":"https:\/\/www.europesays.com\/fr\/wp-json\/wp\/v2\/types\/post"}],"author":[{"embeddable":true,"href":"https:\/\/www.europesays.com\/fr\/wp-json\/wp\/v2\/users\/2"}],"replies":[{"embeddable":true,"href":"https:\/\/www.europesays.com\/fr\/wp-json\/wp\/v2\/comments?post=630350"}],"version-history":[{"count":0,"href":"https:\/\/www.europesays.com\/fr\/wp-json\/wp\/v2\/posts\/630350\/revisions"}],"wp:featuredmedia":[{"embeddable":true,"href":"https:\/\/www.europesays.com\/fr\/wp-json\/wp\/v2\/media\/395849"}],"wp:attachment":[{"href":"https:\/\/www.europesays.com\/fr\/wp-json\/wp\/v2\/media?parent=630350"}],"wp:term":[{"taxonomy":"category","embeddable":true,"href":"https:\/\/www.europesays.com\/fr\/wp-json\/wp\/v2\/categories?post=630350"},{"taxonomy":"post_tag","embeddable":true,"href":"https:\/\/www.europesays.com\/fr\/wp-json\/wp\/v2\/tags?post=630350"}],"curies":[{"name":"wp","href":"https:\/\/api.w.org\/{rel}","templated":true}]}}