{"id":630357,"date":"2025-12-30T18:00:13","date_gmt":"2025-12-30T18:00:13","guid":{"rendered":"https:\/\/www.europesays.com\/fr\/630357\/"},"modified":"2025-12-30T18:00:13","modified_gmt":"2025-12-30T18:00:13","slug":"le-31-decembre-classe-jour-rouge-lelectricite-coutera-4-fois-plus-cher-le-soir-du-reveillon-du-nouvel-an","status":"publish","type":"post","link":"https:\/\/www.europesays.com\/fr\/630357\/","title":{"rendered":"le 31 d\u00e9cembre class\u00e9 jour \u00ab\u00a0rouge\u00a0\u00bb, l&rsquo;\u00e9lectricit\u00e9 co\u00fbtera 4 fois plus cher le soir du r\u00e9veillon du Nouvel An"},"content":{"rendered":"<p class=\"article-p mdl\">Le dernier jour de l&rsquo;ann\u00e9e risque de co\u00fbter cher aux clients EDF ayant souscrit un contrat d&rsquo;\u00e9lectricit\u00e9 \u00ab\u00a0Tempo\u00a0\u00bb. Ce mardi 30 d\u00e9cembre, le fournisseur\u00a0\u00c9lectricit\u00e9 de France (EDF) a en effet indiqu\u00e9 sur\u00a0<a class=\"link\" href=\"https:\/\/particulier.edf.fr\/fr\/accueil\/gestion-contrat\/options\/tempo.html#\/\" target=\"_blank\" rel=\"noopener\">son site<\/a>\u00a0que le 31 d\u00e9cembre 2025 \u00e9tait class\u00e9 rouge pour ses abonn\u00e9s \u00ab\u00a0Tempo\u00a0\u00bb, soit pr\u00e8s de 900.000 consommateurs, selon les derni\u00e8res estimations.<\/p>\n<p class=\"article-p mdl\">Lanc\u00e9e en 1995, l&rsquo;offre \u00ab\u00a0Tempo\u00a0\u00bb est une option du\u00a0<a class=\"link\" href=\"https:\/\/www.rtl.fr\/actu\/economie-consommation\/ce-qui-va-changer-au-1er-janvier-sur-votre-facture-d-electricite-avec-la-fin-d-un-mecanisme-tarifaire-7900582740\" target=\"_blank\" rel=\"noopener\">tarif r\u00e9glement\u00e9 de l&rsquo;\u00e9lectricit\u00e9<\/a>\u00a0qui repose sur un principe simple : adapter le prix du kilowattheure \u00e0 la tension du r\u00e9seau \u00e9lectrique. L&rsquo;objectif de cette offre est d&rsquo;inciter les clients \u00e0 r\u00e9duire leur consommation lors des p\u00e9riodes de forte demande, notamment en hiver.\u00a0<\/p>\n<p class=\"article-p mdl\">Le fonctionnement du contrat \u00ab\u00a0Tempo\u00a0\u00bb repose sur un calendrier de jours color\u00e9s, d\u00e9termin\u00e9s par EDF. L\u2019ann\u00e9e est ainsi d\u00e9coup\u00e9e en <strong>300 jours bleus<\/strong>, o\u00f9 l\u2019\u00e9lectricit\u00e9 est la moins ch\u00e8re (0,1494 \u20ac\u00a0en heures pleines et\u00a00,1232 \u20ac\u00a0en heures creuses &#8211; tarifs d\u00e9cembre 2025), <strong>43 jours blancs<\/strong> \u00e0 tarif interm\u00e9diaire (0,1730 \u20ac\u00a0en heures pleines et\u00a00,1391 \u20ac\u00a0en heures creuses), et <strong>22 jours rouges<\/strong>, r\u00e9serv\u00e9s \u00e0 la p\u00e9riode hivernale, durant lesquels\u00a0<a class=\"link\" href=\"https:\/\/www.rtl.fr\/actu\/economie-consommation\/prix-de-l-electricite-vous-pouvez-faire-21-d-economies-avec-l-achat-groupe-voici-comment-en-profiter-7900562882\" target=\"_blank\" rel=\"noopener\">le prix de l\u2019\u00e9lectricit\u00e9<\/a>\u00a0est particuli\u00e8rement \u00e9lev\u00e9 en heures pleines (0,6468 \u20ac\u00a0en heures pleines et\u00a00,1460 \u20ac\u00a0en heures creuses).<\/p>\n<p class=\"article-p mdl\">Chaque journ\u00e9e est \u00e9galement divis\u00e9e en <strong>heures pleines<\/strong> (de 6h \u00e0 22h) et <strong>heures creuses<\/strong> (de 22h \u00e0 6h), ce qui affine encore la tarification.<\/p>\n<p>            0,6468 \u20ac\/kWh entre 6h et 22h au lieu de 0,1494 \u20ac\/kWh en jour bleu<\/p>\n<p class=\"article-p mdl\">En cette fin d&rsquo;ann\u00e9e 2025, deux jours rouges \u00e9taient encore \u00e0 fixer d\u00e9but d\u00e9cembre. Le premier a \u00e9t\u00e9 plac\u00e9 le 29 d\u00e9cembre et le second sera donc le 31, jour du nouvel an. Concr\u00e8tement, les clients \u00ab\u00a0Tempo\u00a0\u00bb paieront donc\u00a0<a class=\"link\" href=\"https:\/\/www.rtl.fr\/actu\/economie-consommation\/prix-de-l-electricite-le-gouvernement-anticipe-une-stabilite-des-factures-en-2026-et-2027-7900581728\" target=\"_blank\" rel=\"noopener\">leur \u00e9lectricit\u00e9<\/a>, ce mercredi 31 d\u00e9cembre 2025, 0,6468 \u20ac\/kWh\u00a0entre 6h et 22h au lieu de\u00a00,1494 \u20ac\/kWh (jour bleu). Soit 4,3 fois plus.<\/p>\n<p>                <img decoding=\"async\" alt=\"\" class=\"media-item lazy\" src=\"https:\/\/www.europesays.com\/fr\/wp-content\/uploads\/2025\/12\/1805649-le-31-decembre-2025-est-classe-rouge-pour-les-clients-tempo.png\"\/><\/p>\n<p class=\"article-media-figcaption-title\">\n            Le 31 d\u00e9cembre 2025 est class\u00e9 \u00ab\u00a0rouge\u00a0\u00bb pour les clients Tempo<\/p>\n<p class=\"article-media-figcaption-credits\">\n            Cr\u00e9dit : EDF<\/p>\n<p class=\"article-p mdl\">Sur les r\u00e9seaux sociaux, les r\u00e9actions ne manquent pas apr\u00e8s cette confirmation d&rsquo;EDF. \u00ab\u00a0Merci pour ce jour rouge le 31 d\u00e9cembre\u00a0\u00bb, lance Michel, sur la page\u00a0<a class=\"link\" href=\"https:\/\/www.facebook.com\/groups\/612184089892806\/\" target=\"_blank\" rel=\"noopener\">Facebook \u00ab\u00a0Tempo EDF\u00a0\u00bb<\/a>\u00a0sur laquelle les abonn\u00e9s \u00e0 l&rsquo;offre discutent entre eux. Fran\u00e7oise lui emboite le pas : \u00ab\u00a0Si votre objectif est de perdre des clients c\u2019est r\u00e9ussi : tarif rouge le 31 d\u00e9cembre. C\u2019est pas ce jour l\u00e0 qu\u2019on peut r\u00e9duire notre consommation. Donc perso, je vais changer de fournisseur\u00a0\u00bb, lance-t-elle.<\/p>\n<p class=\"article-p mdl\">Selon les clients, la derni\u00e8re fois qu&rsquo;un jour \u00ab\u00a0Tempo\u00a0\u00bb rouge est tomb\u00e9 un 31 d\u00e9cembre remonte \u00e0 l&rsquo;ann\u00e9e 2020. Un internaute pr\u00e9f\u00e8re prendre cette nouvelle avec le humour : \u00ab\u00a0On fera cuire la dinde \u00e0 partir de 22h\u00a0\u00bb.\u00a0<\/p>\n<p class=\"article-p mdl\">Sollicit\u00e9 par RTL, EDF indique ne pas \u00eatre d\u00e9cisionnaire des jours rouges, bleus ou blancs durant l&rsquo;ann\u00e9e. \u00ab\u00a0Ce n&rsquo;est pas le fournisseur qui choisit mais le gestionnaire de r\u00e9seau, \u00e0 savoir RTE (R\u00e9seau de transport d&rsquo;\u00e9lectricit\u00e9, NDLR)\u00a0\u00bb, pr\u00e9cise EDF.\u00a0<\/p>\n<p class=\"article-p mdl\">Le fournisseur donne, par ailleurs, quelques conseils pour r\u00e9duire sa consommation \u00e9lectrique lors des heures pleines pendant une journ\u00e9e \u00ab\u00a0Tempo\u00a0\u00bb rouge. EDF conseille de r\u00e9duire, par exemple, d&rsquo;un degr\u00e9 son chauffage ou d&rsquo;utiliser un autre moyen pour se chauffer durant cette p\u00e9riode mais aussi d&rsquo;anticiper la recharge de ses appareils \u00e9lectriques ou encore de couper ses appareils en veille. Si vous aviez pr\u00e9vu de lancer une machine \u00e0 laver (ou votre s\u00e8che-linge, tr\u00e8s gourmand en \u00e9lectricit\u00e9) durant la journ\u00e9e, il est donc pr\u00e9f\u00e9rable de la programmer la nuit, de 22h \u00e0 6h.\u00a0<\/p>\n<p>    La r\u00e9daction vous recommande<\/p>\n<p class=\"s-newsletter__title\">\n                L\u2019actualit\u00e9 par la r\u00e9daction de RTL dans votre bo\u00eete mail.\n            <\/p>\n<p class=\"s-newsletter__subtitle\">\n                Gr\u00e2ce \u00e0 votre compte RTL abonnez-vous \u00e0 la newsletter RTL info pour suivre toute l&rsquo;actualit\u00e9 au quotidien\n            <\/p>\n<p>\n                                    Lire la suite\n                                <\/p>\n","protected":false},"excerpt":{"rendered":"Le dernier jour de l&rsquo;ann\u00e9e risque de co\u00fbter cher aux clients EDF ayant souscrit un contrat d&rsquo;\u00e9lectricit\u00e9 \u00ab\u00a0Tempo\u00a0\u00bb.&hellip;\n","protected":false},"author":2,"featured_media":630358,"comment_status":"","ping_status":"","sticky":false,"template":"","format":"standard","meta":{"footnotes":""},"categories":[6],"tags":[35,130,3108,33,34,1647,579,107,1011,27,3447,6736],"class_list":{"0":"post-630357","1":"post","2":"type-post","3":"status-publish","4":"format-standard","5":"has-post-thumbnail","7":"category-economie","8":"tag-business","9":"tag-consommation","10":"tag-contrat","11":"tag-economie","12":"tag-economy","13":"tag-edf","14":"tag-electricite","15":"tag-fil-info","16":"tag-fr","17":"tag-france","18":"tag-froid","19":"tag-hiver"},"share_on_mastodon":{"url":"https:\/\/pubeurope.com\/@fr\/115809827270229636","error":""},"_links":{"self":[{"href":"https:\/\/www.europesays.com\/fr\/wp-json\/wp\/v2\/posts\/630357","targetHints":{"allow":["GET"]}}],"collection":[{"href":"https:\/\/www.europesays.com\/fr\/wp-json\/wp\/v2\/posts"}],"about":[{"href":"https:\/\/www.europesays.com\/fr\/wp-json\/wp\/v2\/types\/post"}],"author":[{"embeddable":true,"href":"https:\/\/www.europesays.com\/fr\/wp-json\/wp\/v2\/users\/2"}],"replies":[{"embeddable":true,"href":"https:\/\/www.europesays.com\/fr\/wp-json\/wp\/v2\/comments?post=630357"}],"version-history":[{"count":0,"href":"https:\/\/www.europesays.com\/fr\/wp-json\/wp\/v2\/posts\/630357\/revisions"}],"wp:featuredmedia":[{"embeddable":true,"href":"https:\/\/www.europesays.com\/fr\/wp-json\/wp\/v2\/media\/630358"}],"wp:attachment":[{"href":"https:\/\/www.europesays.com\/fr\/wp-json\/wp\/v2\/media?parent=630357"}],"wp:term":[{"taxonomy":"category","embeddable":true,"href":"https:\/\/www.europesays.com\/fr\/wp-json\/wp\/v2\/categories?post=630357"},{"taxonomy":"post_tag","embeddable":true,"href":"https:\/\/www.europesays.com\/fr\/wp-json\/wp\/v2\/tags?post=630357"}],"curies":[{"name":"wp","href":"https:\/\/api.w.org\/{rel}","templated":true}]}}