{"id":630371,"date":"2025-12-30T18:07:43","date_gmt":"2025-12-30T18:07:43","guid":{"rendered":"https:\/\/www.europesays.com\/fr\/630371\/"},"modified":"2025-12-30T18:07:43","modified_gmt":"2025-12-30T18:07:43","slug":"grand-nancy-necrologie-yves-musquar-patissier-chocolatier-a-villers-les-nancy-est-decede","status":"publish","type":"post","link":"https:\/\/www.europesays.com\/fr\/630371\/","title":{"rendered":"Grand Nancy | N\u00e9crologie. Yves Musquar, p\u00e2tissier-chocolatier \u00e0 Villers-l\u00e8s-Nancy, est d\u00e9c\u00e9d\u00e9"},"content":{"rendered":"<p>Yves Musquar s\u2019est \u00e9teint le 24\u00a0d\u00e9cembre \u00e0 l\u2019\u00e2ge de 75\u00a0ans.<\/p>\n<p>N\u00e9 le 14\u00a0ao\u00fbt 1950 \u00e0 Nancy, il grandit dans le quartier du Placieux auquel il reste profond\u00e9ment attach\u00e9 tout au long de sa vie, partageant une enfance simple aux c\u00f4t\u00e9s de sa s\u0153ur Annie et de son fr\u00e8re Jean-Pierre.<\/p>\n<p>En 1973, il se marie avec Jocelyne Eschenlohr \u00e0 l\u2019\u00e9glise Sainte-Th\u00e9r\u00e8se o\u00f9 il avait servi comme enfant de ch\u0153ur. De cette union naissent trois enfants, Sylvain, Olivier et Aline. Trois petits-enfants agrandissent le cercle familial, Dorian, Hugo et Lise.<\/p>\n<p>P\u00e2tissier-chocolatier de formation, Yves Musquar reprend en septembre\u00a01977, avec son \u00e9pouse, la p\u00e2tisserie Fleurence, boulevard de Baudricourt. Une maison qu\u2019il connaissait bien pour y avoir effectu\u00e9 son apprentissage dix ans plus t\u00f4t. Artisan de quartier au sens le plus noble, il s\u2019impose comme un chef d\u2019entreprise \u00e0 la fois exigeant et bienveillant.<\/p>\n<p>Engag\u00e9 au sein du syndicat des p\u00e2tissiers de Meurthe-et-Moselle, puis de la f\u00e9d\u00e9ration lorraine des p\u00e2tissiers, il a beaucoup \u0153uvr\u00e9 pour la d\u00e9fense de l\u2019artisanat, toujours anim\u00e9 par l\u2019int\u00e9r\u00eat collectif.<\/p>\n<p>D\u00e9termin\u00e9, g\u00e9n\u00e9reux, profond\u00e9ment humain et attachant, il croyait \u00e0 la transmission du savoir-faire. Il a accompagn\u00e9 et form\u00e9 des dizaines d\u2019apprentis, r\u00e9v\u00e9l\u00e9 de nombreuses vocations et transmis sa passion \u00e0 ses enfants et petits-enfants qui, depuis, perp\u00e9tuent l\u2019empreinte familiale sans d\u00e9naturer l\u2019ADN fa\u00e7onn\u00e9 par leur p\u00e8re.<\/p>\n<p>Amoureux de la nature, Yves Musquar aimait se ressourcer dans sa maison des Vosges ou au verger de Lenoncourt.<\/p>\n<p>Amateur de jeux de cartes et fervent supporter de l\u2019ASNL, il \u00e9tait curieux du monde et grand voyageur avec son \u00e9pouse.<\/p>\n<p>Durant quinze ans, il s\u2019est aussi investi comme b\u00e9n\u00e9vole au comit\u00e9 des f\u00eates de Villers-l\u00e8s-Nancy, fid\u00e8le \u00e0 sa conviction du \u00ab\u00a0faire ensemble\u00a0\u00bb dans un esprit de convivialit\u00e9 et de partage. Il laisse le souvenir d\u2019un homme loyal, sans pr\u00e9jug\u00e9s, sur lequel on pouvait toujours compter, et pour qui l\u2019humain primait avant tout.<\/p>\n<p>Nos condol\u00e9ances.<\/p>\n","protected":false},"excerpt":{"rendered":"Yves Musquar s\u2019est \u00e9teint le 24\u00a0d\u00e9cembre \u00e0 l\u2019\u00e2ge de 75\u00a0ans. N\u00e9 le 14\u00a0ao\u00fbt 1950 \u00e0 Nancy, il grandit&hellip;\n","protected":false},"author":2,"featured_media":630372,"comment_status":"","ping_status":"","sticky":false,"template":"","format":"standard","meta":{"footnotes":""},"categories":[9635],"tags":[1111,11,9223,1704,1777,674,1011,27,775,10262,1702,1391,12,25,104,10261],"class_list":{"0":"post-630371","1":"post","2":"type-post","3":"status-publish","4":"format-standard","5":"has-post-thumbnail","7":"category-nancy","8":"tag-actu","9":"tag-actualites","10":"tag-carnet-du-jour","11":"tag-edition-nancy-et-agglomeration","12":"tag-eu","13":"tag-europe","14":"tag-fr","15":"tag-france","16":"tag-grand-est","17":"tag-metropole-du-grand-nancy-54b5","18":"tag-nancy","19":"tag-necrologie","20":"tag-news","21":"tag-republique-francaise","22":"tag-societe","23":"tag-villers-les-nancy"},"share_on_mastodon":{"url":"https:\/\/pubeurope.com\/@fr\/115809854655408282","error":""},"_links":{"self":[{"href":"https:\/\/www.europesays.com\/fr\/wp-json\/wp\/v2\/posts\/630371","targetHints":{"allow":["GET"]}}],"collection":[{"href":"https:\/\/www.europesays.com\/fr\/wp-json\/wp\/v2\/posts"}],"about":[{"href":"https:\/\/www.europesays.com\/fr\/wp-json\/wp\/v2\/types\/post"}],"author":[{"embeddable":true,"href":"https:\/\/www.europesays.com\/fr\/wp-json\/wp\/v2\/users\/2"}],"replies":[{"embeddable":true,"href":"https:\/\/www.europesays.com\/fr\/wp-json\/wp\/v2\/comments?post=630371"}],"version-history":[{"count":0,"href":"https:\/\/www.europesays.com\/fr\/wp-json\/wp\/v2\/posts\/630371\/revisions"}],"wp:featuredmedia":[{"embeddable":true,"href":"https:\/\/www.europesays.com\/fr\/wp-json\/wp\/v2\/media\/630372"}],"wp:attachment":[{"href":"https:\/\/www.europesays.com\/fr\/wp-json\/wp\/v2\/media?parent=630371"}],"wp:term":[{"taxonomy":"category","embeddable":true,"href":"https:\/\/www.europesays.com\/fr\/wp-json\/wp\/v2\/categories?post=630371"},{"taxonomy":"post_tag","embeddable":true,"href":"https:\/\/www.europesays.com\/fr\/wp-json\/wp\/v2\/tags?post=630371"}],"curies":[{"name":"wp","href":"https:\/\/api.w.org\/{rel}","templated":true}]}}