{"id":630373,"date":"2025-12-30T18:08:12","date_gmt":"2025-12-30T18:08:12","guid":{"rendered":"https:\/\/www.europesays.com\/fr\/630373\/"},"modified":"2025-12-30T18:08:12","modified_gmt":"2025-12-30T18:08:12","slug":"mascotte-des-habitues-de-la-mediatheque-de-la-farlede-le-chat-milka-cherche-aujourdhui-une-famille-daccueil","status":"publish","type":"post","link":"https:\/\/www.europesays.com\/fr\/630373\/","title":{"rendered":"Mascotte des habitu\u00e9s de la m\u00e9diath\u00e8que de La Farl\u00e8de, le chat Milka cherche aujourd\u2019hui une famille d\u2019accueil"},"content":{"rendered":"<p class=\"fs-5 \">\u00c0 la m\u00e9diath\u00e8que Milka n\u2019est pas un simple chat : il est une pr\u00e9sence famili\u00e8re pour les lecteurs comme pour l\u2019\u00e9quipe. Il y a environ sept ans, il a commenc\u00e9 \u00e0 pousser timidement la porte de la m\u00e9diath\u00e8que. Pens\u00e9 d\u2019abord comme un chat abandonn\u00e9, il s\u2019est r\u00e9v\u00e9l\u00e9 puc\u00e9 lors d\u2019une visite chez le v\u00e9t\u00e9rinaire : Milka, pr\u00e9nomm\u00e9 en r\u00e9alit\u00e9 Kiwi, avait des propri\u00e9taires vivant \u00e0 proximit\u00e9.<\/p>\n<p>                                                                                Amaigri, \u00e9puis\u00e9 mais de retour<\/p>\n<p class=\"fs-5 \">Mais Milka avait un besoin profond de contact, de voix, de regards et de tendresse. Une adoption \u00ab par intermittence \u00bb s\u2019est alors mise en place&#8230; jusqu\u2019au d\u00e9m\u00e9nagement de ses ma\u00eetres \u00e0 Solli\u00e8s-Pont. Un mois plus tard, alors que tous le croyaient perdu, Milka est revenu, amaigri et \u00e9puis\u00e9, apr\u00e8s avoir travers\u00e9 routes et dangers pour retrouver sa m\u00e9diath\u00e8que. D\u00e8s lors, il ne l\u2019a plus quitt\u00e9e, devenant une mascotte appr\u00e9ci\u00e9e.<\/p>\n<p class=\"fs-5 \">Derri\u00e8re Milka se trouve l\u2019engagement des Matous farl\u00e9dois, association cr\u00e9\u00e9e le 30 d\u00e9cembre 2022 par des b\u00e9n\u00e9voles investis dans la protection animale. Leur mission : nourrir, soigner, st\u00e9riliser les chats errants de la commune et, lorsque cela est possible, leur trouver une famille.<\/p>\n<p class=\"fs-5 \">Milka b\u00e9n\u00e9ficie de cette attention : abri, soins v\u00e9t\u00e9rinaires et suivi quotidien. Apr\u00e8s un accident de voiture et l\u2019apparition de l\u2019arthrose, il a \u00e9t\u00e9 plac\u00e9 en famille d\u2019accueil, o\u00f9 il s\u2019est apais\u00e9 et est aujourd\u2019hui propos\u00e9 \u00e0 l\u2019adoption. L\u2019id\u00e9al serait que sa future famille r\u00e9side \u00e0 proximit\u00e9 de la m\u00e9diath\u00e8que afin de pr\u00e9server ses rep\u00e8res et son \u00e9quilibre.<\/p>\n<p class=\"fs-5 \">Les Matous farl\u00e9dois rappellent que chaque geste compte : signaler un chat errant, soutenir l\u2019association ou adopter.<\/p>\n<p class=\"fs-5 \">Rens. : Facebook Les Matous Farl\u00e9dois<\/p>\n","protected":false},"excerpt":{"rendered":"\u00c0 la m\u00e9diath\u00e8que Milka n\u2019est pas un simple chat : il est une pr\u00e9sence famili\u00e8re pour les lecteurs&hellip;\n","protected":false},"author":2,"featured_media":630374,"comment_status":"","ping_status":"","sticky":false,"template":"","format":"standard","meta":{"footnotes":""},"categories":[9619],"tags":[1111,11,1777,674,1011,27,12,882,25,2310],"class_list":{"0":"post-630373","1":"post","2":"type-post","3":"status-publish","4":"format-standard","5":"has-post-thumbnail","7":"category-toulon","8":"tag-actu","9":"tag-actualites","10":"tag-eu","11":"tag-europe","12":"tag-fr","13":"tag-france","14":"tag-news","15":"tag-provence-alpes-cote-dazur","16":"tag-republique-francaise","17":"tag-toulon"},"share_on_mastodon":{"url":"https:\/\/pubeurope.com\/@fr\/115809858672884634","error":""},"_links":{"self":[{"href":"https:\/\/www.europesays.com\/fr\/wp-json\/wp\/v2\/posts\/630373","targetHints":{"allow":["GET"]}}],"collection":[{"href":"https:\/\/www.europesays.com\/fr\/wp-json\/wp\/v2\/posts"}],"about":[{"href":"https:\/\/www.europesays.com\/fr\/wp-json\/wp\/v2\/types\/post"}],"author":[{"embeddable":true,"href":"https:\/\/www.europesays.com\/fr\/wp-json\/wp\/v2\/users\/2"}],"replies":[{"embeddable":true,"href":"https:\/\/www.europesays.com\/fr\/wp-json\/wp\/v2\/comments?post=630373"}],"version-history":[{"count":0,"href":"https:\/\/www.europesays.com\/fr\/wp-json\/wp\/v2\/posts\/630373\/revisions"}],"wp:featuredmedia":[{"embeddable":true,"href":"https:\/\/www.europesays.com\/fr\/wp-json\/wp\/v2\/media\/630374"}],"wp:attachment":[{"href":"https:\/\/www.europesays.com\/fr\/wp-json\/wp\/v2\/media?parent=630373"}],"wp:term":[{"taxonomy":"category","embeddable":true,"href":"https:\/\/www.europesays.com\/fr\/wp-json\/wp\/v2\/categories?post=630373"},{"taxonomy":"post_tag","embeddable":true,"href":"https:\/\/www.europesays.com\/fr\/wp-json\/wp\/v2\/tags?post=630373"}],"curies":[{"name":"wp","href":"https:\/\/api.w.org\/{rel}","templated":true}]}}