{"id":630375,"date":"2025-12-30T18:09:19","date_gmt":"2025-12-30T18:09:19","guid":{"rendered":"https:\/\/www.europesays.com\/fr\/630375\/"},"modified":"2025-12-30T18:09:19","modified_gmt":"2025-12-30T18:09:19","slug":"toulon-guillaume-bianco-dessinateur-et-scenariste-varois","status":"publish","type":"post","link":"https:\/\/www.europesays.com\/fr\/630375\/","title":{"rendered":"TOULON : Guillaume BIANCO, dessinateur et sc\u00e9nariste varois"},"content":{"rendered":"<p><strong>Originaire de Toulon, Guillaume Bianco a su transformer sa passion pour l\u2019art et la narration en une carri\u00e8re florissante dans le monde de la bande dessin\u00e9e.<\/strong><\/p>\n<p>Apr\u00e8s avoir obtenu un baccalaur\u00e9at en arts plastiques, Guillaume Bianco s\u2019engage dans des \u00e9tudes de chinois mais rapidement il se rend compte que cette voie ne lui convient pas. C\u2019est alors qu\u2019il se lance dans l\u2019\u00e9criture et le dessin, devenant \u00e9l\u00e8ve de\u00a0<strong>Didier Tarquin<\/strong>\u00a0\u00e0 l\u2019atelier qu\u2019il anime \u00e0 Hy\u00e8res entre 1994 et 1995.<\/p>\n<p><img decoding=\"async\" src=\"https:\/\/www.europesays.com\/fr\/wp-content\/uploads\/2025\/12\/thumbnail_Paris_-_Salon_du_livre_2013_-_Guillaume_Bianco_-_002-2.jpg\"\/><\/p>\n<p>\u00c9voquant son enfance dans le Var, Guillaume Bianco se rem\u00e9more les ann\u00e9es 70-80, une \u00e9poque sans internet o\u00f9 il a pu d\u00e9velopper un imaginaire riche, nourri par des lectures de<strong>\u00a0<\/strong><strong>Pif Gadget<\/strong><strong>, <\/strong><strong>Ast\u00e9rix<\/strong><strong>\u00a0<\/strong>et<strong>\u00a0<\/strong><strong>Lucky Luke<\/strong><strong>.<\/strong><\/p>\n<p>Sa premi\u00e8re rencontre avec le monde de la bande dessin\u00e9e a eu lieu lors d\u2019un festival \u00e0 Hy\u00e8res, o\u00f9 il a \u00e9t\u00e9 \u00e9merveill\u00e9 par le talent des dessinateurs. C\u2019est cette fascination qui l\u2019a pouss\u00e9 \u00e0 se lancer dans la bande dessin\u00e9e, apprenant sur le tas et publiant dans des revues comme\u00a0<strong>Lanfeust Mag<\/strong><strong>, <\/strong>le journal de Spirou ou Fluide Glacial.<\/p>\n<p><strong>Sa rencontre avec Mourad Boudjellal<\/strong><\/p>\n<p>Son parcours a pris un tournant d\u00e9cisif lorsque cet auteur a eu l\u2019opportunit\u00e9 de travailler avec\u00a0<strong>Mourad Boudjellal<\/strong>, dirigeant sportif et fondateur de la maison d\u2019\u00e9ditions de bandes dessin\u00e9es\u00a0<strong>Soleil Productions<\/strong><strong>.<\/strong><\/p>\n<p>C\u2019est avec lui que Guillaume Bianco a commenc\u00e9 sa carri\u00e8re, publiant ses premi\u00e8res bandes dessin\u00e9es malgr\u00e9 un niveau encore perfectible. Quelques ann\u00e9es plus tard, Mourad Boudjellal lui a donn\u00e9 carte blanche pour r\u00e9aliser un livre atypique intitul\u00e9<strong>\u00a0\u00ab\u00a0<\/strong><strong>Billy Brouillard\u00a0\u00bb<\/strong>, qui a marqu\u00e9 le d\u00e9but de la collection\u00a0<strong>M\u00e9tamorphose<\/strong>\u00a0aux \u00e9ditions Soleil Productions.<\/p>\n<p>Guillaume Bianco est donc l\u2019auteur de c\u00e9l\u00e8bres bandes dessin\u00e9es telles \u00ab\u00a0<strong>Ernest et Rebecca<\/strong><strong>\u00a0\u00bb<\/strong>\u00a0et\u00a0\u00ab\u00a0<strong>Billy Brouillard\u00a0\u00bb<\/strong>.<\/p>\n<p>Les \u00e9ditions Little Urban ont publi\u00e9 son ouvrage\u00a0\u00ab\u00a0<strong>Comment M\u00e9lissandre, la petite sorci\u00e8re, d\u00e9couvrit le secret du bonheur\u00a0\u00bb<\/strong><strong>,<\/strong> ainsi qu\u2019une s\u00e9rie de romans co\u00e9crits avec\u00a0<strong>Vincent Cuvellier<\/strong>, dont\u00a0\u00ab\u00a0<strong>\u00c9lisabeth sous les toits\u00a0\u00bb<\/strong><strong>,\u00a0\u00ab\u00a0<\/strong><strong>Alexandre sur les flots\u00a0\u00bb<\/strong><strong>\u00a0<\/strong>et<strong>\u00a0\u00ab\u00a0<\/strong><strong>Madeleine sous la ville\u00a0\u00bb<\/strong><strong>.<\/strong><\/p>\n<p>\u00c9galement, dans la collection\u00a0<strong>M\u00e9tamorphose<\/strong><strong>\u00a0<\/strong>aux \u00c9ditions Oxymore, Guillaume Bianco continue d\u2019\u00e9merveiller son public avec une s\u00e9lection de 120 citations illustr\u00e9es, rendant le quotidien plus magique. Son engagement \u00e0 transmettre sa passion pour la culture et la bande dessin\u00e9e fait de lui un auteur incontournable du paysage litt\u00e9raire varois.<a href=\"https:\/\/presseagence.fr\/wp-content\/uploads\/120ClesDuBonheur-CoverMDef_230905.tiff\" target=\"_blank\" rel=\"noopener\"><img decoding=\"async\" class=\"alignnone size-full wp-image-908886\" src=\"https:\/\/presseagence.fr\/wp-content\/uploads\/120ClesDuBonheur-CoverMDef_230905.tiff\" alt=\"\"\/><\/a><\/p>\n<p><a href=\"https:\/\/presseagence.fr\/wp-content\/uploads\/120ClesDuBonheur-CoverMDef_230905.tiff\" target=\"_blank\" rel=\"noopener\"><img decoding=\"async\" class=\"alignnone size-full wp-image-908887\" src=\"https:\/\/presseagence.fr\/wp-content\/uploads\/120ClesDuBonheur-CoverMDef_230905.tiff\" alt=\"\"\/><\/a><img fetchpriority=\"high\" decoding=\"async\" class=\"alignnone size-full wp-image-908889\" src=\"https:\/\/www.europesays.com\/fr\/wp-content\/uploads\/2025\/12\/thumbnail_76.jpg\" alt=\"\" width=\"1920\" height=\"1794\"  \/><\/p>\n<p>Depuis, Guillaume Bianco a su s\u2019imposer comme un auteur prolifique, jonglant entre l\u2019\u00e9criture de romans jeunesse et la cr\u00e9ation de sc\u00e9narii de bandes dessin\u00e9es. Passionn\u00e9 par le spectacle vivant, il propose \u00e9galement des lectures anim\u00e9es de ses \u0153uvres, captivant les enfants avec des projections de dessins et des comptines malfaisantes. Ces rencontres dans les \u00e9coles et m\u00e9diath\u00e8ques lui permettent de partager sa passion et d\u2019inspirer les jeunes lecteurs, qu\u2019il d\u00e9crit comme une source d\u2019\u00e9nergie in\u00e9puisable.<\/p>\n<p><strong>Laurette PARAY \u2013\u00a0 Photos DR.<\/strong><\/p>\n<p><strong>A NOTER\u2026<\/strong><\/p>\n<p>Vous pouvez retrouver toute l\u2019actualit\u00e9 de Guillaume Bianco :<\/p>\n<p>Instagram @guillaumebianco<\/p>\n<p>Facebook Guillaume Bianco<\/p>\n","protected":false},"excerpt":{"rendered":"Originaire de Toulon, Guillaume Bianco a su transformer sa passion pour l\u2019art et la narration en une carri\u00e8re&hellip;\n","protected":false},"author":2,"featured_media":630376,"comment_status":"","ping_status":"","sticky":false,"template":"","format":"standard","meta":{"footnotes":""},"categories":[9619],"tags":[1111,11,1777,674,1011,27,12,882,25,2310],"class_list":{"0":"post-630375","1":"post","2":"type-post","3":"status-publish","4":"format-standard","5":"has-post-thumbnail","7":"category-toulon","8":"tag-actu","9":"tag-actualites","10":"tag-eu","11":"tag-europe","12":"tag-fr","13":"tag-france","14":"tag-news","15":"tag-provence-alpes-cote-dazur","16":"tag-republique-francaise","17":"tag-toulon"},"share_on_mastodon":{"url":"https:\/\/pubeurope.com\/@fr\/115809862793618750","error":""},"_links":{"self":[{"href":"https:\/\/www.europesays.com\/fr\/wp-json\/wp\/v2\/posts\/630375","targetHints":{"allow":["GET"]}}],"collection":[{"href":"https:\/\/www.europesays.com\/fr\/wp-json\/wp\/v2\/posts"}],"about":[{"href":"https:\/\/www.europesays.com\/fr\/wp-json\/wp\/v2\/types\/post"}],"author":[{"embeddable":true,"href":"https:\/\/www.europesays.com\/fr\/wp-json\/wp\/v2\/users\/2"}],"replies":[{"embeddable":true,"href":"https:\/\/www.europesays.com\/fr\/wp-json\/wp\/v2\/comments?post=630375"}],"version-history":[{"count":0,"href":"https:\/\/www.europesays.com\/fr\/wp-json\/wp\/v2\/posts\/630375\/revisions"}],"wp:featuredmedia":[{"embeddable":true,"href":"https:\/\/www.europesays.com\/fr\/wp-json\/wp\/v2\/media\/630376"}],"wp:attachment":[{"href":"https:\/\/www.europesays.com\/fr\/wp-json\/wp\/v2\/media?parent=630375"}],"wp:term":[{"taxonomy":"category","embeddable":true,"href":"https:\/\/www.europesays.com\/fr\/wp-json\/wp\/v2\/categories?post=630375"},{"taxonomy":"post_tag","embeddable":true,"href":"https:\/\/www.europesays.com\/fr\/wp-json\/wp\/v2\/tags?post=630375"}],"curies":[{"name":"wp","href":"https:\/\/api.w.org\/{rel}","templated":true}]}}