{"id":630383,"date":"2025-12-30T18:14:34","date_gmt":"2025-12-30T18:14:34","guid":{"rendered":"https:\/\/www.europesays.com\/fr\/630383\/"},"modified":"2025-12-30T18:14:34","modified_gmt":"2025-12-30T18:14:34","slug":"les-bons-plans-max-radio-du-05-01-au-11-01","status":"publish","type":"post","link":"https:\/\/www.europesays.com\/fr\/630383\/","title":{"rendered":"Les Bons Plans Max Radio du 05\/01 au 11\/01"},"content":{"rendered":"<p>Chaque semaine, retrouvez les meilleurs bons plans de Grenoble et Chamb\u00e9ry ! <br \/>Que vous soyez \u00e0 la recherche d&rsquo;activit\u00e9s, de sorties, d&rsquo;\u00e9v\u00e9nements ou de bonnes adresses, nous vous partageons tout ce qu&rsquo;il ne faut pas manquer.<\/p>\n<p>Les Bons Plans \u00e0 Grenoble :<\/p>\n<p> <b>Rendez-vous : le 6 janvier, \u00e0 partir de 20h, \u00e0 l&rsquo;Auditorium.<\/b><\/p>\n<p>Ennio Morricone &amp; Nino Rota, deux maitres de la musique de films.<br \/>Ce concert symphonique, enrichi de projections vid\u00e9o, offre une exp\u00e9rience unique, plongeant le public au c\u0153ur de l&rsquo;univers sonore et visuel de ces deux ma\u00eetres de la musique de film.<\/p>\n<p><a class=\"url\" href=\"https:\/\/www.grenoble-tourisme.com\/fr\/decouvrir\/evenements\/agenda\/detail\/il-etait-une-fois-ennio-morricone-nino-rota-7382005\/\" target=\"_blank\" rel=\"noopener\">En savoir plus.<\/a><\/p>\n<tr>\n<td class=\"defaut\"><a href=\"https:\/\/www.radioscoop.com\/agenda\/javascript:void(0)\" onclick=\"parent.RS.diaporama.addMedia(720946) ;\" target=\"_blank\" rel=\"noopener\"><img loading=\"lazy\" decoding=\"async\" src=\"https:\/\/www.europesays.com\/fr\/wp-content\/uploads\/2025\/12\/1767118461_516_img.png\" width=\"360\" height=\"640\" border=\"0\" title=\"cvzhdc\"\/><\/a><\/td>\n<\/tr>\n<p> <b>Rendez-vous : du 7 au 9 janvier, de 20h \u00e0 22h, \u00e0 MC2: Maison de la Culture.<\/b><\/p>\n<p>Philippe Decoufl\u00e9 revient avec une nouvelle cr\u00e9ation haute en couleurs, port\u00e9e par neuf danseurs de toutes les g\u00e9n\u00e9rations, et un musicien, accompagn\u00e9s sur sc\u00e8ne par un groupe d&rsquo;amateurs grenoblois.<\/p>\n<p>Chaque pi\u00e8ce de Philippe Decoufl\u00e9 est un \u00e9v\u00e9nement. M\u00ealant danse contemporaine, th\u00e9\u00e2tre, musique et cirque, ses spectacles surprennent par leur inventivit\u00e9 et leur fac\u00e9tie. Dans cette nouvelle pi\u00e8ce, le chor\u00e9graphe explore la m\u00e9moire des corps et le souvenir des gestes.<\/p>\n<p><a class=\"url\" href=\"https:\/\/www.grenoble-tourisme.com\/fr\/decouvrir\/evenements\/agenda\/detail\/entre-temps-7450981\/\" target=\"_blank\" rel=\"noopener\">En savoir plus.<\/a><\/p>\n<tr>\n<td class=\"defaut\"><a href=\"https:\/\/www.radioscoop.com\/agenda\/javascript:void(0)\" onclick=\"parent.RS.diaporama.addMedia(720947) ;\" target=\"_blank\" rel=\"noopener\"><img loading=\"lazy\" decoding=\"async\" src=\"https:\/\/www.europesays.com\/fr\/wp-content\/uploads\/2025\/12\/1767118463_777_img.png\" width=\"640\" height=\"384\" border=\"0\" title=\"fcgvj\"\/><\/a><\/td>\n<\/tr>\n<p> <b>Rendez-vous : le 8 janvier, \u00e0 20h, au Summum.<\/b><\/p>\n<p>Ev\u00e9nement musical et chor\u00e9graphique, France concert pr\u00e9sente Carmina Burana, l&rsquo;un des chefs d&rsquo;\u0153uvres les plus c\u00e9l\u00e8bres du XXe si\u00e8cle.<\/p>\n<p><a class=\"url\" href=\"https:\/\/www.grenoble-tourisme.com\/fr\/catalogue\/detail\/carmina-burana-7382015\/\" target=\"_blank\" rel=\"noopener\">Je prends ma place !<\/a><\/p>\n<tr>\n<td class=\"defaut\"><a href=\"https:\/\/www.radioscoop.com\/agenda\/javascript:void(0)\" onclick=\"parent.RS.diaporama.addMedia(720948) ;\" target=\"_blank\" rel=\"noopener\"><img loading=\"lazy\" decoding=\"async\" src=\"https:\/\/www.europesays.com\/fr\/wp-content\/uploads\/2025\/12\/1767118465_536_img.png\" width=\"404\" height=\"640\" border=\"0\" title=\"hbhdsvb\"\/><\/a><\/td>\n<\/tr>\n<p> <b>Rendez-vous : du 9 au 18 janvier, \u00e0 partir de 17h, \u00e0 l&rsquo;Espace Aragon.<\/b><\/p>\n<p>Le festival PIXEL sur les jeux vid\u00e9o revient pour sa 5e \u00e9dition, du 9 au 18 janvier 2026. Au programme : expo interactive, tournois, cin\u00e9ma, concert et playformances. Un \u00e9v\u00e9nement pour d\u00e9couvrir autrement la richesse culturelle et artistique du jeu vid\u00e9o.<\/p>\n<p><a class=\"url\" href=\"https:\/\/www.grenoble-tourisme.com\/fr\/decouvrir\/evenements\/agenda\/detail\/pixel-2026-festival-de-jeux-video-7449204\/\" target=\"_blank\" rel=\"noopener\">Je prends ma place !<\/a><\/p>\n<tr>\n<td class=\"defaut\"><a href=\"https:\/\/www.radioscoop.com\/agenda\/javascript:void(0)\" onclick=\"parent.RS.diaporama.addMedia(720990) ;\" target=\"_blank\" rel=\"noopener\"><img loading=\"lazy\" decoding=\"async\" src=\"https:\/\/www.europesays.com\/fr\/wp-content\/uploads\/2025\/12\/1767118467_828_img.png\" width=\"640\" height=\"350\" border=\"0\" title=\"tgvuk\"\/><\/a><\/td>\n<\/tr>\n<p> <b>Rendez-vous : le 10 janvier, au Gymnase Hoche.<\/b><\/p>\n<p>Match de basket NM3 \u00e0 Grenoble : venez soutenir l&rsquo;\u00e9quipe masculine du Grenoble Basket 38 lors d&rsquo;une rencontre de championnat national. Ambiance conviviale, animations et buvette sur place.<\/p>\n<p><a class=\"url\" href=\"https:\/\/www.grenoble-tourisme.com\/fr\/decouvrir\/evenements\/agenda\/detail\/match-de-basket-nm3-gb38-7626874\/\" target=\"_blank\" rel=\"noopener\">Je prends ma place !<\/a><\/p>\n<tr>\n<td class=\"defaut\"><img loading=\"lazy\" decoding=\"async\" src=\"https:\/\/www.europesays.com\/fr\/wp-content\/uploads\/2025\/12\/1767118469_888_img.png\" width=\"500\" height=\"281\" border=\"0\" title=\"vjnhl\"\/><\/td>\n<\/tr>\n<p> <b>Rendez-vous : le 11 janvier, \u00e0 18h, au Summum.<\/b><\/p>\n<p>Revivez la magie de Queen avec Gary Mullen, qui incarne Freddie Mercury avec une justesse et une \u00e9nergie remarquables dans The Wembley Show.<\/p>\n<p><a class=\"url\" href=\"https:\/\/www.grenoble-tourisme.com\/fr\/decouvrir\/evenements\/agenda\/detail\/one-night-of-queen-7382045\/\" target=\"_blank\" rel=\"noopener\">Je prends ma place !<\/a><\/p>\n<tr>\n<td class=\"defaut\"><a href=\"https:\/\/www.radioscoop.com\/agenda\/javascript:void(0)\" onclick=\"parent.RS.diaporama.addMedia(720993) ;\" target=\"_blank\" rel=\"noopener\"><img loading=\"lazy\" decoding=\"async\" src=\"https:\/\/www.europesays.com\/fr\/wp-content\/uploads\/2025\/12\/1767118472_661_img.png\" width=\"427\" height=\"640\" border=\"0\" title=\"gcvhb\"\/><\/a><\/td>\n<\/tr>\n<p> <b>Rendez-vous : le 10 janvier, \u00e0 20h30, au Th\u00e9\u00e2tre en rond.<\/b><\/p>\n<p>Acteur, r\u00e9alisateur, pr\u00e9sentateur, Philippe Lellouche touche \u00e0 la sc\u00e8ne avec un premier one-man-show tr\u00e8s intimiste.<\/p>\n<p>Il partage avec une autod\u00e9rision plus que plaisante ses souvenirs d&rsquo;enfance en famille, ses premiers \u00e9mois amoureux, mais aussi ses n\u00e9vroses et ses coups de gueule.<br \/>Apr\u00e8s quinze ans de triomphe au th\u00e9\u00e2tre et apr\u00e8s avoir partag\u00e9 la sc\u00e8ne avec les plus grands, le voici, seul face au public.<br \/>Ce spectacle, empreint de nostalgie heureuse, offre un r\u00e9confort bienvenu \u00e0 un public avide de moments de bonheur assum\u00e9. Avec son humour caract\u00e9ristique et son charisme ind\u00e9niable, Philippe Lellouche captive et s\u00e9duit, faisant de \u00ab\u00a0Stand Alone\u00a0\u00bb un incontournable&#8230;<\/p>\n<p>Vous l&rsquo;aurez compris, Philippe Lellouche nous embarque dans ses histoires entre larmes et rires.<br \/>La vie, en r\u00e9sum\u00e9.<\/p>\n<p><a class=\"url\" href=\"https:\/\/www.grenoble-tourisme.com\/fr\/decouvrir\/evenements\/agenda\/detail\/stand-alone-philippe-lellouche-7321084\/\" target=\"_blank\" rel=\"noopener\">Je prends ma place !<\/a><\/p>\n<tr>\n<td class=\"defaut\"><a href=\"https:\/\/www.radioscoop.com\/agenda\/javascript:void(0)\" onclick=\"parent.RS.diaporama.addMedia(720994) ;\" target=\"_blank\" rel=\"noopener\"><img loading=\"lazy\" decoding=\"async\" src=\"https:\/\/www.europesays.com\/fr\/wp-content\/uploads\/2025\/12\/1767118474_434_img.png\" width=\"427\" height=\"640\" border=\"0\" title=\"cgui\"\/><\/a><\/td>\n<\/tr>\n<p><\/p>\n","protected":false},"excerpt":{"rendered":"Chaque semaine, retrouvez les meilleurs bons plans de Grenoble et Chamb\u00e9ry ! Que vous soyez \u00e0 la recherche&hellip;\n","protected":false},"author":2,"featured_media":630384,"comment_status":"","ping_status":"","sticky":false,"template":"","format":"standard","meta":{"footnotes":""},"categories":[9566],"tags":[1111,11,2430,677,12362,1777,674,1011,27,2731,12,7518,25],"class_list":{"0":"post-630383","1":"post","2":"type-post","3":"status-publish","4":"format-standard","5":"has-post-thumbnail","7":"category-grenoble","8":"tag-actu","9":"tag-actualites","10":"tag-auvergne-rhone-alpes","11":"tag-bons-plans","12":"tag-chambry","13":"tag-eu","14":"tag-europe","15":"tag-fr","16":"tag-france","17":"tag-grenoble","18":"tag-news","19":"tag-octobre","20":"tag-republique-francaise"},"share_on_mastodon":{"url":"https:\/\/pubeurope.com\/@fr\/115809882527953552","error":""},"_links":{"self":[{"href":"https:\/\/www.europesays.com\/fr\/wp-json\/wp\/v2\/posts\/630383","targetHints":{"allow":["GET"]}}],"collection":[{"href":"https:\/\/www.europesays.com\/fr\/wp-json\/wp\/v2\/posts"}],"about":[{"href":"https:\/\/www.europesays.com\/fr\/wp-json\/wp\/v2\/types\/post"}],"author":[{"embeddable":true,"href":"https:\/\/www.europesays.com\/fr\/wp-json\/wp\/v2\/users\/2"}],"replies":[{"embeddable":true,"href":"https:\/\/www.europesays.com\/fr\/wp-json\/wp\/v2\/comments?post=630383"}],"version-history":[{"count":0,"href":"https:\/\/www.europesays.com\/fr\/wp-json\/wp\/v2\/posts\/630383\/revisions"}],"wp:featuredmedia":[{"embeddable":true,"href":"https:\/\/www.europesays.com\/fr\/wp-json\/wp\/v2\/media\/630384"}],"wp:attachment":[{"href":"https:\/\/www.europesays.com\/fr\/wp-json\/wp\/v2\/media?parent=630383"}],"wp:term":[{"taxonomy":"category","embeddable":true,"href":"https:\/\/www.europesays.com\/fr\/wp-json\/wp\/v2\/categories?post=630383"},{"taxonomy":"post_tag","embeddable":true,"href":"https:\/\/www.europesays.com\/fr\/wp-json\/wp\/v2\/tags?post=630383"}],"curies":[{"name":"wp","href":"https:\/\/api.w.org\/{rel}","templated":true}]}}