{"id":630385,"date":"2025-12-30T18:15:14","date_gmt":"2025-12-30T18:15:14","guid":{"rendered":"https:\/\/www.europesays.com\/fr\/630385\/"},"modified":"2025-12-30T18:15:14","modified_gmt":"2025-12-30T18:15:14","slug":"allan-brunon-lfi-sen-prend-a-valentin-gabriac-rn","status":"publish","type":"post","link":"https:\/\/www.europesays.com\/fr\/630385\/","title":{"rendered":"Allan Brunon (LFI) s&rsquo;en prend \u00e0 Valentin Gabriac (RN)"},"content":{"rendered":"<p itemprop=\"description\"><strong>Allan Brunon n&rsquo;\u00e9pargne personne.<\/strong><\/p>\n<p>Le candidat LFI aux municipales \u00e0 Grenoble a d\u00e9j\u00e0 fait savoir tout le mal qu&rsquo;il pense des socialistes ou d&rsquo;Alain Carignon, le voil\u00e0 qui s&rsquo;en prend \u00e0 Valentin Gabriac.<\/p>\n<p>Car le candidat RN fustigeait <a href=\"https:\/\/www.grenoblemag.com\/article\/2461\/rassemblement-reserve-aux-personnes-non-blanches-le-rn-appelle-a-une-depolitisation-des-subventions-associatives-a-grenoble\" target=\"_blank\" rel=\"noopener\">la tenue le 3 janvier prochain d&rsquo;une r\u00e9union interdite aux personnes non-blanches<\/a> au centre LGBTI de Grenoble, appelant \u00e0 une \u00ab\u00a0d\u00e9politisation des subventions associatives\u00a0\u00bb.<\/p>\n<p>Il n&rsquo;en fallait pas plus pour qu&rsquo;Allan Brunon sorte les griffes. \u00ab\u00a0(Valentin) Gabriac est un fasciste, tout le monde le sait. A Grenoble, nous allons lui montrer ce que signifie une ville Compagnon de la Lib\u00e9ration. Nous le renverrons, lui et son parti fond\u00e9 par des SS, dans les poubelles de l&rsquo;Histoire\u00a0\u00bb, \u00e9crivait le jeune insoumis.<\/p>\n<p>Si le fond de l&rsquo;affaire n&rsquo;est pas d\u00e9battu, voil\u00e0 qui pose les bases de l&rsquo;animosit\u00e9 entre les deux camps.<\/p>\n","protected":false},"excerpt":{"rendered":"Allan Brunon n&rsquo;\u00e9pargne personne. Le candidat LFI aux municipales \u00e0 Grenoble a d\u00e9j\u00e0 fait savoir tout le mal&hellip;\n","protected":false},"author":2,"featured_media":630386,"comment_status":"","ping_status":"","sticky":false,"template":"","format":"standard","meta":{"footnotes":""},"categories":[9566],"tags":[1111,11,2813,2430,1109,251,1112,2811,1777,674,118,1011,27,21780,2731,14004,1922,1110,1114,108,12,316,25,2812,517,800],"class_list":{"0":"post-630385","1":"post","2":"type-post","3":"status-publish","4":"format-standard","5":"has-post-thumbnail","7":"category-grenoble","8":"tag-actu","9":"tag-actualites","10":"tag-article","11":"tag-auvergne-rhone-alpes","12":"tag-breves","13":"tag-culture","14":"tag-depeches","15":"tag-economique","16":"tag-eu","17":"tag-europe","18":"tag-faits-divers","19":"tag-fr","20":"tag-france","21":"tag-gf38","22":"tag-grenoble","23":"tag-grenoblemag","24":"tag-info","25":"tag-informations","26":"tag-infos","27":"tag-isere","28":"tag-news","29":"tag-politique","30":"tag-republique-francaise","31":"tag-sociale","32":"tag-sport","33":"tag-transports"},"share_on_mastodon":{"url":"https:\/\/pubeurope.com\/@fr\/115809886133434695","error":""},"_links":{"self":[{"href":"https:\/\/www.europesays.com\/fr\/wp-json\/wp\/v2\/posts\/630385","targetHints":{"allow":["GET"]}}],"collection":[{"href":"https:\/\/www.europesays.com\/fr\/wp-json\/wp\/v2\/posts"}],"about":[{"href":"https:\/\/www.europesays.com\/fr\/wp-json\/wp\/v2\/types\/post"}],"author":[{"embeddable":true,"href":"https:\/\/www.europesays.com\/fr\/wp-json\/wp\/v2\/users\/2"}],"replies":[{"embeddable":true,"href":"https:\/\/www.europesays.com\/fr\/wp-json\/wp\/v2\/comments?post=630385"}],"version-history":[{"count":0,"href":"https:\/\/www.europesays.com\/fr\/wp-json\/wp\/v2\/posts\/630385\/revisions"}],"wp:featuredmedia":[{"embeddable":true,"href":"https:\/\/www.europesays.com\/fr\/wp-json\/wp\/v2\/media\/630386"}],"wp:attachment":[{"href":"https:\/\/www.europesays.com\/fr\/wp-json\/wp\/v2\/media?parent=630385"}],"wp:term":[{"taxonomy":"category","embeddable":true,"href":"https:\/\/www.europesays.com\/fr\/wp-json\/wp\/v2\/categories?post=630385"},{"taxonomy":"post_tag","embeddable":true,"href":"https:\/\/www.europesays.com\/fr\/wp-json\/wp\/v2\/tags?post=630385"}],"curies":[{"name":"wp","href":"https:\/\/api.w.org\/{rel}","templated":true}]}}