{"id":630387,"date":"2025-12-30T18:16:14","date_gmt":"2025-12-30T18:16:14","guid":{"rendered":"https:\/\/www.europesays.com\/fr\/630387\/"},"modified":"2025-12-30T18:16:14","modified_gmt":"2025-12-30T18:16:14","slug":"un-traiteur-se-retrouve-avec-plusieurs-kilos-de-nourriture-en-trop-avant-noel-ce-livreur-les-distribue-a-des-sans-abri-de-rennes","status":"publish","type":"post","link":"https:\/\/www.europesays.com\/fr\/630387\/","title":{"rendered":"Un traiteur se retrouve avec plusieurs kilos de nourriture en trop avant No\u00ebl\u00a0: ce livreur les distribue \u00e0 des sans-abri de Rennes"},"content":{"rendered":"<p>Un traiteur rennais, se retrouvant avec 3 kg de risotto en trop apr\u00e8s une soir\u00e9e de fin d\u2018ann\u00e9e, a d\u00e9cid\u00e9 de faire don de sa nourriture plut\u00f4t que de la jeter. Il a contact\u00e9 le \u00ab Livreur du Futur \u00bb, un vid\u00e9aste rennais connu pour ses livraisons en skate \u00e9lectrique et casque int\u00e9gral.<\/p>\n<blockquote class=\"instagram-media\" data-instgrm-captioned=\"\" data-instgrm-permalink=\"https:\/\/www.instagram.com\/reel\/DSnb0wBiAVn\/?utm_source=ig_embed&amp;utm_campaign=loading\" data-instgrm-version=\"14\" style=\" background:#FFF; border:0; border-radius:3px; box-shadow:0 0 1px 0 rgba(0,0,0,0.5),0 1px 10px 0 rgba(0,0,0,0.15); margin: 1px; max-width:540px; min-width:326px; padding:0; width:99.375%; width:-webkit-calc(100% - 2px); width:calc(100% - 2px);\"\/>\n<p>Le jeune homme a parcouru le centre-ville de nuit pour distribuer gratuitement ces portions chaudes aux personnes sans domicile. La vid\u00e9o de cette maraude, o\u00f9 l\u2019on voit notamment la vive \u00e9motion d\u2019un sans-abri, a cumul\u00e9 pr\u00e8s d\u2019un million de vues sur les r\u00e9seaux sociaux. Contact\u00e9 par Le T\u00e9l\u00e9gramme, le traiteur n\u2019a pas souhait\u00e9 \u00eatre cit\u00e9 dans notre article, d\u00e9crivant un geste purement d\u00e9sint\u00e9ress\u00e9.<\/p>\n<p>Au-del\u00e0 de cette action, le Livreur du Futur utilise r\u00e9guli\u00e8rement sa visibilit\u00e9 sur les r\u00e9seaux pour offrir des repas aux SDF. Il travaille notamment en collaboration avec la Croix-Rouge pour structurer ses distributions nocturnes.<\/p>\n<p><script async src=\"\/\/www.instagram.com\/embed.js\"><\/script><\/p>\n","protected":false},"excerpt":{"rendered":"Un traiteur rennais, se retrouvant avec 3 kg de risotto en trop apr\u00e8s une soir\u00e9e de fin d\u2018ann\u00e9e,&hellip;\n","protected":false},"author":2,"featured_media":630388,"comment_status":"","ping_status":"","sticky":false,"template":"","format":"standard","meta":{"footnotes":""},"categories":[2821],"tags":[1111,11,829,1777,674,1011,27,848,12,584,25],"class_list":{"0":"post-630387","1":"post","2":"type-post","3":"status-publish","4":"format-standard","5":"has-post-thumbnail","7":"category-rennes","8":"tag-actu","9":"tag-actualites","10":"tag-bretagne","11":"tag-eu","12":"tag-europe","13":"tag-fr","14":"tag-france","15":"tag-ille-et-vilaine","16":"tag-news","17":"tag-rennes","18":"tag-republique-francaise"},"share_on_mastodon":{"url":"https:\/\/pubeurope.com\/@fr\/115809890096522555","error":""},"_links":{"self":[{"href":"https:\/\/www.europesays.com\/fr\/wp-json\/wp\/v2\/posts\/630387","targetHints":{"allow":["GET"]}}],"collection":[{"href":"https:\/\/www.europesays.com\/fr\/wp-json\/wp\/v2\/posts"}],"about":[{"href":"https:\/\/www.europesays.com\/fr\/wp-json\/wp\/v2\/types\/post"}],"author":[{"embeddable":true,"href":"https:\/\/www.europesays.com\/fr\/wp-json\/wp\/v2\/users\/2"}],"replies":[{"embeddable":true,"href":"https:\/\/www.europesays.com\/fr\/wp-json\/wp\/v2\/comments?post=630387"}],"version-history":[{"count":0,"href":"https:\/\/www.europesays.com\/fr\/wp-json\/wp\/v2\/posts\/630387\/revisions"}],"wp:featuredmedia":[{"embeddable":true,"href":"https:\/\/www.europesays.com\/fr\/wp-json\/wp\/v2\/media\/630388"}],"wp:attachment":[{"href":"https:\/\/www.europesays.com\/fr\/wp-json\/wp\/v2\/media?parent=630387"}],"wp:term":[{"taxonomy":"category","embeddable":true,"href":"https:\/\/www.europesays.com\/fr\/wp-json\/wp\/v2\/categories?post=630387"},{"taxonomy":"post_tag","embeddable":true,"href":"https:\/\/www.europesays.com\/fr\/wp-json\/wp\/v2\/tags?post=630387"}],"curies":[{"name":"wp","href":"https:\/\/api.w.org\/{rel}","templated":true}]}}