{"id":630389,"date":"2025-12-30T18:17:09","date_gmt":"2025-12-30T18:17:09","guid":{"rendered":"https:\/\/www.europesays.com\/fr\/630389\/"},"modified":"2025-12-30T18:17:09","modified_gmt":"2025-12-30T18:17:09","slug":"la-billetterie-est-ouverte-voici-le-prix-des-places","status":"publish","type":"post","link":"https:\/\/www.europesays.com\/fr\/630389\/","title":{"rendered":"la billetterie est ouverte, voici le prix des places"},"content":{"rendered":"<p>                    Par<br \/>\n        <strong><br \/>\n            <a href=\"https:\/\/actu.fr\/auteur\/lea-mosco\" title=\"Consulter tous les articles de L\u00e9a Mosco\" target=\"_blank\" rel=\"noopener\">L\u00e9a Mosco<\/a><br \/>\n                    <\/strong><\/p>\n<p>        Publi\u00e9 le<\/p>\n<p>            30 d\u00e9c. 2025 \u00e0 18h03        <\/p>\n<p>C\u2019est l\u2019effervescence pour le club de National 2<strong>\u00a0l\u2019US<\/strong> <strong>Chantilly<\/strong> (<a href=\"https:\/\/actu.fr\/oise\/\" target=\"_blank\" rel=\"noopener\">Oise<\/a>). Depuis le tirage au sort qui a d\u00e9sign\u00e9 l\u2019ogre breton du <strong>Stade Rennais<\/strong> (Ligue 1) comme futur adversaire de l\u2019US Chantilly, les supporters n\u2019ont qu\u2019une question \u00e0 la bouche : comment se procurer les pr\u00e9cieux s\u00e9sames ?<\/p>\n<p class=\" wall-content\">L\u2019attente a pris fin. Le club a communiqu\u00e9 les tarifs pour cette rencontre de gala qui promet de faire vibrer le d\u00e9partement le <strong>11 janvier 2026<\/strong> au stade Pierre Brisson de <strong>Beauvais<\/strong>.<\/p>\n<p>Une billetterie en ligne<\/p>\n<p class=\" wall-content\">Comme souvent pour ces affiches de Coupe de France opposant un club amateur \u00e0 une \u00e9curie de l\u2019\u00e9lite, les places risquent de partir tr\u00e8s vite. L\u2019engouement est r\u00e9el autour des joueurs cantiliens qui esp\u00e8rent voir le stade Pierre Brisson se parer de ses plus belles couleurs pour tenter de renverser la montagne rennaise.\u00a0<\/p>\n<p class=\" wall-content\">Les supporters sont invit\u00e9s \u00e0 ne pas tarder pour r\u00e9server leur place. Rendez-vous d\u00e8s maintenant sur la <a href=\"https:\/\/www.billetweb.fr\/us-chantilly-vs-stade-rennais-fc?fbclid=IwY2xjawPA5I5leHRuA2FlbQIxMABicmlkETBqdmtpTEhlS053ODNRR2Jlc3J0YwZhcHBfaWQQMjIyMDM5MTc4ODIwMDg5MgABHjMOSaF4wASWMp2lq5_7N7-zQ51envhwG9_Sw6tZEQ3qxoTzt8Nhrjni5rJp_aem_27Kn_3Chv8cw3J5j7fIXow\" target=\"_blank\" rel=\"noopener\">billetterie en ligne<\/a>.\u00a0<\/p>\n<p>De 8 \u00e0 30 euros la place<\/p>\n<p class=\" wall-content\">Pour ce match de prestige, o\u00f9 le \u00ab\u00a0petit poucet\u00a0\u00bb isarien tentera de r\u00e9aliser l\u2019exploit face aux professionnels rennais, la grille tarifaire a \u00e9t\u00e9 pens\u00e9e pour <strong>rester accessible au grand public<\/strong>, tout en marquant le coup pour les meilleures places en tribune.<\/p>\n<p class=\" wall-content\">Il y en aura pour tous les budgets, avec un premier prix fix\u00e9 \u00e0 8 euros pour le pourtour. Voici le d\u00e9tail des tarifs communiqu\u00e9s par le club :<\/p>\n<p>Votre r\u00e9gion, votre actu !<\/p>\n<p>Recevez chaque jour les infos qui comptent pour vous.<\/p>\n<p>\t<a href=\"https:\/\/actu.fr\/newsletter\" class=\"ac-btn ac-btn--corner ac-btn--medium ac-btn--blue800\" target=\"_blank\" rel=\"noopener\">S&rsquo;incrire<\/a><\/p>\n<p class=\" wall-content\">Pourtour : 8 euros<br \/>Zone verte : 12 euros<br \/>Zone orange : 15 euros<br \/>Zone blanche : 25 euros<br \/>Tribune Pr\u00e9sidentielle : 30 euros.<\/p>\n<p class=\" wall-content\">Personnalisez votre actualit\u00e9 en ajoutant vos villes et m\u00e9dias en favori avec <a href=\"https:\/\/moncompte.actu.fr\" title=\"D\u00e9couvez Mon Actu\" rel=\"nofollow noopener\" data-trk=\"{&quot;cta&quot;:{&quot;action&quot;:&quot;https:\\\/\\\/moncompte.actu.fr&quot;,&quot;category&quot;:&quot;mon compte&quot;,&quot;from&quot;:&quot;article footer&quot;,&quot;name&quot;:&quot;Mon actu&quot;,&quot;type&quot;:&quot;cta&quot;}}\" target=\"_blank\">Mon Actu<\/a>.<\/p>\n","protected":false},"excerpt":{"rendered":"Par L\u00e9a Mosco Publi\u00e9 le 30 d\u00e9c. 2025 \u00e0 18h03 C\u2019est l\u2019effervescence pour le club de National 2\u00a0l\u2019US&hellip;\n","protected":false},"author":2,"featured_media":630390,"comment_status":"","ping_status":"","sticky":false,"template":"","format":"standard","meta":{"footnotes":""},"categories":[2821],"tags":[1111,11,829,83,15922,1777,674,1011,27,7364,12,584,25,60],"class_list":{"0":"post-630389","1":"post","2":"type-post","3":"status-publish","4":"format-standard","5":"has-post-thumbnail","7":"category-rennes","8":"tag-actu","9":"tag-actualites","10":"tag-bretagne","11":"tag-coupe-de-france","12":"tag-coupe-de-france-de-football","13":"tag-eu","14":"tag-europe","15":"tag-fr","16":"tag-france","17":"tag-loise","18":"tag-news","19":"tag-rennes","20":"tag-republique-francaise","21":"tag-sports"},"share_on_mastodon":{"url":"https:\/\/pubeurope.com\/@fr\/115809893986688010","error":""},"_links":{"self":[{"href":"https:\/\/www.europesays.com\/fr\/wp-json\/wp\/v2\/posts\/630389","targetHints":{"allow":["GET"]}}],"collection":[{"href":"https:\/\/www.europesays.com\/fr\/wp-json\/wp\/v2\/posts"}],"about":[{"href":"https:\/\/www.europesays.com\/fr\/wp-json\/wp\/v2\/types\/post"}],"author":[{"embeddable":true,"href":"https:\/\/www.europesays.com\/fr\/wp-json\/wp\/v2\/users\/2"}],"replies":[{"embeddable":true,"href":"https:\/\/www.europesays.com\/fr\/wp-json\/wp\/v2\/comments?post=630389"}],"version-history":[{"count":0,"href":"https:\/\/www.europesays.com\/fr\/wp-json\/wp\/v2\/posts\/630389\/revisions"}],"wp:featuredmedia":[{"embeddable":true,"href":"https:\/\/www.europesays.com\/fr\/wp-json\/wp\/v2\/media\/630390"}],"wp:attachment":[{"href":"https:\/\/www.europesays.com\/fr\/wp-json\/wp\/v2\/media?parent=630389"}],"wp:term":[{"taxonomy":"category","embeddable":true,"href":"https:\/\/www.europesays.com\/fr\/wp-json\/wp\/v2\/categories?post=630389"},{"taxonomy":"post_tag","embeddable":true,"href":"https:\/\/www.europesays.com\/fr\/wp-json\/wp\/v2\/tags?post=630389"}],"curies":[{"name":"wp","href":"https:\/\/api.w.org\/{rel}","templated":true}]}}