{"id":630391,"date":"2025-12-30T18:18:11","date_gmt":"2025-12-30T18:18:11","guid":{"rendered":"https:\/\/www.europesays.com\/fr\/630391\/"},"modified":"2025-12-30T18:18:11","modified_gmt":"2025-12-30T18:18:11","slug":"un-homme-juge-pour-vols-de-bouteilles-dalcool-et-menaces-avec-couteau","status":"publish","type":"post","link":"https:\/\/www.europesays.com\/fr\/630391\/","title":{"rendered":"un homme jug\u00e9 pour vols de bouteilles d\u2019alcool et menaces avec couteau"},"content":{"rendered":"<p>\u00ab\u00a0Je tiens \u00e0 m\u2019excuser. Depuis ma derni\u00e8re peine, j\u2019ai travaill\u00e9, je n\u2019ai fait que \u00e7a. Je regrette\u00a0\u00bb, commence le pr\u00e9venu \u00e0 la barre du tribunal judiciaire de Strasbourg, ce lundi. \u00ab\u00a0Les regrets sont une seconde erreur\u00a0\u00bb, r\u00e9torque Marc Picard, le pr\u00e9sident. Il faut dire qu\u2019il a fait fort le 24\u00a0d\u00e9cembre.<\/p>\n<p>En fin de matin\u00e9e, l\u2019homme de 58 ans, en \u00e9tat d\u2019\u00e9bri\u00e9t\u00e9, vole trois&#8230;<\/p>\n","protected":false},"excerpt":{"rendered":"\u00ab\u00a0Je tiens \u00e0 m\u2019excuser. Depuis ma derni\u00e8re peine, j\u2019ai travaill\u00e9, je n\u2019ai fait que \u00e7a. Je regrette\u00a0\u00bb, commence&hellip;\n","protected":false},"author":2,"featured_media":630392,"comment_status":"","ping_status":"","sticky":false,"template":"","format":"standard","meta":{"footnotes":""},"categories":[2820],"tags":[1111,11,2389,2649,271,272,2880,1777,674,274,107,1011,27,775,12,25,5512,640,3265],"class_list":{"0":"post-630391","1":"post","2":"type-post","3":"status-publish","4":"format-standard","5":"has-post-thumbnail","7":"category-strasbourg","8":"tag-actu","9":"tag-actualites","10":"tag-alsace","11":"tag-bas-rhin","12":"tag-crime","13":"tag-delit-et-contravention","14":"tag-edition-strasbourg","15":"tag-eu","16":"tag-europe","17":"tag-faits-divers-justice","18":"tag-fil-info","19":"tag-fr","20":"tag-france","21":"tag-grand-est","22":"tag-news","23":"tag-republique-francaise","24":"tag-schiltigheim","25":"tag-strasbourg","26":"tag-strasbourg-nord"},"share_on_mastodon":{"url":"https:\/\/pubeurope.com\/@fr\/115809897937555781","error":""},"_links":{"self":[{"href":"https:\/\/www.europesays.com\/fr\/wp-json\/wp\/v2\/posts\/630391","targetHints":{"allow":["GET"]}}],"collection":[{"href":"https:\/\/www.europesays.com\/fr\/wp-json\/wp\/v2\/posts"}],"about":[{"href":"https:\/\/www.europesays.com\/fr\/wp-json\/wp\/v2\/types\/post"}],"author":[{"embeddable":true,"href":"https:\/\/www.europesays.com\/fr\/wp-json\/wp\/v2\/users\/2"}],"replies":[{"embeddable":true,"href":"https:\/\/www.europesays.com\/fr\/wp-json\/wp\/v2\/comments?post=630391"}],"version-history":[{"count":0,"href":"https:\/\/www.europesays.com\/fr\/wp-json\/wp\/v2\/posts\/630391\/revisions"}],"wp:featuredmedia":[{"embeddable":true,"href":"https:\/\/www.europesays.com\/fr\/wp-json\/wp\/v2\/media\/630392"}],"wp:attachment":[{"href":"https:\/\/www.europesays.com\/fr\/wp-json\/wp\/v2\/media?parent=630391"}],"wp:term":[{"taxonomy":"category","embeddable":true,"href":"https:\/\/www.europesays.com\/fr\/wp-json\/wp\/v2\/categories?post=630391"},{"taxonomy":"post_tag","embeddable":true,"href":"https:\/\/www.europesays.com\/fr\/wp-json\/wp\/v2\/tags?post=630391"}],"curies":[{"name":"wp","href":"https:\/\/api.w.org\/{rel}","templated":true}]}}