{"id":630397,"date":"2025-12-30T18:21:09","date_gmt":"2025-12-30T18:21:09","guid":{"rendered":"https:\/\/www.europesays.com\/fr\/630397\/"},"modified":"2025-12-30T18:21:09","modified_gmt":"2025-12-30T18:21:09","slug":"nice-la-circulation-des-trains-a-larret-ce-mardi-soir-les-voies-bloquees-voici-pourquoi","status":"publish","type":"post","link":"https:\/\/www.europesays.com\/fr\/630397\/","title":{"rendered":"Nice. La circulation des trains \u00e0 l&rsquo;arr\u00eat ce mardi soir, les voies bloqu\u00e9es : voici pourquoi"},"content":{"rendered":"<p>                    Par<br \/>\n        <strong><br \/>\n            <a href=\"https:\/\/actu.fr\/auteur\/arthur-frand\" title=\"Consulter tous les articles de Arthur Frand\" target=\"_blank\" rel=\"noopener\">Arthur Frand<\/a><br \/>\n                    <\/strong><\/p>\n<p>        Publi\u00e9 le<\/p>\n<p>            30 d\u00e9c. 2025 \u00e0 18h03<br \/>\n        ; mis \u00e0 jour le 30 d\u00e9c. 2025 \u00e0 18h06    <\/p>\n<p>Patience pour les usagers des rails sur la C\u00f4te d\u2019Azur ce mardi 30\u00a0d\u00e9cembre 2025. La circulation des trains est <strong>tr\u00e8s perturb\u00e9e<\/strong> en d\u00e9but de soir\u00e9e entre <a href=\"https:\/\/actu.fr\/nice\/\" target=\"_blank\" rel=\"noopener\">Nice<\/a> dans les <a href=\"https:\/\/actu.fr\/provence-alpes-cote-d-azur\/alpes-maritimes_06\" target=\"_blank\" rel=\"noopener\">Alpes-Maritimes<\/a> et Vintimille (Italie), indique la SNCF.<\/p>\n<p class=\" wall-content\">Un obstacle bloque les voies. Voici o\u00f9.<\/p>\n<p>Circulation perturb\u00e9e dans les deux sens<\/p>\n<p class=\" wall-content\">Ce mardi 30\u00a0d\u00e9cembre, la circulation des trains est stopp\u00e9e depuis environ une heure entre Nice et Vintimille. La raison\u2009? Un obstacle bloque les voies au niveau de <strong>\u00c8ze-sur-Mer<\/strong>. La circulation est tr\u00e8s perturb\u00e9e dans les deux sens de circulation.<\/p>\n<p class=\" wall-content\">Selon la SNCF, ce sont des <strong>chutes de pierres<\/strong> qui sont venues obstruer les voies.\u00a0Dans ce cas, les \u00e9quipes de maintenance ont \u00e9t\u00e9 d\u00e9ploy\u00e9es sur place pour d\u00e9gager le passage et ramener la situation \u00e0 la normale.<\/p>\n<p class=\" wall-content\">\n<p>Retards et suppressions \u00e0 pr\u00e9voir<\/p>\n<p class=\" wall-content\">Des retards et des suppressions sont \u00e0 pr\u00e9voir, pr\u00e9cise la SNCF via ses canaux de communication. L\u2019heure de reprise du trafic est estim\u00e9e \u00e0 18h15 d\u00e9sormais. La circulation devrait reprendre \u00e0 <strong>vitesse r\u00e9duite<\/strong>.<\/p>\n<p class=\" wall-content\">Mais attention, si une rame est endommag\u00e9e, les voyageurs impact\u00e9s seront transbord\u00e9s par voie routi\u00e8re, souligne la SNCF.<\/p>\n<p class=\" wall-content\">Personnalisez votre actualit\u00e9 en ajoutant vos villes et m\u00e9dias en favori avec <a href=\"https:\/\/moncompte.actu.fr\" title=\"D\u00e9couvez Mon Actu\" rel=\"nofollow noopener\" data-trk=\"{&quot;cta&quot;:{&quot;action&quot;:&quot;https:\\\/\\\/moncompte.actu.fr&quot;,&quot;category&quot;:&quot;mon compte&quot;,&quot;from&quot;:&quot;article footer&quot;,&quot;name&quot;:&quot;Mon actu&quot;,&quot;type&quot;:&quot;cta&quot;}}\" target=\"_blank\">Mon Actu<\/a>.<\/p>\n","protected":false},"excerpt":{"rendered":"Par Arthur Frand Publi\u00e9 le 30 d\u00e9c. 2025 \u00e0 18h03 ; mis \u00e0 jour le 30 d\u00e9c. 2025&hellip;\n","protected":false},"author":2,"featured_media":630398,"comment_status":"","ping_status":"","sticky":false,"template":"","format":"standard","meta":{"footnotes":""},"categories":[2819],"tags":[1111,11,3542,1777,674,1011,27,12,2401,882,25,2215,104],"class_list":{"0":"post-630397","1":"post","2":"type-post","3":"status-publish","4":"format-standard","5":"has-post-thumbnail","7":"category-nice","8":"tag-actu","9":"tag-actualites","10":"tag-circulation","11":"tag-eu","12":"tag-europe","13":"tag-fr","14":"tag-france","15":"tag-news","16":"tag-nice","17":"tag-provence-alpes-cote-dazur","18":"tag-republique-francaise","19":"tag-sncf","20":"tag-societe"},"share_on_mastodon":{"url":"https:\/\/pubeurope.com\/@fr\/115809909889363466","error":""},"_links":{"self":[{"href":"https:\/\/www.europesays.com\/fr\/wp-json\/wp\/v2\/posts\/630397","targetHints":{"allow":["GET"]}}],"collection":[{"href":"https:\/\/www.europesays.com\/fr\/wp-json\/wp\/v2\/posts"}],"about":[{"href":"https:\/\/www.europesays.com\/fr\/wp-json\/wp\/v2\/types\/post"}],"author":[{"embeddable":true,"href":"https:\/\/www.europesays.com\/fr\/wp-json\/wp\/v2\/users\/2"}],"replies":[{"embeddable":true,"href":"https:\/\/www.europesays.com\/fr\/wp-json\/wp\/v2\/comments?post=630397"}],"version-history":[{"count":0,"href":"https:\/\/www.europesays.com\/fr\/wp-json\/wp\/v2\/posts\/630397\/revisions"}],"wp:featuredmedia":[{"embeddable":true,"href":"https:\/\/www.europesays.com\/fr\/wp-json\/wp\/v2\/media\/630398"}],"wp:attachment":[{"href":"https:\/\/www.europesays.com\/fr\/wp-json\/wp\/v2\/media?parent=630397"}],"wp:term":[{"taxonomy":"category","embeddable":true,"href":"https:\/\/www.europesays.com\/fr\/wp-json\/wp\/v2\/categories?post=630397"},{"taxonomy":"post_tag","embeddable":true,"href":"https:\/\/www.europesays.com\/fr\/wp-json\/wp\/v2\/tags?post=630397"}],"curies":[{"name":"wp","href":"https:\/\/api.w.org\/{rel}","templated":true}]}}