{"id":630399,"date":"2025-12-30T18:22:12","date_gmt":"2025-12-30T18:22:12","guid":{"rendered":"https:\/\/www.europesays.com\/fr\/630399\/"},"modified":"2025-12-30T18:22:12","modified_gmt":"2025-12-30T18:22:12","slug":"nos-cinq-temoignages-les-plus-marquants-de-lannee","status":"publish","type":"post","link":"https:\/\/www.europesays.com\/fr\/630399\/","title":{"rendered":"nos cinq t\u00e9moignages les plus marquants de l\u2019ann\u00e9e"},"content":{"rendered":"<p>                    Par<br \/>\n        <strong><br \/>\n            <a href=\"https:\/\/actu.fr\/auteur\/laure-gentil\" title=\"Consulter tous les articles de Laure Gentil\" target=\"_blank\" rel=\"noopener\">Laure Gentil<\/a><br \/>\n                    <\/strong><\/p>\n<p>        Publi\u00e9 le<\/p>\n<p>            30 d\u00e9c. 2025 \u00e0 17h26        <\/p>\n<p>Le rideau se baisse sur l\u2019ann\u00e9e 2025. Une ann\u00e9e qui a \u00e9t\u00e9 riche en t\u00e9moignages puissants, poignants sur actu Nantes.\u00a0Aminata qui a \u00e9t\u00e9 expuls\u00e9e de son logement, Anna qui a surv\u00e9cu \u00e0 un \u00e9gorgement, Malo et sa famille qui se sont unis face \u00e0 son handicap\u2026 La <b>r\u00e9daction <\/b>vous fait <b>d\u00e9couvrir ou red\u00e9couvrir les cinq t\u00e9moignages<\/b> qui ont <b>marqu\u00e9 2025,<\/b> avant de passer \u00e0 une nouvelle ann\u00e9e.<\/p>\n<p>\u00ab\u2009Je ne sais pas quoi faire\u2009\u00bb\u2009: Aminata et ses enfants sont expuls\u00e9s de leur logement \u00e0 Nantes<\/p>\n<p class=\" wall-content\">Simple malentendu ou m\u00e9compr\u00e9hension sur le fonctionnement d\u2019attribution des logements sociaux, le r\u00e9sultat ne change pas\u2009:<b> Aminata Tour\u00e9<\/b>, 28\u00a0ans, m\u00e8re de deux filles et d\u2019un gar\u00e7on, enceinte d\u2019un quatri\u00e8me enfant, a \u00e9t\u00e9 expuls\u00e9e du logement social qu\u2019elle occupe rue Gambetta \u00e0 <b>Nantes<\/b>.<\/p>\n<p class=\" wall-content\">En juillet dernier, cette femme qui vit \u00e0 Nantes depuis environ 12\u00a0ans, a t\u00e9moign\u00e9 aupr\u00e8s d\u2019actu Nantes.<a href=\"https:\/\/actu.fr\/pays-de-la-loire\/nantes_44109\/je-ne-sais-pas-quoi-faire-aminata-et-ses-enfants-sont-expulses-de-leur-logement-a-nantes_62941996.html\" target=\"_blank\" rel=\"noopener\"> Cliquez ici pour relire son histoire.<\/a><\/p>\n<p>    <img   decoding=\"async\" loading=\"lazy\" class=\"size-large\" src=\"https:\/\/www.europesays.com\/fr\/wp-content\/uploads\/2025\/12\/e322b927a4886f722b927a488db22bv-960x640.jpg\" alt=\"Aminata, m\u00e8re de trois enfants et enceinte d'un quatri\u00e8me, recherche activement un logement. Le 19 ao\u00fbt, elle et sa famille sont \u00e0 la rue.\" width=\"960\" height=\"640\"\/><br \/>\n    Aminata, m\u00e8re de trois enfants et enceinte d\u2019un quatri\u00e8me, recherche activement un logement. Le 19\u00a0ao\u00fbt, elle et sa famille sont \u00e0 la rue. \u00a9Laure Gentil \/ actu Nantes\u00ab\u2009Faire semblant a \u00e9t\u00e9 dur\u2009\u00bb\u2009: Romane a accompagn\u00e9 sa m\u00e8re, d\u00e9c\u00e9d\u00e9e d\u2019un cancer rare<\/p>\n<p class=\" wall-content\">Le glioblastome est la tumeur primaire c\u00e9r\u00e9brale maligne la plus agressive et la plus fr\u00e9quente chez l\u2019adulte. Chaque ann\u00e9e, <b>3\u2009480 nouveaux cas sont diagnostiqu\u00e9s en France<\/b>.<\/p>\n<p class=\" wall-content\">Un cancer rare et incurable dont a \u00e9t\u00e9 victime, Sylvaine Renaud, d\u00e9c\u00e9d\u00e9e en octobre\u00a02022 \u00e0 l\u2019\u00e2ge de 50\u00a0ans.<\/p>\n<p class=\" wall-content\">Suite \u00e0 la disparition de sa maman, <b>Romane Boisselet<\/b> s\u2019est engag\u00e9e dans l\u2019association \u00ab\u2009\u00c9toiles dans la mer, vaincre le glioblastome\u2009\u00bb, fond\u00e9e en 2019.<\/p>\n<p class=\" wall-content\">Devenue r\u00e9f\u00e9rente de l\u2019association en Loire-Atlantique, Romane sensibilise le grand public \u00e0 cette maladie m\u00e9connue et cherche \u00e0 r\u00e9colter des fonds pour la recherche.<\/p>\n<p>Votre r\u00e9gion, votre actu !<\/p>\n<p>Recevez chaque jour les infos qui comptent pour vous.<\/p>\n<p>\t<a href=\"https:\/\/actu.fr\/newsletter\" class=\"ac-btn ac-btn--corner ac-btn--medium ac-btn--blue800\" target=\"_blank\" rel=\"noopener\">S&rsquo;incrire<\/a><\/p>\n<p class=\" wall-content\">Un peu plus de deux ans apr\u00e8s le d\u00e9c\u00e8s de sa m\u00e8re, la Nantaise de 26\u00a0ans<b>\u00a0t\u00e9moigne de la maladie et de son exp\u00e9rience en tant qu\u2019accompagnatrice<\/b>. <a href=\"https:\/\/actu.fr\/pays-de-la-loire\/nantes_44109\/temoignage-faire-semblant-a-ete-dur-romane-a-accompagne-sa-mere-decedee-d-un-cancer-rare_62347941.html\" target=\"_blank\" rel=\"noopener\">Son t\u00e9moignage est disponible ici<\/a>.<\/p>\n<p>    <img   decoding=\"async\" loading=\"lazy\" class=\"size-large\" src=\"https:\/\/www.europesays.com\/fr\/wp-content\/uploads\/2025\/12\/7083b6b58cc760583b6b58cc7c883bv-960x640.jpg\" alt=\"Romane Boisselet est r\u00e9f\u00e9rente en Loire-Atlantique pour l'association Des \u00e9toiles dans la mer, vaincre le glioblastome. Un engagement suite au d\u00e9c\u00e8s de sa m\u00e8re en 2022 des suites de ce cancer incurable.\" width=\"960\" height=\"640\"\/><br \/>\n    Romane Boisselet est r\u00e9f\u00e9rente en Loire-Atlantique pour l\u2019association Des \u00e9toiles dans la mer, vaincre le glioblastome. Un engagement suite au d\u00e9c\u00e8s de sa m\u00e8re en 2022 des suites de ce cancer incurable. \u00a9Thomas Bernard \/ actu NantesAnna a surv\u00e9cu \u00e0 une tentative de meurtre \u00e0 Nantes\u2009: \u00ab\u2009Je m\u2019en suis quand m\u00eame bien sortie\u2009\u00bb<\/p>\n<p class=\" wall-content\">Anna n\u2019a que 21\u00a0ans et pourtant elle a d\u00e9j\u00e0 eu une vie plus mouvement\u00e9e que bien d\u2019autres. Le 5\u00a0f\u00e9vrier 2022,<a href=\"https:\/\/actu.fr\/pays-de-la-loire\/nantes_44109\/etudiante-de-18-ans-poignardee-au-cou-a-nantes-l-agresseur-toujours-introuvable_48492741.html\" target=\"_blank\" rel=\"noopener\"> il y a maintenant trois ans,<\/a> Anna a manqu\u00e9 d\u2019\u00eatre tu\u00e9e dans la rue \u00e0\u00a0<b>Nantes<\/b>. La sc\u00e8ne, d\u2019une rare violence, a bris\u00e9 l\u2019apparence tranquille de l\u2019avenue Camus, dans le\u00a0<b>quartier Guist\u2019hau.<\/b><\/p>\n<p class=\" wall-content\">Alors qu\u2019elle marche pour aller \u00e0 sa pr\u00e9pa v\u00e9t\u00e9rinaire au lyc\u00e9e Chavagnes, Anna, alors \u00e2g\u00e9e de<b>\u00a018\u00a0ans,<\/b> se fait saisir par-derri\u00e8re par un homme arm\u00e9 d\u2019un couteau.<\/p>\n<p class=\" wall-content\">Il s\u2019appelle J. E.<a href=\"https:\/\/actu.fr\/pays-de-la-loire\/nantes_44109\/a-18-ans-elle-a-failli-etre-egorgee-dans-la-rue-le-proces-de-son-agresseur-a-debute-a-nantes_62179360.html\" target=\"_blank\" rel=\"noopener\">\u00a0Kerebel et ass\u00e8ne sept coups\u00a0\u00e0 Anna,<\/a> dont un qui aurait pu lui trancher la gorge. Il a \u00e9t\u00e9 condamn\u00e9, apr\u00e8s trois jours de proc\u00e8s, par la cour d\u2019assises de Loire-Atlantique \u00e0<b>\u00a020\u00a0ans de r\u00e9clusion<\/b>\u00a0sans p\u00e9riode de s\u00fbret\u00e9, le 30\u00a0janvier 2025.<\/p>\n<p class=\" wall-content\">Trois ans apr\u00e8s, jour pour jour, <a href=\"https:\/\/actu.fr\/pays-de-la-loire\/nantes_44109\/anna-a-survecu-a-une-tentative-de-meurtre-a-nantes-je-m-en-suis-quand-meme-bien-sortie_62214954.html\" target=\"_blank\" rel=\"noopener\">elle a accept\u00e9 de parler \u00e0\u00a0actu Nantes, <\/a>en visio depuis\u00a0<b>Niort<\/b> (Deux-S\u00e8vres), o\u00f9 elle a refait sa vie et suit des \u00e9tudes d\u2019infirmi\u00e8re.<\/p>\n<p>\u00ab\u2009J\u2019en ai marre de la rue\u2009\u00bb\u2009: Marc, SDF, dort dans sa voiture depuis quatre ans pr\u00e8s de Nantes<\/p>\n<p class=\" wall-content\">Impossible de rater la petite voiture sans permis recouverte de ruban adh\u00e9sif. Elle semble tomber en morceaux. Pourtant, c\u2019est l\u00e0 que\u00a0<b>Marc<\/b>, un Nantais de 61\u00a0ans, dort et vit. Cet homme, qui a travaill\u00e9 15\u00a0ans \u00e0 la Poste, huit ans dans une imprimerie \u00e0\u00a0<b>Carquefou\u00a0<\/b>et deux ans en tant que gardien de gymnase pour la mairie, n\u2019a plus rien, \u00e0 part ce v\u00e9hicule gris et minuscule qu\u2019il a gar\u00e9 dans un parking de <b>Saint-Herblain<\/b>, \u00e0 quelques rues de la maison qu\u2019il partageait autrefois avec ses parents. Marc se sent abandonn\u00e9 par la mairie et la pr\u00e9fecture. \u00ab\u2009\u00c7a fait quatre ans que je vis dans ma voiture\u2009\u00bb, a-t-il admis avec un sourire las \u00e0 actu Nantes.<a href=\"https:\/\/actu.fr\/pays-de-la-loire\/saint-herblain_44162\/jen-ai-marre-de-la-rue-marc-sdf-dort-dans-sa-voiture-depuis-quatre-ans-pres-de-nantes_63428014.html\" target=\"_blank\" rel=\"noopener\"> Retrouvez son t\u00e9moignage ici.<\/a><\/p>\n<p>    <img   decoding=\"async\" loading=\"lazy\" class=\"size-large\" src=\"https:\/\/www.europesays.com\/fr\/wp-content\/uploads\/2025\/12\/350e932a64196490e932a64198e0e9v-960x640.jpeg\" alt=\"Marc, 31 ans, vit dans sa voiture \u00e0 Saint-Herblain. Il s'inqui\u00e8te face \u00e0 l'arriv\u00e9e de l'hiver.\" width=\"960\" height=\"640\"\/><br \/>\n    Marc, 31\u00a0ans, vit dans sa voiture \u00e0 Saint-Herblain. Il s\u2019inqui\u00e8te face \u00e0 l\u2019arriv\u00e9e de l\u2019hiver. \u00a9Laure GENTILPr\u00e8s de Nantes\u2009: le combat de Malo et sa famille face au handicap<\/p>\n<p class=\" wall-content\">Sous le soleil printanier du d\u00e9but du mois de novembre, un petit gar\u00e7on de 10\u00a0ans nous a accueillis dans le foyer familial \u00e0 Sautron. Tout juste revenu d\u2019un s\u00e9jour en Alsace pendant les vacances scolaires, <b>Malo<\/b>, accompagn\u00e9 de Biscotte, sa fid\u00e8le peluche, affiche un grand sourire.\u00a0<b>Arthur<\/b>, son fr\u00e8re jumeau, <b>L\u00e9na<\/b>, sa grande s\u0153ur, <b>Gwenola<\/b>\u00a0et\u00a0<b>Florent<\/b>\u00a0Moinet, ses parents sont \u00e9galement pr\u00e9sents. Sur son ordinateur, le petit gar\u00e7on, atteint<b>\u00a0d\u2019un handicap moteur<\/b>, nous montre l\u2019un de ses jeux pr\u00e9f\u00e9r\u00e9s\u2009: Minecraft.<\/p>\n<p>    <img   decoding=\"async\" loading=\"lazy\" class=\"size-large\" src=\"https:\/\/www.europesays.com\/fr\/wp-content\/uploads\/2025\/12\/e1c33cfac529606c33cfac5291ac33v-960x640.jpeg\" alt=\"Malo entour\u00e9 de son fr\u00e8re jumeau Arthur et de sa grande soeur L\u00e9ane.\" width=\"960\" height=\"640\"\/><br \/>\n    Malo entour\u00e9 de son fr\u00e8re jumeau Arthur et de sa grande s\u0153ur L\u00e9ane. \u00a9Thomas Bernard \/ actu Nantes<\/p>\n<p class=\" wall-content\">Dans la vie de tous les jours, Malo dispose de plusieurs appareils\u2009: un verticalisateur pour monter les escaliers, un corset si\u00e8ge pour maintenir la posture, un fauteuil roulant pour se d\u00e9placer et un motilo pour avoir une libert\u00e9 de mouvement \u00e0 l\u2019ext\u00e9rieur. Autant d\u2019outils ayant n\u00e9cessit\u00e9 des frais financiers importants. Depuis 2023, une association Hissez O Malo a \u00e9t\u00e9 cr\u00e9\u00e9e afin de r\u00e9colter des fonds pour venir en aide \u00e0 Malo mais aussi aux enfants ou adultes en situation de handicap. <a href=\"https:\/\/actu.fr\/pays-de-la-loire\/sautron_44194\/pres-de-nantes-le-combat-de-malo-et-sa-famille-face-au-handicap_63486717.html\" target=\"_blank\" rel=\"noopener\">L\u2019article complet est disponible ici.<\/a><\/p>\n<p class=\" wall-content\">Personnalisez votre actualit\u00e9 en ajoutant vos villes et m\u00e9dias en favori avec <a href=\"https:\/\/moncompte.actu.fr\" title=\"D\u00e9couvez Mon Actu\" rel=\"nofollow noopener\" data-trk=\"{&quot;cta&quot;:{&quot;action&quot;:&quot;https:\\\/\\\/moncompte.actu.fr&quot;,&quot;category&quot;:&quot;mon compte&quot;,&quot;from&quot;:&quot;article footer&quot;,&quot;name&quot;:&quot;Mon actu&quot;,&quot;type&quot;:&quot;cta&quot;}}\" target=\"_blank\">Mon Actu<\/a>.<\/p>\n","protected":false},"excerpt":{"rendered":"Par Laure Gentil Publi\u00e9 le 30 d\u00e9c. 2025 \u00e0 17h26 Le rideau se baisse sur l\u2019ann\u00e9e 2025. Une&hellip;\n","protected":false},"author":2,"featured_media":630400,"comment_status":"","ping_status":"","sticky":false,"template":"","format":"standard","meta":{"footnotes":""},"categories":[2818],"tags":[1111,11,1777,674,1011,27,766,12,73900,2636,25,104,240],"class_list":{"0":"post-630399","1":"post","2":"type-post","3":"status-publish","4":"format-standard","5":"has-post-thumbnail","7":"category-nantes","8":"tag-actu","9":"tag-actualites","10":"tag-eu","11":"tag-europe","12":"tag-fr","13":"tag-france","14":"tag-nantes","15":"tag-news","16":"tag-nouvel-an-a-nantes","17":"tag-pays-de-la-loire","18":"tag-republique-francaise","19":"tag-societe","20":"tag-temoignage"},"share_on_mastodon":{"url":"https:\/\/pubeurope.com\/@fr\/115809913892025061","error":""},"_links":{"self":[{"href":"https:\/\/www.europesays.com\/fr\/wp-json\/wp\/v2\/posts\/630399","targetHints":{"allow":["GET"]}}],"collection":[{"href":"https:\/\/www.europesays.com\/fr\/wp-json\/wp\/v2\/posts"}],"about":[{"href":"https:\/\/www.europesays.com\/fr\/wp-json\/wp\/v2\/types\/post"}],"author":[{"embeddable":true,"href":"https:\/\/www.europesays.com\/fr\/wp-json\/wp\/v2\/users\/2"}],"replies":[{"embeddable":true,"href":"https:\/\/www.europesays.com\/fr\/wp-json\/wp\/v2\/comments?post=630399"}],"version-history":[{"count":0,"href":"https:\/\/www.europesays.com\/fr\/wp-json\/wp\/v2\/posts\/630399\/revisions"}],"wp:featuredmedia":[{"embeddable":true,"href":"https:\/\/www.europesays.com\/fr\/wp-json\/wp\/v2\/media\/630400"}],"wp:attachment":[{"href":"https:\/\/www.europesays.com\/fr\/wp-json\/wp\/v2\/media?parent=630399"}],"wp:term":[{"taxonomy":"category","embeddable":true,"href":"https:\/\/www.europesays.com\/fr\/wp-json\/wp\/v2\/categories?post=630399"},{"taxonomy":"post_tag","embeddable":true,"href":"https:\/\/www.europesays.com\/fr\/wp-json\/wp\/v2\/tags?post=630399"}],"curies":[{"name":"wp","href":"https:\/\/api.w.org\/{rel}","templated":true}]}}