{"id":630401,"date":"2025-12-30T18:23:10","date_gmt":"2025-12-30T18:23:10","guid":{"rendered":"https:\/\/www.europesays.com\/fr\/630401\/"},"modified":"2025-12-30T18:23:10","modified_gmt":"2025-12-30T18:23:10","slug":"om-fc-nantes-cabella-de-retour-au-velodrome-ce-dimanche","status":"publish","type":"post","link":"https:\/\/www.europesays.com\/fr\/630401\/","title":{"rendered":"OM &#8211; FC Nantes : Cabella de retour au V\u00e9lodrome ce dimanche ?"},"content":{"rendered":"<p>D\u00e9barqu\u00e9 cet hiver, R\u00e9my Cabella peut-il \u00eatre dans le groupe nantais pour affronter l\u2019OM ce dimanche ?<\/p>\n<p>Si l\u2019OM veut accrocher le RC Lens et le PSG, \u00e0 Nantes c\u2019est la crise\u2026 C\u2019est dans cette ambiance que ces deux clubs vont se retrouver au V\u00e9lodrome ce dimanche et Marseille est logiquement favori. Pour stopper l\u2019h\u00e9morragie, les Kita ont d\u00e9cid\u00e9 de faire confiance \u00e0 R\u00e9my Cabella. Pas en r\u00e9ussite \u00e0 l\u2019Olympiakos en Gr\u00e8ce, l\u2019international fran\u00e7ais et ancien marseillais a \u00e9t\u00e9 pr\u00eat\u00e9 au FC Nantes.<\/p>\n<p>Cabella devrait jouer contre l\u2019OM<\/p>\n<p>Pour la reprises des entra\u00eenements au FC Nantes apr\u00e8s les f\u00eates ce lundi, R\u00e9my Cabella \u00e9tait pr\u00e9sent sur les terrains de la Joneli\u00e8re. Signe que l\u2019ancien du LOSC et de Newcastle est apte pour faire son retour au V\u00e9lodrome face \u00e0 l\u2019OM ce dimanche. Reste \u00e0 savoir si le meneur de jeu d\u00e9butera, ce qui est loin d\u2019\u00eatre exclu. \u00c0 suivre\u2026<\/p>\n","protected":false},"excerpt":{"rendered":"D\u00e9barqu\u00e9 cet hiver, R\u00e9my Cabella peut-il \u00eatre dans le groupe nantais pour affronter l\u2019OM ce dimanche ? Si&hellip;\n","protected":false},"author":2,"featured_media":630402,"comment_status":"","ping_status":"","sticky":false,"template":"","format":"standard","meta":{"footnotes":""},"categories":[2818],"tags":[1111,11,1777,674,1011,27,766,12,2636,25],"class_list":{"0":"post-630401","1":"post","2":"type-post","3":"status-publish","4":"format-standard","5":"has-post-thumbnail","7":"category-nantes","8":"tag-actu","9":"tag-actualites","10":"tag-eu","11":"tag-europe","12":"tag-fr","13":"tag-france","14":"tag-nantes","15":"tag-news","16":"tag-pays-de-la-loire","17":"tag-republique-francaise"},"share_on_mastodon":{"url":"https:\/\/pubeurope.com\/@fr\/115809917565430282","error":""},"_links":{"self":[{"href":"https:\/\/www.europesays.com\/fr\/wp-json\/wp\/v2\/posts\/630401","targetHints":{"allow":["GET"]}}],"collection":[{"href":"https:\/\/www.europesays.com\/fr\/wp-json\/wp\/v2\/posts"}],"about":[{"href":"https:\/\/www.europesays.com\/fr\/wp-json\/wp\/v2\/types\/post"}],"author":[{"embeddable":true,"href":"https:\/\/www.europesays.com\/fr\/wp-json\/wp\/v2\/users\/2"}],"replies":[{"embeddable":true,"href":"https:\/\/www.europesays.com\/fr\/wp-json\/wp\/v2\/comments?post=630401"}],"version-history":[{"count":0,"href":"https:\/\/www.europesays.com\/fr\/wp-json\/wp\/v2\/posts\/630401\/revisions"}],"wp:featuredmedia":[{"embeddable":true,"href":"https:\/\/www.europesays.com\/fr\/wp-json\/wp\/v2\/media\/630402"}],"wp:attachment":[{"href":"https:\/\/www.europesays.com\/fr\/wp-json\/wp\/v2\/media?parent=630401"}],"wp:term":[{"taxonomy":"category","embeddable":true,"href":"https:\/\/www.europesays.com\/fr\/wp-json\/wp\/v2\/categories?post=630401"},{"taxonomy":"post_tag","embeddable":true,"href":"https:\/\/www.europesays.com\/fr\/wp-json\/wp\/v2\/tags?post=630401"}],"curies":[{"name":"wp","href":"https:\/\/api.w.org\/{rel}","templated":true}]}}