{"id":630403,"date":"2025-12-30T18:24:10","date_gmt":"2025-12-30T18:24:10","guid":{"rendered":"https:\/\/www.europesays.com\/fr\/630403\/"},"modified":"2025-12-30T18:24:10","modified_gmt":"2025-12-30T18:24:10","slug":"lassociation-arts-et-loisirs-darlac-appelle-a-la-solidarite-pour-survivre","status":"publish","type":"post","link":"https:\/\/www.europesays.com\/fr\/630403\/","title":{"rendered":"l\u2019association Arts et loisirs d\u2019Arlac appelle \u00e0 la solidarit\u00e9 pour survivre"},"content":{"rendered":"<p>Ancr\u00e9e au c\u0153ur du quartier d\u2019Arlac, \u00e0 M\u00e9rignac, Arts et loisirs d\u2019Arlac est une association&#8230;<\/p>\n<p>Ancr\u00e9e au c\u0153ur du quartier d\u2019Arlac, \u00e0 M\u00e9rignac, Arts et loisirs d\u2019Arlac est une association d\u2019\u00e9ducation populaire agr\u00e9\u00e9e centre social. Depuis plus de cinquante ans, elle agit en faveur d\u2019un quotidien plus juste, plus solidaire et plus vivant. Les habitants, b\u00e9n\u00e9voles et partenaires ont pour ambition de cr\u00e9er ensemble des solutions concr\u00e8tes pour accompagner les familles, les jeunes et les seniors\u00a0; favoriser l\u2019acc\u00e8s aux loisirs, \u00e0 la culture et aux droits\u00a0; et encourager l\u2019\u00e9conomie sociale et solidaire.<\/p>\n","protected":false},"excerpt":{"rendered":"Ancr\u00e9e au c\u0153ur du quartier d\u2019Arlac, \u00e0 M\u00e9rignac, Arts et loisirs d\u2019Arlac est une association&#8230; Ancr\u00e9e au c\u0153ur&hellip;\n","protected":false},"author":2,"featured_media":630404,"comment_status":"","ping_status":"","sticky":false,"template":"","format":"standard","meta":{"footnotes":""},"categories":[2817],"tags":[1111,11,1997,1777,674,1011,27,12,2219,25],"class_list":{"0":"post-630403","1":"post","2":"type-post","3":"status-publish","4":"format-standard","5":"has-post-thumbnail","7":"category-bordeaux","8":"tag-actu","9":"tag-actualites","10":"tag-bordeaux","11":"tag-eu","12":"tag-europe","13":"tag-fr","14":"tag-france","15":"tag-news","16":"tag-nouvelle-aquitaine","17":"tag-republique-francaise"},"share_on_mastodon":{"url":"https:\/\/pubeurope.com\/@fr\/115809921607567280","error":""},"_links":{"self":[{"href":"https:\/\/www.europesays.com\/fr\/wp-json\/wp\/v2\/posts\/630403","targetHints":{"allow":["GET"]}}],"collection":[{"href":"https:\/\/www.europesays.com\/fr\/wp-json\/wp\/v2\/posts"}],"about":[{"href":"https:\/\/www.europesays.com\/fr\/wp-json\/wp\/v2\/types\/post"}],"author":[{"embeddable":true,"href":"https:\/\/www.europesays.com\/fr\/wp-json\/wp\/v2\/users\/2"}],"replies":[{"embeddable":true,"href":"https:\/\/www.europesays.com\/fr\/wp-json\/wp\/v2\/comments?post=630403"}],"version-history":[{"count":0,"href":"https:\/\/www.europesays.com\/fr\/wp-json\/wp\/v2\/posts\/630403\/revisions"}],"wp:featuredmedia":[{"embeddable":true,"href":"https:\/\/www.europesays.com\/fr\/wp-json\/wp\/v2\/media\/630404"}],"wp:attachment":[{"href":"https:\/\/www.europesays.com\/fr\/wp-json\/wp\/v2\/media?parent=630403"}],"wp:term":[{"taxonomy":"category","embeddable":true,"href":"https:\/\/www.europesays.com\/fr\/wp-json\/wp\/v2\/categories?post=630403"},{"taxonomy":"post_tag","embeddable":true,"href":"https:\/\/www.europesays.com\/fr\/wp-json\/wp\/v2\/tags?post=630403"}],"curies":[{"name":"wp","href":"https:\/\/api.w.org\/{rel}","templated":true}]}}