{"id":630405,"date":"2025-12-30T18:25:12","date_gmt":"2025-12-30T18:25:12","guid":{"rendered":"https:\/\/www.europesays.com\/fr\/630405\/"},"modified":"2025-12-30T18:25:12","modified_gmt":"2025-12-30T18:25:12","slug":"apres-la-fusillade-mortelle-a-bordeaux-le-soir-de-noel-trois-hommes-mis-en-examen","status":"publish","type":"post","link":"https:\/\/www.europesays.com\/fr\/630405\/","title":{"rendered":"Apr\u00e8s la fusillade mortelle \u00e0 Bordeaux le soir de No\u00ebl, trois hommes mis en examen"},"content":{"rendered":"\n<p class=\"c-chapo \">\n  Les trois suspects, plac\u00e9s en d\u00e9tention provisoire, sont \u00e2g\u00e9s de 19, 20 et 24 ans, tous originaires de la r\u00e9gion de Reims (Marne).\n<\/p>\n<p>      lire plus tard<\/p>\n<p id=\"dialog__title\" class=\"dialog__title\">Pour sauvegarder cet article, connectez-vous ou cr\u00e9ez un compte franceinfo<\/p>\n<p class=\"dialog__description\">Sans paiement. Sans abonnement.<\/p>\n<p>        Fermer la fen\u00eatre d\u2019activation des notifications France Info<\/p>\n<p>      cr\u00e9er votre compte<\/p>\n<p>      se connecter<\/p>\n<p>      :<\/p>\n<p>        Fermer la fen\u00eatre de pr\u00e9sentation<\/p>\n<p>    <img loading=\"lazy\" decoding=\"async\" class=\"signature__image lazyload\" width=\"100\" height=\"100\" data- alt=\"\" src=\"https:\/\/www.europesays.com\/fr\/wp-content\/uploads\/2025\/05\/64a7df4c5fe71_placeholder-36b69ec8.png\"\/><\/p>\n<p>    Publi\u00e9 le 30\/12\/2025 18:02<\/p>\n<p>      Mis \u00e0 jour le 30\/12\/2025 18:04<\/p>\n<p>        Temps de lecture : 3min<\/p>\n<p>    <img decoding=\"async\"  alt=\"Une voiture de police. Photo d'illustration. (FRANZ CHAVAROCHE \/ MAXPPP)\" width=\"432\" height=\"243\" src=\"https:\/\/www.europesays.com\/fr\/wp-content\/uploads\/2025\/12\/maxstockworld467132-690a12c59a8b9065975089.jpg\" fetchpriority=\"high\"\/><\/p>\n<p>      Une voiture de police. Photo d&rsquo;illustration. (FRANZ CHAVAROCHE \/ MAXPPP)<\/p>\n<p>Quelques jours apr\u00e8s la fusillade dans les quartiers des Aubiers \u00e0 Bordeaux (Gironde) qui a co\u00fbt\u00e9 la vie \u00e0 un homme de 19 ans le 25 d\u00e9cembre, trois hommes ont \u00e9t\u00e9 mis en examen lundi 29 d\u00e9cembre dans la m\u00eame ville a appris<a href=\"https:\/\/www.francebleu.fr\/infos\/faits-divers-justice\/fusillade-meurtriere-des-aubiers-a-bordeaux-trois-hommes-mis-en-examen-le-ou-les-tireurs-toujours-recherches-6227773\" target=\"_blank\" rel=\"noopener\" data-tooltip-url=\"https:\/\/www.francebleu.fr\/infos\/faits-divers-justice\/fusillade-meurtriere-des-aubiers-a-bordeaux-trois-hommes-mis-en-examen-le-ou-les-tireurs-toujours-recherches-6227773\"> ICI Gironde<\/a> (ex-France Bleu) aupr\u00e8s du procureur de la R\u00e9publique de Bordeaux mardi. Les trois suspects sont \u00e2g\u00e9s de 19, 20 et 24 ans et sont originaires de la r\u00e9gion de Reims (Marne). Ils ont \u00e9t\u00e9 plac\u00e9s en d\u00e9tention provisoire.<\/p>\n<p>Ces trois hommes sont poursuivis pour tentative de meurtre et association de malfaiteurs. Selon les premiers \u00e9l\u00e9ments de l&rsquo;enqu\u00eate, ils faisaient partie du m\u00eame groupe que la victime et ont \u00e9t\u00e9 pris pour cible en arrivant dans le quartier des Aubiers. <\/p>\n<p>Le ou les tireurs n&rsquo;ont toutefois pas \u00e9t\u00e9 interpell\u00e9s \u00e0 ce stade. \u00ab\u00a0La piste largement privil\u00e9gi\u00e9e est celle d&rsquo;un lien avec le trafic de produit stup\u00e9fiants\u00a0\u00bb, a pr\u00e9cis\u00e9 Renaud Gaudeul, procureur de la R\u00e9publique de Bordeaux. Un fusil d&rsquo;assaut a \u00e9t\u00e9 retrouv\u00e9 dans le v\u00e9hicule des suspects.<\/p>\n<p>Les faits se sont d\u00e9roul\u00e9s vers 22h30, dans le quartier des Aubiers, connu pour abriter un point de deal. L&rsquo;assaillant a tir\u00e9 depuis une voiture, une Renault M\u00e9gane blanche, vers un homme qui se trouvait sur la place, selon les informations d&rsquo;ICI Gironde. La victime portait un gilet pare-balles, mais a \u00e9t\u00e9 touch\u00e9e \u00e0 deux reprises \u00e0 la t\u00eate et au thorax par des tirs de gros calibre. Le jeune homme a succomb\u00e9 \u00e0 ses blessures \u00e0 l&rsquo;h\u00f4pital.<\/p>\n<p>Selon ICI Gironde, les suspects ont expliqu\u00e9 avoir \u00e9t\u00e9 contact\u00e9s par une tierce personne pour se rendre \u00e0 Bordeaux en train. Ils ont ensuite \u00e9t\u00e9 emmen\u00e9s dans un logement Airbnb d&rsquo;Artigues-pr\u00e8s-Bordeaux o\u00f9 on leur a remis des armes, des gilets pare-balles, des cagoules, des gants. C&rsquo;est \u00e0 ce moment qu&rsquo;ils sont rejoints par la victime, originaire de Trappes (Yvelines). Tous les quatre, \u00e9quip\u00e9s et arm\u00e9s, se rendent ensuite en voiture, dans le quartier des Aubiers.<\/p>\n<p>Ensuite, deux membres du groupe parviennent \u00e0 s&rsquo;enfuir en voiture et seront interpell\u00e9s quelques heures plus tard \u00e0 Bruges. Le dernier membre du groupe, lui, sera interpell\u00e9 le lendemain dans le logement d&rsquo;Artigues-pr\u00e8s-Bordeaux. Parmi les interpell\u00e9s, deux d&rsquo;entre eux n&rsquo;ont jamais \u00e9t\u00e9 condamn\u00e9s par le pass\u00e9, le troisi\u00e8me est d\u00e9j\u00e0 connu pour infraction \u00e0 la l\u00e9gislation sur les armes.<\/p>\n<p>La victime avait d\u00e9j\u00e0 \u00e9t\u00e9 condamn\u00e9e cinq fois pour des infractions li\u00e9es aux stup\u00e9fiants et venait tout juste de sortir de d\u00e9tention \u00e0 la fin du mois de novembre, pr\u00e9cise le parquet. Un fusil, un pistolet et des munitions ont \u00e9t\u00e9 retrouv\u00e9s \u00e0 son domicile de Trappes lors d&rsquo;une perquisition apr\u00e8s son d\u00e9c\u00e8s.<\/p>\n","protected":false},"excerpt":{"rendered":"Les trois suspects, plac\u00e9s en d\u00e9tention provisoire, sont \u00e2g\u00e9s de 19, 20 et 24 ans, tous originaires de&hellip;\n","protected":false},"author":2,"featured_media":622862,"comment_status":"","ping_status":"","sticky":false,"template":"","format":"standard","meta":{"footnotes":""},"categories":[2817],"tags":[1111,11,1997,1777,674,1011,27,12,2219,25],"class_list":{"0":"post-630405","1":"post","2":"type-post","3":"status-publish","4":"format-standard","5":"has-post-thumbnail","7":"category-bordeaux","8":"tag-actu","9":"tag-actualites","10":"tag-bordeaux","11":"tag-eu","12":"tag-europe","13":"tag-fr","14":"tag-france","15":"tag-news","16":"tag-nouvelle-aquitaine","17":"tag-republique-francaise"},"share_on_mastodon":{"url":"https:\/\/pubeurope.com\/@fr\/115809925607101054","error":""},"_links":{"self":[{"href":"https:\/\/www.europesays.com\/fr\/wp-json\/wp\/v2\/posts\/630405","targetHints":{"allow":["GET"]}}],"collection":[{"href":"https:\/\/www.europesays.com\/fr\/wp-json\/wp\/v2\/posts"}],"about":[{"href":"https:\/\/www.europesays.com\/fr\/wp-json\/wp\/v2\/types\/post"}],"author":[{"embeddable":true,"href":"https:\/\/www.europesays.com\/fr\/wp-json\/wp\/v2\/users\/2"}],"replies":[{"embeddable":true,"href":"https:\/\/www.europesays.com\/fr\/wp-json\/wp\/v2\/comments?post=630405"}],"version-history":[{"count":0,"href":"https:\/\/www.europesays.com\/fr\/wp-json\/wp\/v2\/posts\/630405\/revisions"}],"wp:featuredmedia":[{"embeddable":true,"href":"https:\/\/www.europesays.com\/fr\/wp-json\/wp\/v2\/media\/622862"}],"wp:attachment":[{"href":"https:\/\/www.europesays.com\/fr\/wp-json\/wp\/v2\/media?parent=630405"}],"wp:term":[{"taxonomy":"category","embeddable":true,"href":"https:\/\/www.europesays.com\/fr\/wp-json\/wp\/v2\/categories?post=630405"},{"taxonomy":"post_tag","embeddable":true,"href":"https:\/\/www.europesays.com\/fr\/wp-json\/wp\/v2\/tags?post=630405"}],"curies":[{"name":"wp","href":"https:\/\/api.w.org\/{rel}","templated":true}]}}