{"id":630406,"date":"2025-12-30T18:26:11","date_gmt":"2025-12-30T18:26:11","guid":{"rendered":"https:\/\/www.europesays.com\/fr\/630406\/"},"modified":"2025-12-30T18:26:11","modified_gmt":"2025-12-30T18:26:11","slug":"lannee-termine-fort-pour-airbus-qui-engrange-une-commande-de-30-a320-a-la-derniere-minute","status":"publish","type":"post","link":"https:\/\/www.europesays.com\/fr\/630406\/","title":{"rendered":"l&rsquo;ann\u00e9e termine fort pour Airbus, qui engrange une commande de 30 A320 \u00e0 la derni\u00e8re minute"},"content":{"rendered":"<p>                    Par<br \/>\n        <strong><br \/>\n            <a href=\"https:\/\/actu.fr\/auteur\/guillaume-laurens\" title=\"Consulter tous les articles de Guillaume Laurens\" target=\"_blank\" rel=\"noopener\">Guillaume Laurens<\/a><br \/>\n                    <\/strong><\/p>\n<p>        Publi\u00e9 le<\/p>\n<p>            30 d\u00e9c. 2025 \u00e0 17h22        <\/p>\n<p>Alors que les \u00e9quipes d\u2019<strong><a href=\"https:\/\/actu.fr\/economie\/airbus\" target=\"_blank\" rel=\"noopener\">Airbus<\/a> <\/strong>se d\u00e9m\u00e8nent pour relever <a href=\"https:\/\/actu.fr\/occitanie\/toulouse_31555\/airbus-combien-le-constructeur-doit-il-livrer-d-avions-en-decembre-pour-atteindre-son-nouvel-objectif_63536024.html\" target=\"_blank\" rel=\"noopener\">l\u2019incroyable d\u00e9fi de livrer environ 130 avions en d\u00e9cembre<\/a>, et tenir ainsi l\u2019objectif annuel de l\u2019avionneur avant que ne sonne le glas de la nouvelle ann\u00e9e, le constructeur europ\u00e9en vient d\u2019annoncer une bonne nouvelle pour son \u00e9cosyst\u00e8me ce mardi 30 d\u00e9cembre 2025, depuis son si\u00e8ge mondial de <strong><a href=\"https:\/\/actu.fr\/toulouse\/\" target=\"_blank\" rel=\"noopener\">Toulouse<\/a><\/strong>. <strong>China Aircraft Leasing Group Holdings Limited<\/strong> (CALC) a en effet sign\u00e9 une <strong>commande ferme<\/strong> pour <strong>30 avions<\/strong> de la <strong>famille A320neo.<\/strong><\/p>\n<p>La 5e commande de CALC, qui s\u2019est offert 282 avions<\/p>\n<p class=\" wall-content\">Cet accord entre le loueur chinois et l\u2019avionneur europ\u00e9en est la cinqui\u00e8me commande du genre, portant \u00e0 <strong>282 le nombre total d\u2019Airbus<\/strong> achet\u00e9s par CALC, dont 203 appareils de la famille A320neo.<\/p>\n<p class=\" wall-content\">Au total, <strong>105 a\u00e9ronefs<\/strong> sont actuellement en commande, a ajout\u00e9 la soci\u00e9t\u00e9 de location, qui n\u2019a pas pr\u00e9cis\u00e9 le montant financier de l\u2019op\u00e9ration. Elle a toutefois indiqu\u00e9 que la livraison des appareils \u00e9tait pr\u00e9vue \u00ab\u00a0jusqu\u2019en 2033\u00a0\u00bb et que cette commande incluait \u00ab\u00a0des options de conversion vers d\u2019autres versions de la famille A320\u00a0\u00bb.<\/p>\n<p>    <img   decoding=\"async\" loading=\"lazy\" src=\"https:\/\/www.europesays.com\/fr\/wp-content\/uploads\/2025\/12\/calc-a320-airbus-960x640.jpg\" alt=\"CALC s'est offert 282 avions Airbus en cinq commandes au total\" width=\"960\" height=\"640\"\/><br \/>\n    CALC s\u2019est offert 282 avions Airbus en cinq commandes au total (\u00a9Airbus)Des commandes \u00e0 la pelle chez CALC<\/p>\n<p class=\" wall-content\">\u00ab\u00a0CALC est un partenaire de longue date et pr\u00e9cieux d\u2019Airbus, sa premi\u00e8re commande remontant \u00e0 2012\u00a0\u00bb, rappelle <strong>Beno\u00eet de Saint-Exup\u00e9ry<\/strong>, vice-pr\u00e9sident ex\u00e9cutif des ventes pour la division Avions commerciaux d\u2019Airbus, qui voit en cette nouvelle \u00ab\u00a0une reconnaissance ind\u00e9niable de la famille A320neo\u00a0\u00bb.<\/p>\n<p>Vid\u00e9os : en ce moment sur Actu<\/p>\n<p class=\" wall-content\"><strong>Depuis sa premi\u00e8re commande de 36 appareils de la famille A320ceo en 2012<\/strong>, CALC a connu une expansion rapide et multipli\u00e9 les achats d\u2019avions Airbus. En 2014, la soci\u00e9t\u00e9 chinoise avait offert 100 appareils A320ceo et A320neo. Elle avait renforc\u00e9 sa flotte<a href=\"https:\/\/actu.fr\/occitanie\/toulouse_31555\/toulouse-airbus-vend-50-a320-neo-une-compagnie-aerienne-chinoise_14690699.html\" target=\"_blank\" rel=\"noopener\">\u00a0de 65 appareils de la famille A320neo en 2017<\/a> et de 40 appareils A321neo en 2020.<\/p>\n<p class=\" wall-content\">D\u2019apr\u00e8s la soci\u00e9t\u00e9, au cours de la derni\u00e8re d\u00e9cennie, Airbus a <strong>livr\u00e9 environ 200 appareils<\/strong> aux compagnies a\u00e9riennes clientes de CALC.<\/p>\n<p>Votre r\u00e9gion, votre actu !<\/p>\n<p>Recevez chaque jour les infos qui comptent pour vous.<\/p>\n<p>\t<a href=\"https:\/\/actu.fr\/newsletter\" class=\"ac-btn ac-btn--corner ac-btn--medium ac-btn--blue800\" target=\"_blank\" rel=\"noopener\">S&rsquo;incrire<\/a><br \/>\n19 000 A320 d\u00e9sormais vendus dans le monde<\/p>\n<p class=\" wall-content\">Best-seller d\u2019Airbus, l\u2019A320 est, dans toutes ses versions, <strong>l\u2019avion monocouloir \u00ab\u00a0le plus populaire au monde\u00a0\u00bb<\/strong>, se r\u00e9jouit de son c\u00f4t\u00e9 le g\u00e9ant a\u00e9ronautique, qui pr\u00e9cise en avoir \u00e9coul\u00e9 \u00e0 ce jour \u00ab\u00a0plus de 19 000 commandes \u00e0 travers le globe\u00a0\u00bb. Il d\u00e9tr\u00f4ne<a href=\"https:\/\/actu.fr\/occitanie\/toulouse_31555\/airbus-booste-ses-livraisons-d-a320-pour-detroner-son-eternel-rival-boeing_63274732.html\" target=\"_blank\" rel=\"noopener\"> d\u00e9sormais le fameux 737 de Boeing.<\/a><\/p>\n<p class=\" wall-content\">Personnalisez votre actualit\u00e9 en ajoutant vos villes et m\u00e9dias en favori avec <a href=\"https:\/\/moncompte.actu.fr\" title=\"D\u00e9couvez Mon Actu\" rel=\"nofollow noopener\" data-trk=\"{&quot;cta&quot;:{&quot;action&quot;:&quot;https:\\\/\\\/moncompte.actu.fr&quot;,&quot;category&quot;:&quot;mon compte&quot;,&quot;from&quot;:&quot;article footer&quot;,&quot;name&quot;:&quot;Mon actu&quot;,&quot;type&quot;:&quot;cta&quot;}}\" target=\"_blank\">Mon Actu<\/a>.<\/p>\n","protected":false},"excerpt":{"rendered":"Par Guillaume Laurens Publi\u00e9 le 30 d\u00e9c. 2025 \u00e0 17h22 Alors que les \u00e9quipes d\u2019Airbus se d\u00e9m\u00e8nent pour&hellip;\n","protected":false},"author":2,"featured_media":630407,"comment_status":"","ping_status":"","sticky":false,"template":"","format":"standard","meta":{"footnotes":""},"categories":[2816],"tags":[1111,11,296,36,33,1777,674,1011,27,12,2680,25,2312],"class_list":{"0":"post-630406","1":"post","2":"type-post","3":"status-publish","4":"format-standard","5":"has-post-thumbnail","7":"category-toulouse","8":"tag-actu","9":"tag-actualites","10":"tag-aeronautique","11":"tag-airbus","12":"tag-economie","13":"tag-eu","14":"tag-europe","15":"tag-fr","16":"tag-france","17":"tag-news","18":"tag-occitanie","19":"tag-republique-francaise","20":"tag-toulouse"},"share_on_mastodon":{"url":"https:\/\/pubeurope.com\/@fr\/115809929538495711","error":""},"_links":{"self":[{"href":"https:\/\/www.europesays.com\/fr\/wp-json\/wp\/v2\/posts\/630406","targetHints":{"allow":["GET"]}}],"collection":[{"href":"https:\/\/www.europesays.com\/fr\/wp-json\/wp\/v2\/posts"}],"about":[{"href":"https:\/\/www.europesays.com\/fr\/wp-json\/wp\/v2\/types\/post"}],"author":[{"embeddable":true,"href":"https:\/\/www.europesays.com\/fr\/wp-json\/wp\/v2\/users\/2"}],"replies":[{"embeddable":true,"href":"https:\/\/www.europesays.com\/fr\/wp-json\/wp\/v2\/comments?post=630406"}],"version-history":[{"count":0,"href":"https:\/\/www.europesays.com\/fr\/wp-json\/wp\/v2\/posts\/630406\/revisions"}],"wp:featuredmedia":[{"embeddable":true,"href":"https:\/\/www.europesays.com\/fr\/wp-json\/wp\/v2\/media\/630407"}],"wp:attachment":[{"href":"https:\/\/www.europesays.com\/fr\/wp-json\/wp\/v2\/media?parent=630406"}],"wp:term":[{"taxonomy":"category","embeddable":true,"href":"https:\/\/www.europesays.com\/fr\/wp-json\/wp\/v2\/categories?post=630406"},{"taxonomy":"post_tag","embeddable":true,"href":"https:\/\/www.europesays.com\/fr\/wp-json\/wp\/v2\/tags?post=630406"}],"curies":[{"name":"wp","href":"https:\/\/api.w.org\/{rel}","templated":true}]}}