{"id":63041,"date":"2025-04-30T00:05:08","date_gmt":"2025-04-30T00:05:08","guid":{"rendered":"https:\/\/www.europesays.com\/fr\/63041\/"},"modified":"2025-04-30T00:05:08","modified_gmt":"2025-04-30T00:05:08","slug":"a-marseille-la-police-municipale-monte-sur-ses-grands-chevaux","status":"publish","type":"post","link":"https:\/\/www.europesays.com\/fr\/63041\/","title":{"rendered":"\u00c0 Marseille, la police municipale monte sur ses grands chevaux"},"content":{"rendered":"<p>Sur l\u2019\u00e9paule droite de chacun des huit agents, un blason et un nom\u00a0: \u00ab\u00a0Marseille Centaure\u00a0\u00bb. Cr\u00e9\u00e9e par une d\u00e9lib\u00e9ration vot\u00e9e \u00e0 l\u2019automne\u00a02023, la <a href=\"https:\/\/www.laprovence.com\/article\/region\/64896650584134\/la-ville-de-marseille-veut-creer-une-brigade-equestre-au-sein-de-sa-police-municipale\" target=\"_blank\" rel=\"noopener\">brigade \u00e9questre municipale<\/a> a \u00e9t\u00e9 pr\u00e9sent\u00e9e ce mardi 29 avril sur les plages du Prado\u00a0(8e), \u00e0 quelques encablures du centre \u00e9questre Pastr\u00e9 o\u00f9 les quatre chevaux sont h\u00e9berg\u00e9s.<\/p>\n<p>Cette brigade, qui s\u2019ajoute \u00e0 celles de la garde r\u00e9publicaine et de la police nationale d\u00e9j\u00e0 pr\u00e9sentes \u00e0 <a href=\"https:\/\/www.laprovence.com\/ville\/marseille\" target=\"_blank\" rel=\"noopener\">Marseille<\/a>, \u00ab\u00a0n\u2019a pas pour mission le maintien de l\u2019ordre comme ces derni\u00e8res mais la s\u00e9curisation, la pr\u00e9vention et la favorisation du lien social\u00a0\u00bb, pr\u00e9cise Virginie Altisacchi, d\u00e9tach\u00e9e il y a un an de la brigade \u00e9questre de la police nationale pour prendre en charge et cr\u00e9er celle de la police municipale.<\/p>\n<p>Pr\u00e9venir les risques d\u2019incendie dans les calanques<\/p>\n<p>\u00ab\u00a0Tout l\u2019\u00e9t\u00e9, les agents assureront, aux c\u00f4t\u00e9s des<a href=\"https:\/\/www.laprovence.com\/article\/actualites\/3137058\/la-police-a-velo-dope-la-lutte-contre-linsecurite.html\" target=\"_blank\" rel=\"noopener\"> brigades cyclistes<\/a> et scoot\u00e9ristes, la s\u00e9curisation du littoral des Goudes au David, en apportant une plus-value op\u00e9rationnelle parce que le cheval est vecteur de proximit\u00e9 et d\u2019attractivit\u00e9\u00a0\u00bb, ajoute C\u00e9line Lefl\u00e9fian, directrice de la police municipale.<\/p>\n","protected":false},"excerpt":{"rendered":"Sur l\u2019\u00e9paule droite de chacun des huit agents, un blason et un nom\u00a0: \u00ab\u00a0Marseille Centaure\u00a0\u00bb. Cr\u00e9\u00e9e par une&hellip;\n","protected":false},"author":2,"featured_media":63042,"comment_status":"","ping_status":"","sticky":false,"template":"","format":"standard","meta":{"footnotes":""},"categories":[2814],"tags":[17,1111,11,1777,674,1011,27,4058,884,7636,16009,12,1072,882,16,25,2407,3356],"class_list":{"0":"post-63041","1":"post","2":"type-post","3":"status-publish","4":"format-standard","5":"has-post-thumbnail","7":"category-marseille","8":"tag-17","9":"tag-actu","10":"tag-actualites","11":"tag-eu","12":"tag-europe","13":"tag-fr","14":"tag-france","15":"tag-grands","16":"tag-marseille","17":"tag-monte","18":"tag-municipale","19":"tag-news","20":"tag-police","21":"tag-provence-alpes-cote-dazur","22":"tag-region","23":"tag-republique-francaise","24":"tag-ses","25":"tag-sur"},"share_on_mastodon":{"url":"https:\/\/pubeurope.com\/@fr\/114423996300400274","error":""},"_links":{"self":[{"href":"https:\/\/www.europesays.com\/fr\/wp-json\/wp\/v2\/posts\/63041","targetHints":{"allow":["GET"]}}],"collection":[{"href":"https:\/\/www.europesays.com\/fr\/wp-json\/wp\/v2\/posts"}],"about":[{"href":"https:\/\/www.europesays.com\/fr\/wp-json\/wp\/v2\/types\/post"}],"author":[{"embeddable":true,"href":"https:\/\/www.europesays.com\/fr\/wp-json\/wp\/v2\/users\/2"}],"replies":[{"embeddable":true,"href":"https:\/\/www.europesays.com\/fr\/wp-json\/wp\/v2\/comments?post=63041"}],"version-history":[{"count":0,"href":"https:\/\/www.europesays.com\/fr\/wp-json\/wp\/v2\/posts\/63041\/revisions"}],"wp:featuredmedia":[{"embeddable":true,"href":"https:\/\/www.europesays.com\/fr\/wp-json\/wp\/v2\/media\/63042"}],"wp:attachment":[{"href":"https:\/\/www.europesays.com\/fr\/wp-json\/wp\/v2\/media?parent=63041"}],"wp:term":[{"taxonomy":"category","embeddable":true,"href":"https:\/\/www.europesays.com\/fr\/wp-json\/wp\/v2\/categories?post=63041"},{"taxonomy":"post_tag","embeddable":true,"href":"https:\/\/www.europesays.com\/fr\/wp-json\/wp\/v2\/tags?post=63041"}],"curies":[{"name":"wp","href":"https:\/\/api.w.org\/{rel}","templated":true}]}}