{"id":630412,"date":"2025-12-30T18:29:18","date_gmt":"2025-12-30T18:29:18","guid":{"rendered":"https:\/\/www.europesays.com\/fr\/630412\/"},"modified":"2025-12-30T18:29:18","modified_gmt":"2025-12-30T18:29:18","slug":"yen-a-marre-les-images-de-lille-et-son-agglomeration-submergees-de-dechets-a-cause-dune-greve","status":"publish","type":"post","link":"https:\/\/www.europesays.com\/fr\/630412\/","title":{"rendered":"\u00ab\u00a0Y&rsquo;en a marre\u00a0\u00bb : les images de Lille et son agglom\u00e9ration submerg\u00e9es de d\u00e9chets \u00e0 cause d&rsquo;une gr\u00e8ve"},"content":{"rendered":"<ul class=\"jsx-862013697 ArticleChapo__List\">\n<li class=\"jsx-862013697 ArticleChapo__List_Item flex\">Dans les rues de la m\u00e9tropole lilloise (Nord), les d\u00e9chets s&rsquo;accumulent.<\/li>\n<li class=\"jsx-862013697 ArticleChapo__List_Item flex\">En cause, une gr\u00e8ve des \u00e9boueurs, qui dure depuis plus d&rsquo;une semaine maintenant.<\/li>\n<li class=\"jsx-862013697 ArticleChapo__List_Item flex\">Le JT de TF1 s&rsquo;est rendu sur place, o\u00f9 les habitants sont \u00e0 bout.<\/li>\n<\/ul>\n<p><a href=\"https:\/\/www.tf1info.fr\/emissions\/tf1\/le-13h-10927\/\" rel=\"noopener\" class=\"jsx-484472199 Link jsx-1428418400 jsx-640816507\" target=\"_blank\"><\/p>\n<p style=\"font-weight:400\" class=\"jsx-1837267516\">Suivez la couverture compl\u00e8te<\/p>\n<p style=\"font-weight:800\" class=\"jsx-1837267516\">Le 13H<\/p>\n<p><\/a><\/p>\n<p data-module=\"article-paragraph\" class=\"jsx-157965717 Paragraph\">Le spectacle est d\u00e9solant pour les riverains qui doivent presque enjamber les d\u00e9chets pour arriver \u00e0 l&rsquo;entr\u00e9e de leur immeuble. Des montagnes de sacs-poubelle de plus d&rsquo;1,6 m jonchent les trottoirs depuis plus d&rsquo;une semaine. \u00ab\u00a0C&rsquo;est inadmissible de voir \u00e7a devant les appartements. C&rsquo;est du propre !\u00a0\u00bb, d\u00e9nonce un homme interrog\u00e9 dans le JT de TF1, dans le reportage visible en t\u00eate de cet article. Un autre compl\u00e8te : \u00ab\u00a0Y&rsquo;en a marre l\u00e0.\u00a0\u00bb Un autre encore estime qu&rsquo;il \u00ab\u00a0faudrait un service minimum pour d\u00e9blayer tout \u00e7a.\u00a0\u00bb\u00a0<\/p>\n<p data-module=\"article-paragraph\" class=\"jsx-157965717 Paragraph Paragraph__End\">En tout, une cinquantaine de communes est touch\u00e9e par <a href=\"https:\/\/www.tf1info.fr\/regions\/video-reportage-bouches-du-rhone-ca-va-nous-amener-des-rats-ses-eboueurs-en-greve-depuis-5-jours-comme-a-arles-et-saint-martin-du-crau-tarascon-croule-sous-les-ordures-2380738.html\" target=\"_blank\" rel=\"noopener\">une gr\u00e8ve de la collecte des d\u00e9chets (nouvelle fen\u00eatre)<\/a> dans et autour de Lille (Nord). Des containers pleins, des sacs \u00e9ventr\u00e9s jusque sur la route et la crainte de l&rsquo;arriv\u00e9e de nuisibles. \u00ab\u00a0Il y a des souris peut-\u00eatre qui vont passer. Il y a des rats. C&rsquo;est inacceptable\u00a0\u00bb, commente un passant.\u00a0<\/p>\n<p><img decoding=\"async\" src=\"https:\/\/www.europesays.com\/fr\/wp-content\/uploads\/2025\/12\/lille-dechets-2-df635c-0@1x.jpeg\" alt=\"Les d\u00e9chets s'accumulent dans les rues de Lille et de ses alentours - TF1\" loading=\"lazy\" importance=\"low\" fetchpriority=\"low\" class=\"\" data-module=\"article-image\"\/>Les d\u00e9chets s&rsquo;accumulent dans les rues de Lille et de ses alentours &#8211; TF1<img decoding=\"async\" src=\"https:\/\/www.europesays.com\/fr\/wp-content\/uploads\/2025\/12\/lille-dechets-3-67613e-0@1x.jpeg\" alt=\"Les d\u00e9chets s'accumulent dans les rues de Lille et de ses alentours - TF1\" loading=\"lazy\" importance=\"low\" fetchpriority=\"low\" class=\"\" data-module=\"article-image\"\/>Les d\u00e9chets s&rsquo;accumulent dans les rues de Lille et de ses alentours &#8211; TF1<\/p>\n<p data-module=\"article-paragraph\" class=\"jsx-157965717 Paragraph\">Seulement quatre camions sur une soixantaine sont sortis de l&rsquo;entrep\u00f4t ce mardi 30 d\u00e9cembre. Les gr\u00e9vistes d\u00e9noncent une d\u00e9t\u00e9rioration de leurs conditions de travail depuis qu&rsquo;ils ont \u00e9t\u00e9 repris par un nouveau gestionnaire, il y a trois ans. Moins de camions, moins de personnel, mais le service est rest\u00e9 le m\u00eame.\u00a0<\/p>\n<p data-module=\"article-paragraph\" class=\"jsx-157965717 Paragraph Paragraph__End\">\u00ab\u00a0En fait, on est l\u00e0 365 jours par an. Nous, on n&rsquo;a pas d&rsquo;intemp\u00e9ries. Qu&rsquo;il pleuve, qu&rsquo;il neige, qu&rsquo;il vente, qu&rsquo;il fasse -5 degr\u00e9s, jours f\u00e9ri\u00e9s&#8230; On doit travailler. Avant, c&rsquo;\u00e9tait au volontariat, maintenant, c&rsquo;est impos\u00e9. Depuis trois ans, \u00e7a n&rsquo;arr\u00eate plus, les conditions ont vraiment chang\u00e9\u00a0\u00bb, se plaint Mathias, releveur-chauffeur au sein de la soci\u00e9t\u00e9 Deverra \u00e0 Sequedin (Nord).<\/p>\n<p><a href=\"https:\/\/www.tf1info.fr\/transports\/vers-une-greve-a-la-sncf-le-mardi-13-janvier-2026-2413581.html\" rel=\"noopener\" class=\"jsx-3308031228 Link flex\" target=\"_blank\"><img decoding=\"async\" src=\"https:\/\/www.europesays.com\/fr\/wp-content\/uploads\/2025\/12\/sud-rail-illustration-2023-8eebaa-0@1x.jpeg\" alt=\"ILLUSTRATION\" loading=\"lazy\" importance=\"low\" fetchpriority=\"low\" class=\"\" aria-hidden=\"true\"\/><\/p>\n<p class=\"jsx-3657663356 ReadMoreArticle__Title\">Lire aussi<\/p>\n<p class=\"jsx-3657663356\">Vers une gr\u00e8ve \u00e0 la SNCF le mardi 13 janvier ?<\/p>\n<p><\/a><\/p>\n<p data-module=\"article-paragraph\" class=\"jsx-157965717 Paragraph\">La m\u00e9tropole europ\u00e9enne de Lille exige une sortie rapide de ce conflit. En attendant, elle demande aux particuliers de garder les d\u00e9chets en int\u00e9rieur. Ce que fait Florence, fleuriste, qui ne sait pas combien de temps la situation pourra durer. \u00ab\u00a0C&rsquo;est la premi\u00e8re fois qu&rsquo;il y a une gr\u00e8ve comme \u00e7a de poubelles. Moi, je stocke dans la cave le maximum. J&rsquo;en mets un petit peu parce qu&rsquo;on a toujours espoir qu&rsquo;il y ait un camion comme \u00e7a qui va passer. Mais sinon, je stocke tout dans la cave, ce qui n&rsquo;est pas terrible non plus\u00a0\u00bb, explique la commer\u00e7ante.\u00a0<\/p>\n<p data-module=\"article-paragraph\" class=\"jsx-157965717 Paragraph Paragraph__End\">\u00c0 l&rsquo;approche du r\u00e9veillon de la Saint-Sylvestre, tous esp\u00e8rent que les sacs-poubelle seront ramass\u00e9s, pour des questions de s\u00e9curit\u00e9.<\/p>\n<p>La r\u00e9daction de TF1info | Reportage TF1 : Marion FIAT, Charles YZERMAN<\/p>\n","protected":false},"excerpt":{"rendered":"Dans les rues de la m\u00e9tropole lilloise (Nord), les d\u00e9chets s&rsquo;accumulent. En cause, une gr\u00e8ve des \u00e9boueurs, qui&hellip;\n","protected":false},"author":2,"featured_media":630413,"comment_status":"","ping_status":"","sticky":false,"template":"","format":"standard","meta":{"footnotes":""},"categories":[2815],"tags":[1111,11,1921,1777,674,1011,27,18677,811,1922,5008,1307,12771,12,1800,25,133,5010],"class_list":{"0":"post-630412","1":"post","2":"type-post","3":"status-publish","4":"format-standard","5":"has-post-thumbnail","7":"category-lille","8":"tag-actu","9":"tag-actualites","10":"tag-article-video","11":"tag-eu","12":"tag-europe","13":"tag-fr","14":"tag-france","15":"tag-greves","16":"tag-hauts-de-france","17":"tag-info","18":"tag-le-13h","19":"tag-lille","20":"tag-mouvements-sociaux","21":"tag-news","22":"tag-pollution","23":"tag-republique-francaise","24":"tag-video","25":"tag-video-sujets-de-societe"},"share_on_mastodon":{"url":"https:\/\/pubeurope.com\/@fr\/115809941371500720","error":""},"_links":{"self":[{"href":"https:\/\/www.europesays.com\/fr\/wp-json\/wp\/v2\/posts\/630412","targetHints":{"allow":["GET"]}}],"collection":[{"href":"https:\/\/www.europesays.com\/fr\/wp-json\/wp\/v2\/posts"}],"about":[{"href":"https:\/\/www.europesays.com\/fr\/wp-json\/wp\/v2\/types\/post"}],"author":[{"embeddable":true,"href":"https:\/\/www.europesays.com\/fr\/wp-json\/wp\/v2\/users\/2"}],"replies":[{"embeddable":true,"href":"https:\/\/www.europesays.com\/fr\/wp-json\/wp\/v2\/comments?post=630412"}],"version-history":[{"count":0,"href":"https:\/\/www.europesays.com\/fr\/wp-json\/wp\/v2\/posts\/630412\/revisions"}],"wp:featuredmedia":[{"embeddable":true,"href":"https:\/\/www.europesays.com\/fr\/wp-json\/wp\/v2\/media\/630413"}],"wp:attachment":[{"href":"https:\/\/www.europesays.com\/fr\/wp-json\/wp\/v2\/media?parent=630412"}],"wp:term":[{"taxonomy":"category","embeddable":true,"href":"https:\/\/www.europesays.com\/fr\/wp-json\/wp\/v2\/categories?post=630412"},{"taxonomy":"post_tag","embeddable":true,"href":"https:\/\/www.europesays.com\/fr\/wp-json\/wp\/v2\/tags?post=630412"}],"curies":[{"name":"wp","href":"https:\/\/api.w.org\/{rel}","templated":true}]}}