{"id":630414,"date":"2025-12-30T18:30:10","date_gmt":"2025-12-30T18:30:10","guid":{"rendered":"https:\/\/www.europesays.com\/fr\/630414\/"},"modified":"2025-12-30T18:30:10","modified_gmt":"2025-12-30T18:30:10","slug":"la-circulation-coupee-autour-du-vieux-port-mercredi-soir","status":"publish","type":"post","link":"https:\/\/www.europesays.com\/fr\/630414\/","title":{"rendered":"la circulation coup\u00e9e autour du Vieux-Port mercredi soir"},"content":{"rendered":"<p>Afin d&rsquo;anticiper d&rsquo;\u00e9ventuels nouveaux d\u00e9bordements lors du prochain match des \u00ab\u00a0Fennecs\u00a0\u00bb, la Pr\u00e9fecture des Bouches-du-Rh\u00f4ne a pris des dispositions au niveau de la circulation autour du Vieux-Port ce 31 d\u00e9cembre soir, de 18h \u00e0 2h.<a href=\"https:\/\/www.laprovence.com\/article\/sports\/6620094\/djamel-belmadi-lhomme-le-plus-populaire-du-pays.html\" target=\"_blank\" rel=\"noopener\"> Les hommes de Vladimir Petkovic<\/a>\u00a0ont d\u00e9j\u00e0 compost\u00e9 leur billet pour le tableau final, mais leur derni\u00e8re rencontre de poule, ce mercredi (17h), \u00e0 quelques heures du r\u00e9veillon de la Saint-Sylvestre, fait craindre de nouveaux rassemblements dans le centre-ville de la cit\u00e9 phoc\u00e9enne.<\/p>\n<p>\u00ab\u00a0Usages d&rsquo;artifices de divertissement et d&rsquo;articles pyrotechniques\u00a0\u00bb<\/p>\n<p>Aussi, un arr\u00eat\u00e9 a \u00e9t\u00e9 pris pour interdire la circulation de tous v\u00e9hicules \u00e0 moteur sur le <strong>Quai du Port<\/strong>, entre la rue de la Bonneterie et le Quai des Belges, sur la<strong> Rue de la R\u00e9publique<\/strong>, entre la rue Coutellerie et le Quai des Belges, et sur le <strong>Quai des Belges<\/strong>, de la rue de la R\u00e9publique jusqu&rsquo;\u00e0 l&rsquo;angle du Cours Jean Ballard. Il vous faudra donc prendre vos pr\u00e9cautions si vous vous pr\u00e9sentez en voiture dans ce secteur.<\/p>\n<p>\u00ab\u00a0Les festivit\u00e9s de fin d&rsquo;ann\u00e9e sont souvent le th\u00e9\u00e2tre de troubles \u00e0 la tranquillit\u00e9 et \u00e0 l&rsquo;ordre publics (&#8230;) Le r\u00e9sultat de certains matches engendre des r\u00e9actions provoquant des\u00a0rassemblements de plusieurs centaines de personnes notamment dans le centre-ville de\u00a0Marseille (&#8230;) Ces rassemblements s&rsquo;accompagnent de l&rsquo;occupation des voies de\u00a0circulation ainsi que d&rsquo;usages d&rsquo;artifices de divertissement et d&rsquo;articles pyrotechniques,\u00a0dont des mortiers notamment utilis\u00e9s contre les forces de l&rsquo;ordre. De tels\u00a0d\u00e9bordements ont pu \u00eatre constat\u00e9s durant la nuit du 28 au 29 d\u00e9cembre, o\u00f9 pr\u00e8s de 800 personnes ont f\u00eat\u00e9 la victoire de l&rsquo;\u00e9quipe nationale d&rsquo;Alg\u00e9rie, n\u00e9cessitant le\u00a0d\u00e9ploiement inopin\u00e9 d&rsquo;un service d&rsquo;ordre destin\u00e9 \u00e0 r\u00e9guler la circulation routi\u00e8re\u00a0fortement perturb\u00e9e, \u00e0 contr\u00f4ler les d\u00e9ambulations des personnes et \u00e0 interpeller des fauteurs de troubles\u00a0\u00bb, a pr\u00e9cis\u00e9 la Pr\u00e9fecture dans son arr\u00eat\u00e9, tout en rappelant que \u00ab\u00a0la menace terroriste reste \u00e9lev\u00e9e dans le d\u00e9partement comme sur\u00a0l&rsquo;ensemble du territoire national\u00a0\u00bb et que \u00ab\u00a0les f\u00eates de No\u00ebl et de fin d&rsquo;ann\u00e9e sont l&rsquo;occasion de rassemblements de population et constituent des \u00e9v\u00e9nements symboliques susceptibles d&rsquo;\u00eatre vis\u00e9s par des attaques terroristes\u00a0\u00bb.<\/p>\n","protected":false},"excerpt":{"rendered":"Afin d&rsquo;anticiper d&rsquo;\u00e9ventuels nouveaux d\u00e9bordements lors du prochain match des \u00ab\u00a0Fennecs\u00a0\u00bb, la Pr\u00e9fecture des Bouches-du-Rh\u00f4ne a pris des&hellip;\n","protected":false},"author":2,"featured_media":630415,"comment_status":"","ping_status":"","sticky":false,"template":"","format":"standard","meta":{"footnotes":""},"categories":[2814],"tags":[17,1111,11,71594,3542,36078,1777,674,1011,27,18614,884,955,12,10542,882,25,69048,60],"class_list":{"0":"post-630414","1":"post","2":"type-post","3":"status-publish","4":"format-standard","5":"has-post-thumbnail","7":"category-marseille","8":"tag-17","9":"tag-actu","10":"tag-actualites","11":"tag-can","12":"tag-circulation","13":"tag-coupee","14":"tag-eu","15":"tag-europe","16":"tag-fr","17":"tag-france","18":"tag-lalgerie","19":"tag-marseille","20":"tag-match","21":"tag-news","22":"tag-nouvel","23":"tag-provence-alpes-cote-dazur","24":"tag-republique-francaise","25":"tag-reveillon","26":"tag-sports"},"share_on_mastodon":{"url":"https:\/\/pubeurope.com\/@fr\/115809945179543205","error":""},"_links":{"self":[{"href":"https:\/\/www.europesays.com\/fr\/wp-json\/wp\/v2\/posts\/630414","targetHints":{"allow":["GET"]}}],"collection":[{"href":"https:\/\/www.europesays.com\/fr\/wp-json\/wp\/v2\/posts"}],"about":[{"href":"https:\/\/www.europesays.com\/fr\/wp-json\/wp\/v2\/types\/post"}],"author":[{"embeddable":true,"href":"https:\/\/www.europesays.com\/fr\/wp-json\/wp\/v2\/users\/2"}],"replies":[{"embeddable":true,"href":"https:\/\/www.europesays.com\/fr\/wp-json\/wp\/v2\/comments?post=630414"}],"version-history":[{"count":0,"href":"https:\/\/www.europesays.com\/fr\/wp-json\/wp\/v2\/posts\/630414\/revisions"}],"wp:featuredmedia":[{"embeddable":true,"href":"https:\/\/www.europesays.com\/fr\/wp-json\/wp\/v2\/media\/630415"}],"wp:attachment":[{"href":"https:\/\/www.europesays.com\/fr\/wp-json\/wp\/v2\/media?parent=630414"}],"wp:term":[{"taxonomy":"category","embeddable":true,"href":"https:\/\/www.europesays.com\/fr\/wp-json\/wp\/v2\/categories?post=630414"},{"taxonomy":"post_tag","embeddable":true,"href":"https:\/\/www.europesays.com\/fr\/wp-json\/wp\/v2\/tags?post=630414"}],"curies":[{"name":"wp","href":"https:\/\/api.w.org\/{rel}","templated":true}]}}