{"id":630416,"date":"2025-12-30T18:31:15","date_gmt":"2025-12-30T18:31:15","guid":{"rendered":"https:\/\/www.europesays.com\/fr\/630416\/"},"modified":"2025-12-30T18:31:15","modified_gmt":"2025-12-30T18:31:15","slug":"circulation-interdite-dans-ce-secteur","status":"publish","type":"post","link":"https:\/\/www.europesays.com\/fr\/630416\/","title":{"rendered":"circulation interdite dans ce secteur"},"content":{"rendered":"<p>                    Par<br \/>\n        <strong><br \/>\n            <a href=\"https:\/\/actu.fr\/auteur\/fabien-binacchi\" title=\"Consulter tous les articles de Fabien Binacchi\" target=\"_blank\" rel=\"noopener\">Fabien Binacchi<\/a><br \/>\n                    <\/strong><\/p>\n<p>        Publi\u00e9 le<\/p>\n<p>            30 d\u00e9c. 2025 \u00e0 17h44        <\/p>\n<p>Les forces de l\u2019ordre et de secours s\u2019attendent \u00e0 une nuit agit\u00e9e pour la Saint-Sylvestre \u00e0 <a href=\"https:\/\/actu.fr\/marseille\/\" target=\"_blank\" rel=\"noopener\">Marseille.<\/a> Ce 31\u00a0d\u00e9cembre 2025, la pr\u00e9fecture de police d\u00e9l\u00e9gu\u00e9e des <a href=\"https:\/\/actu.fr\/provence-alpes-cote-d-azur\/bouches-du-rhone_13\" target=\"_blank\" rel=\"noopener\">Bouches-du-Rh\u00f4ne<\/a> annonce d\u2019ailleurs <strong>une mesure exceptionnelle pour cet \u00e9v\u00e9nement<\/strong> dans la cit\u00e9 phoc\u00e9enne\u2009: la fermeture d\u2019une partie des voies du <a href=\"https:\/\/actu.fr\/tag\/vieux-port\" target=\"_blank\" rel=\"noopener\">Vieux-Port<\/a> \u00e0 la circulation routi\u00e8re.<\/p>\n<p class=\" wall-content\">On vous explique.<\/p>\n<p>Un match de la CAN mercredi soir<\/p>\n<p class=\" wall-content\">C\u2019est une d\u00e9cision prise dans le cadre de deux \u00e9v\u00e9nements concomitants. Ce mercredi 31\u00a0d\u00e9cembre 2025, en plus du passage \u00e0 la nouvelle ann\u00e9e, un match de la Coupe d\u2019Afrique des nations (CAN) pourrait faire s\u2019\u00e9chauffer les esprits \u00e0 Marseille, craint la pr\u00e9fecture de police d\u00e9l\u00e9gu\u00e9e des Bouches-du-Rh\u00f4ne. Dans un arr\u00eat\u00e9, elle cible clairement la rencontre <strong>opposant la Guin\u00e9e \u00e9quatoriale \u00e0 l\u2019Alg\u00e9rie<\/strong> qui sera jou\u00e9e \u00e0 partir de 17h.<\/p>\n<p class=\" wall-content\">\u00ab\u2009Le r\u00e9sultat de certains matches engendre des r\u00e9actions provoquant des rassemblements de plusieurs centaines de personnes [\u2026] dans le centre-ville\u2009\u00bb, avancent les autorit\u00e9s pour justifier <strong>l\u2019arr\u00eat de la circulation d\u00e8s 18h, mercredi,<\/strong> sur les axes suivants\u2009:<\/p>\n<ul class=\" wall-content\">\n<li>Quai du Port, entre la rue de la Bonneterie et le Quai des Belges<\/li>\n<li>Rue de la R\u00e9publique, entre la rue Coutellerie et le Quai des Belges<\/li>\n<li>Quai des Belges, de la rue de la R\u00e9publique jusqu\u2019\u00e0 l\u2019angle du Cours Jean-Ballard.<\/li>\n<\/ul>\n<p class=\" wall-content\">\n<p>Des interpellations dans la nuit de dimanche \u00e0 lundi<\/p>\n<p class=\" wall-content\">La pr\u00e9fecture rappelle que des \u00ab\u2009d\u00e9bordements ont pu \u00eatre constat\u00e9s\u2009\u00bb sur place \u00ab\u2009durant la nuit du 28 au 29\u00a0d\u00e9cembre 2025 o\u00f9 <strong>pr\u00e8s de 800\u00a0personnes<\/strong> ont f\u00eat\u00e9 la victoire de l\u2019\u00e9quipe nationale d\u2019Alg\u00e9rie\u2009\u00bb. Ces faits ont n\u00e9cessit\u00e9 \u00ab\u2009le d\u00e9ploiement inopin\u00e9 d\u2019un service d\u2019ordre destin\u00e9 \u00e0 r\u00e9guler la circulation routi\u00e8re fortement perturb\u00e9e, \u00e0 contr\u00f4ler les d\u00e9ambulations des personnes et \u00e0 interpeller des fauteurs de troubles\u2009\u00bb, appuie-t-elle.<\/p>\n<p class=\" wall-content\">Si vous \u00eates en voiture, il faudra donc \u00e9viter le secteur, <strong>au moins jusqu\u2019\u00e0 2h du matin<\/strong> le jeudi\u00a01er 2026. C\u2019est l\u2019horaire pr\u00e9vu pour la r\u00e9ouverture des axes concern\u00e9s, si tout va bien. Elle \u00ab\u2009sera effective si l\u2019\u00e9tat des routes le permet et qu\u2019aucun obstacle \u00e0 la circulation n\u2019y est pr\u00e9sent\u2009\u00bb, pr\u00e9cisent encore les services de l\u2019\u00c9tat dans un arr\u00eat\u00e9 pr\u00e9fectoral.<\/p>\n<p>Votre r\u00e9gion, votre actu !<\/p>\n<p>Recevez chaque jour les infos qui comptent pour vous.<\/p>\n<p>\t<a href=\"https:\/\/actu.fr\/newsletter\" class=\"ac-btn ac-btn--corner ac-btn--medium ac-btn--blue800\" target=\"_blank\" rel=\"noopener\">S&rsquo;incrire<\/a><br \/>\nDes CRS dans les \u00ab\u2009zones les plus sensibles\u2009\u00bb<\/p>\n<p class=\" wall-content\">Sans \u00e9voquer de chiffres, les autorit\u00e9s assurent que \u00ab\u2009les policiers et gendarmes du d\u00e9partement et les militaires de la force Sentinelle seront d\u00e9ploy\u00e9s \u00e0 travers <strong>une pr\u00e9sence physique visible, dissuasive et g\u00e9n\u00e9ralis\u00e9e<\/strong>\u2009\u00bb pour cette soir\u00e9e \u00e0 haut risque.<\/p>\n<blockquote class=\"ac-article-quote wall-content\">\n<p>Plusieurs compagnies de CRS seront \u00e9galement mobilis\u00e9es dans les quartiers et zones les plus sensibles aux ph\u00e9nom\u00e8nes de violences urbaines. Ils seront d\u00e9ploy\u00e9s afin d&rsquo;intervenir le plus rapidement possible sur d&rsquo;\u00e9ventuels troubles \u00e0 l&rsquo;ordre public.<\/p>\n<p>    <strong>La pr\u00e9fecture de police d\u00e9l\u00e9gu\u00e9e des Bouches-du-Rh\u00f4ne<\/strong>\n            <\/p><\/blockquote>\n<p class=\" wall-content\">Des arr\u00eat\u00e9s ont \u00e9galement \u00e9t\u00e9 pris pour <strong>interdire l\u2019utilisation de feux d\u2019artifice<\/strong> et pour <strong>r\u00e9glementer la vente de carburants,<\/strong> gaz inflammables et autres produits combustibles.<\/p>\n<p class=\" wall-content\">Personnalisez votre actualit\u00e9 en ajoutant vos villes et m\u00e9dias en favori avec <a href=\"https:\/\/moncompte.actu.fr\" title=\"D\u00e9couvez Mon Actu\" rel=\"nofollow noopener\" data-trk=\"{&quot;cta&quot;:{&quot;action&quot;:&quot;https:\\\/\\\/moncompte.actu.fr&quot;,&quot;category&quot;:&quot;mon compte&quot;,&quot;from&quot;:&quot;article footer&quot;,&quot;name&quot;:&quot;Mon actu&quot;,&quot;type&quot;:&quot;cta&quot;}}\" target=\"_blank\">Mon Actu<\/a>.<\/p>\n","protected":false},"excerpt":{"rendered":"Par Fabien Binacchi Publi\u00e9 le 30 d\u00e9c. 2025 \u00e0 17h44 Les forces de l\u2019ordre et de secours s\u2019attendent&hellip;\n","protected":false},"author":2,"featured_media":630417,"comment_status":"","ping_status":"","sticky":false,"template":"","format":"standard","meta":{"footnotes":""},"categories":[2814],"tags":[1111,11,3542,1777,674,1011,27,884,12,1072,882,25,104,1179],"class_list":{"0":"post-630416","1":"post","2":"type-post","3":"status-publish","4":"format-standard","5":"has-post-thumbnail","7":"category-marseille","8":"tag-actu","9":"tag-actualites","10":"tag-circulation","11":"tag-eu","12":"tag-europe","13":"tag-fr","14":"tag-france","15":"tag-marseille","16":"tag-news","17":"tag-police","18":"tag-provence-alpes-cote-dazur","19":"tag-republique-francaise","20":"tag-societe","21":"tag-vieux-port"},"share_on_mastodon":{"url":"https:\/\/pubeurope.com\/@fr\/115809949056534327","error":""},"_links":{"self":[{"href":"https:\/\/www.europesays.com\/fr\/wp-json\/wp\/v2\/posts\/630416","targetHints":{"allow":["GET"]}}],"collection":[{"href":"https:\/\/www.europesays.com\/fr\/wp-json\/wp\/v2\/posts"}],"about":[{"href":"https:\/\/www.europesays.com\/fr\/wp-json\/wp\/v2\/types\/post"}],"author":[{"embeddable":true,"href":"https:\/\/www.europesays.com\/fr\/wp-json\/wp\/v2\/users\/2"}],"replies":[{"embeddable":true,"href":"https:\/\/www.europesays.com\/fr\/wp-json\/wp\/v2\/comments?post=630416"}],"version-history":[{"count":0,"href":"https:\/\/www.europesays.com\/fr\/wp-json\/wp\/v2\/posts\/630416\/revisions"}],"wp:featuredmedia":[{"embeddable":true,"href":"https:\/\/www.europesays.com\/fr\/wp-json\/wp\/v2\/media\/630417"}],"wp:attachment":[{"href":"https:\/\/www.europesays.com\/fr\/wp-json\/wp\/v2\/media?parent=630416"}],"wp:term":[{"taxonomy":"category","embeddable":true,"href":"https:\/\/www.europesays.com\/fr\/wp-json\/wp\/v2\/categories?post=630416"},{"taxonomy":"post_tag","embeddable":true,"href":"https:\/\/www.europesays.com\/fr\/wp-json\/wp\/v2\/tags?post=630416"}],"curies":[{"name":"wp","href":"https:\/\/api.w.org\/{rel}","templated":true}]}}